{"id":6454,"date":"2020-11-20T22:19:25","date_gmt":"2020-11-20T22:19:25","guid":{"rendered":"https:\/\/www.altaviadeimontilattari.it\/21-begriffe-323-m\/"},"modified":"2022-07-09T11:37:23","modified_gmt":"2022-07-09T11:37:23","slug":"21-begriffe-323-m","status":"publish","type":"post","link":"https:\/\/www.altaviadeimontilattari.it\/de\/21-begriffe-323-m\/","title":{"rendered":"21. Begriffe (323 m)"},"content":{"rendered":"<p>Die Alta Via dei Monti Lattari endet in Termini, einem Ortsteil von Massa Lubrense.<\/p>\n<p>Von Punta Campanella entlang der gesamten Via Minerva bis zum 3,2 km entfernten Zentrum des Dorfes Termini. Die kleine Stra\u00dfe ist gut gepflegt und leicht zu gehen. Unterwegs sto\u00dfen Sie auf die Abzweigung nach <strong> Cala di Mitiglian <\/strong> oder einem wundersch\u00f6nen Strand zwischen Kieselsteinen und Felsen mit Blick auf Capri. Wir empfehlen einen Besuch.<\/p>\n<p>Schlie\u00dflich erreichen wir die Piazza Belvedere di Termini mit der nahe gelegenen Kirche Santa Croce, wo es m\u00f6glich ist, sich ein wenig auszuruhen und den Blick auf Capri und die terrassierten Felder und Zitronenhaine zu genie\u00dfen.<\/p>\n<p>Termini ist ein kleines Dorf und durch seine h\u00fcgelige Lage ein sch\u00f6ner Ausgangspunkt f\u00fcr viele Ausfl\u00fcge zu den bereits auf dem 300CAI erw\u00e4hnten Orten, wie <em> <strong> <a href = \"https:\/\/altaviadeimontilattari.it\/4- 20-Punta-Campanella-100-m \/ \"> Punta Campanella <\/a> und <a href=\"https:\/\/altaviadeimontilattari.it\/19-monte-san-costanzo-490-m\/\"> Monte San Costanzo < \/ a> <\/strong> <\/em> , aber auch andere Gebiete der <em> <strong> Halbinsel von Sorrent <\/strong> <\/em> von naturalistischem und historischem Interesse wie <strong> Cala Mitigliano <\/strong> , die <strong> Baia delle Sirene <\/strong> , die <strong> Baia di Ieranto <\/strong> und die <strong> Pineta per Nerano <\/strong> .<\/p>\n\n<div class=\"wp-block-jetpack-tiled-gallery aligncenter is-style-rectangular\"><div class=\"tiled-gallery__gallery\"><div class=\"tiled-gallery__row\"><div class=\"tiled-gallery__col\" style=\"flex-basis:61.34840%\"><figure class=\"tiled-gallery__item\"><img decoding=\"async\" role=\"button\" tabindex=\"0\" aria-label=\"Bild\u00a01 von 7 im Vollbildmodus \u00f6ffnen\"srcset=\"https:\/\/i1.wp.com\/www.altaviadeimontilattari.it\/wp-content\/uploads\/2021\/06\/punta-c-1-2.jpg?strip=info&#038;w=600&#038;ssl=1 600w,https:\/\/i1.wp.com\/www.altaviadeimontilattari.it\/wp-content\/uploads\/2021\/06\/punta-c-1-2.jpg?strip=info&#038;w=900&#038;ssl=1 900w,https:\/\/i1.wp.com\/www.altaviadeimontilattari.it\/wp-content\/uploads\/2021\/06\/punta-c-1-2.jpg?strip=info&#038;w=1024&#038;ssl=1 1024w\" alt=\"Via Minerva verso Punta Campanella\" data-height=\"560\" data-id=\"3717\" data-link=\"https:\/\/altaviadeimontilattari.it\/4-21-termini-323-m\/punta-c-1-2\/\" data-url=\"https:\/\/altaviadeimontilattari.it\/wp-content\/uploads\/2021\/06\/punta-c-1-2.jpg\" data-width=\"1024\" src=\"https:\/\/i1.wp.com\/www.altaviadeimontilattari.it\/wp-content\/uploads\/2021\/06\/punta-c-1-2.jpg?ssl=1\" data-amp-layout=\"responsive\"\/><\/figure><figure class=\"tiled-gallery__item\"><img decoding=\"async\" role=\"button\" tabindex=\"0\" aria-label=\"Bild\u00a02 von 7 im Vollbildmodus \u00f6ffnen\"srcset=\"https:\/\/i0.wp.com\/www.altaviadeimontilattari.it\/wp-content\/uploads\/2020\/11\/cala_mitigliano_2-1024x576.jpg?strip=info&#038;w=600&#038;ssl=1 600w,https:\/\/i0.wp.com\/www.altaviadeimontilattari.it\/wp-content\/uploads\/2020\/11\/cala_mitigliano_2-1024x576.jpg?strip=info&#038;w=900&#038;ssl=1 900w,https:\/\/i0.wp.com\/www.altaviadeimontilattari.it\/wp-content\/uploads\/2020\/11\/cala_mitigliano_2-1024x576.jpg?strip=info&#038;w=1200&#038;ssl=1 1200w,https:\/\/i0.wp.com\/www.altaviadeimontilattari.it\/wp-content\/uploads\/2020\/11\/cala_mitigliano_2-1024x576.jpg?strip=info&#038;w=1500&#038;ssl=1 1500w,https:\/\/i0.wp.com\/www.altaviadeimontilattari.it\/wp-content\/uploads\/2020\/11\/cala_mitigliano_2-1024x576.jpg?strip=info&#038;w=1800&#038;ssl=1 1800w,https:\/\/i0.wp.com\/www.altaviadeimontilattari.it\/wp-content\/uploads\/2020\/11\/cala_mitigliano_2-1024x576.jpg?strip=info&#038;w=1822&#038;ssl=1 1822w\" alt=\"Cala Mitigliano dal sentiero\" data-height=\"1024\" data-id=\"4057\" data-link=\"https:\/\/altaviadeimontilattari.it\/4-21-termini-323-m\/cala_mitigliano_2\/\" data-url=\"https:\/\/altaviadeimontilattari.it\/wp-content\/uploads\/2020\/11\/cala_mitigliano_2-1024x576.jpg\" data-width=\"1822\" src=\"https:\/\/i0.wp.com\/www.altaviadeimontilattari.it\/wp-content\/uploads\/2020\/11\/cala_mitigliano_2-1024x576.jpg?ssl=1\" data-amp-layout=\"responsive\"\/><\/figure><\/div><div class=\"tiled-gallery__col\" style=\"flex-basis:38.65160%\"><figure class=\"tiled-gallery__item\"><img decoding=\"async\" role=\"button\" tabindex=\"0\" aria-label=\"Bild\u00a03 von 7 im Vollbildmodus \u00f6ffnen\"srcset=\"https:\/\/i0.wp.com\/www.altaviadeimontilattari.it\/wp-content\/uploads\/2020\/11\/via_minerva-576x1024.jpg?strip=info&#038;w=600&#038;ssl=1 600w,https:\/\/i0.wp.com\/www.altaviadeimontilattari.it\/wp-content\/uploads\/2020\/11\/via_minerva-576x1024.jpg?strip=info&#038;w=900&#038;ssl=1 900w,https:\/\/i0.wp.com\/www.altaviadeimontilattari.it\/wp-content\/uploads\/2020\/11\/via_minerva-576x1024.jpg?strip=info&#038;w=1024&#038;ssl=1 1024w\" alt=\"Via Minerva verso Punta Campanella\" data-height=\"1822\" data-id=\"4058\" data-link=\"https:\/\/altaviadeimontilattari.it\/4-21-termini-323-m\/via_minerva\/\" data-url=\"https:\/\/altaviadeimontilattari.it\/wp-content\/uploads\/2020\/11\/via_minerva-576x1024.jpg\" data-width=\"1024\" src=\"https:\/\/i0.wp.com\/www.altaviadeimontilattari.it\/wp-content\/uploads\/2020\/11\/via_minerva-576x1024.jpg?ssl=1\" data-amp-layout=\"responsive\"\/><\/figure><\/div><\/div><div class=\"tiled-gallery__row\"><div class=\"tiled-gallery__col\" style=\"flex-basis:66.54448%\"><figure class=\"tiled-gallery__item\"><img decoding=\"async\" role=\"button\" tabindex=\"0\" aria-label=\"Bild\u00a04 von 7 im Vollbildmodus \u00f6ffnen\"srcset=\"https:\/\/i2.wp.com\/www.altaviadeimontilattari.it\/wp-content\/uploads\/2020\/11\/Termini_Belvedere.jpg?strip=info&#038;w=600&#038;ssl=1 600w,https:\/\/i2.wp.com\/www.altaviadeimontilattari.it\/wp-content\/uploads\/2020\/11\/Termini_Belvedere.jpg?strip=info&#038;w=630&#038;ssl=1 630w\" alt=\"Belvedere Termini\" data-height=\"418\" data-id=\"4059\" data-link=\"https:\/\/altaviadeimontilattari.it\/4-21-termini-323-m\/termini_belvedere\/\" data-url=\"https:\/\/altaviadeimontilattari.it\/wp-content\/uploads\/2020\/11\/Termini_Belvedere.jpg\" data-width=\"630\" src=\"https:\/\/i2.wp.com\/www.altaviadeimontilattari.it\/wp-content\/uploads\/2020\/11\/Termini_Belvedere.jpg?ssl=1\" data-amp-layout=\"responsive\"\/><\/figure><\/div><div class=\"tiled-gallery__col\" style=\"flex-basis:33.45552%\"><figure class=\"tiled-gallery__item\"><img decoding=\"async\" role=\"button\" tabindex=\"0\" aria-label=\"Bild\u00a05 von 7 im Vollbildmodus \u00f6ffnen\"srcset=\"https:\/\/i0.wp.com\/www.altaviadeimontilattari.it\/wp-content\/uploads\/2020\/11\/bivio_cala_mitigliano-1024x576.jpg?strip=info&#038;w=600&#038;ssl=1 600w,https:\/\/i0.wp.com\/www.altaviadeimontilattari.it\/wp-content\/uploads\/2020\/11\/bivio_cala_mitigliano-1024x576.jpg?strip=info&#038;w=900&#038;ssl=1 900w,https:\/\/i0.wp.com\/www.altaviadeimontilattari.it\/wp-content\/uploads\/2020\/11\/bivio_cala_mitigliano-1024x576.jpg?strip=info&#038;w=1200&#038;ssl=1 1200w,https:\/\/i0.wp.com\/www.altaviadeimontilattari.it\/wp-content\/uploads\/2020\/11\/bivio_cala_mitigliano-1024x576.jpg?strip=info&#038;w=1500&#038;ssl=1 1500w,https:\/\/i0.wp.com\/www.altaviadeimontilattari.it\/wp-content\/uploads\/2020\/11\/bivio_cala_mitigliano-1024x576.jpg?strip=info&#038;w=1800&#038;ssl=1 1800w,https:\/\/i0.wp.com\/www.altaviadeimontilattari.it\/wp-content\/uploads\/2020\/11\/bivio_cala_mitigliano-1024x576.jpg?strip=info&#038;w=1822&#038;ssl=1 1822w\" alt=\"Bivio per Cala Mitigliano e Termini\" data-height=\"1024\" data-id=\"4060\" data-link=\"https:\/\/altaviadeimontilattari.it\/4-21-termini-323-m\/bivio_cala_mitigliano\/\" data-url=\"https:\/\/altaviadeimontilattari.it\/wp-content\/uploads\/2020\/11\/bivio_cala_mitigliano-1024x576.jpg\" data-width=\"1822\" src=\"https:\/\/i0.wp.com\/www.altaviadeimontilattari.it\/wp-content\/uploads\/2020\/11\/bivio_cala_mitigliano-1024x576.jpg?ssl=1\" data-amp-layout=\"responsive\"\/><\/figure><figure class=\"tiled-gallery__item\"><img decoding=\"async\" role=\"button\" tabindex=\"0\" aria-label=\"Bild\u00a06 von 7 im Vollbildmodus \u00f6ffnen\"srcset=\"https:\/\/i0.wp.com\/www.altaviadeimontilattari.it\/wp-content\/uploads\/2020\/11\/vista_da_piazza-1024x768.jpg?strip=info&#038;w=600&#038;ssl=1 600w,https:\/\/i0.wp.com\/www.altaviadeimontilattari.it\/wp-content\/uploads\/2020\/11\/vista_da_piazza-1024x768.jpg?strip=info&#038;w=900&#038;ssl=1 900w,https:\/\/i0.wp.com\/www.altaviadeimontilattari.it\/wp-content\/uploads\/2020\/11\/vista_da_piazza-1024x768.jpg?strip=info&#038;w=1200&#038;ssl=1 1200w,https:\/\/i0.wp.com\/www.altaviadeimontilattari.it\/wp-content\/uploads\/2020\/11\/vista_da_piazza-1024x768.jpg?strip=info&#038;w=1365&#038;ssl=1 1365w\" alt=\"Belvedere Termini\" data-height=\"1024\" data-id=\"4061\" data-link=\"https:\/\/altaviadeimontilattari.it\/4-21-termini-323-m\/vista_da_piazza\/\" data-url=\"https:\/\/altaviadeimontilattari.it\/wp-content\/uploads\/2020\/11\/vista_da_piazza-1024x768.jpg\" data-width=\"1365\" src=\"https:\/\/i0.wp.com\/www.altaviadeimontilattari.it\/wp-content\/uploads\/2020\/11\/vista_da_piazza-1024x768.jpg?ssl=1\" data-amp-layout=\"responsive\"\/><\/figure><\/div><\/div><div class=\"tiled-gallery__row\"><div class=\"tiled-gallery__col\" style=\"flex-basis:100.00000%\"><figure class=\"tiled-gallery__item\"><img decoding=\"async\" role=\"button\" tabindex=\"0\" aria-label=\"Bild\u00a07 von 7 im Vollbildmodus \u00f6ffnen\"srcset=\"https:\/\/i2.wp.com\/www.altaviadeimontilattari.it\/wp-content\/uploads\/2020\/11\/Chiesa-SantaCroce-di-Termini.jpg?strip=info&#038;w=600&#038;ssl=1 600w,https:\/\/i2.wp.com\/www.altaviadeimontilattari.it\/wp-content\/uploads\/2020\/11\/Chiesa-SantaCroce-di-Termini.jpg?strip=info&#038;w=850&#038;ssl=1 850w\" alt=\"Chiesa Santa Croce di Termni\" data-height=\"672\" data-id=\"4062\" data-link=\"https:\/\/altaviadeimontilattari.it\/4-21-termini-323-m\/chiesa-santacroce-di-termini\/\" data-url=\"https:\/\/altaviadeimontilattari.it\/wp-content\/uploads\/2020\/11\/Chiesa-SantaCroce-di-Termini.jpg\" data-width=\"850\" src=\"https:\/\/i2.wp.com\/www.altaviadeimontilattari.it\/wp-content\/uploads\/2020\/11\/Chiesa-SantaCroce-di-Termini.jpg?ssl=1\" data-amp-layout=\"responsive\"\/><\/figure><\/div><\/div><\/div><\/div>\r\n<div style=\"margin: 20px 0;\"><div class=\"qrcswholewtapper\" style=\"text-align:left;\"><div class=\"qrcprowrapper\"  id=\"qrcwraa2leds\"><div class=\"qrc_canvass\" id=\"qrc_cuttenpages_2\" style=\"display:inline-block\" data-text=\"https:\/\/www.altaviadeimontilattari.it\/de\/21-begriffe-323-m\/\"><\/div><div><a download=\"21. Begriffe (323 m).png\" class=\"qrcdownloads\" id=\"worign\">\r\n           <button type=\"button\" style=\"min-width:200px;background:#81ea00;color:#000;font-weight: 600;border: 1px solid #dddddd;border-radius:4px;font-size:12px;padding: 6px 0;\" class=\"uqr_code_btn\">Download QR<\/button>\r\n           <\/a><\/div><\/div><\/div><\/div>","protected":false},"excerpt":{"rendered":"<p>Die Alta Via dei Monti Lattari endet in Termini, einem Ortsteil von Massa Lubrense. Von Punta Campanella entlang der gesamten Via Minerva bis zum 3,2 km entfernten Zentrum des Dorfes Termini. Die kleine Stra\u00dfe ist gut gepflegt und leicht zu gehen. Unterwegs sto\u00dfen Sie auf die Abzweigung nach Cala di Mitiglian oder einem wundersch\u00f6nen Strand&hellip;&nbsp;<a href=\"https:\/\/www.altaviadeimontilattari.it\/de\/21-begriffe-323-m\/\" rel=\"bookmark\">Mehr lesen &raquo;<span class=\"screen-reader-text\">21. Begriffe (323 m)<\/span><\/a><\/p>\n","protected":false},"author":2,"featured_media":5209,"comment_status":"open","ping_status":"closed","sticky":false,"template":"","format":"standard","meta":{"neve_meta_sidebar":"","neve_meta_container":"","neve_meta_enable_content_width":"","neve_meta_content_width":0,"neve_meta_title_alignment":"","neve_meta_author_avatar":"","neve_post_elements_order":"","neve_meta_disable_header":"","neve_meta_disable_footer":"","neve_meta_disable_title":"","neve_meta_reading_time":"","_themeisle_gutenberg_block_has_review":false,"jetpack_post_was_ever_published":false,"_jetpack_newsletter_access":"","_jetpack_dont_email_post_to_subs":false,"_jetpack_newsletter_tier_id":0,"_jetpack_memberships_contains_paywalled_content":false,"_jetpack_memberships_contains_paid_content":false,"footnotes":""},"categories":[269],"tags":[],"class_list":["post-6454","post","type-post","status-publish","format-standard","has-post-thumbnail","hentry","category-besichtigung-der-alta-via-dei-monti-lattari"],"yoast_head":"<!-- This site is optimized with the Yoast SEO plugin v27.4 - https:\/\/yoast.com\/product\/yoast-seo-wordpress\/ -->\n<title>21. Begriffe (323 m) - Alta Via dei Monti Lattari<\/title>\n<meta name=\"description\" content=\"Die Alta Via dei Monti Lattari endet in Termini, einem Ortsteil von Massa Lubrense. Von Punta Campanella nehmen Sie die Via Minerva nach Termini\" \/>\n<meta name=\"robots\" content=\"index, follow, max-snippet:-1, max-image-preview:large, max-video-preview:-1\" \/>\n<link rel=\"canonical\" href=\"https:\/\/www.altaviadeimontilattari.it\/de\/21-begriffe-323-m\/\" \/>\n<meta property=\"og:locale\" content=\"de_DE\" \/>\n<meta property=\"og:type\" content=\"article\" \/>\n<meta property=\"og:title\" content=\"21. Begriffe (323 m) - Alta Via dei Monti Lattari\" \/>\n<meta property=\"og:description\" content=\"Die Alta Via dei Monti Lattari endet in Termini, einem Ortsteil von Massa Lubrense. Von Punta Campanella nehmen Sie die Via Minerva nach Termini\" \/>\n<meta property=\"og:url\" content=\"https:\/\/www.altaviadeimontilattari.it\/de\/21-begriffe-323-m\/\" \/>\n<meta property=\"og:site_name\" content=\"Alta Via dei Monti Lattari\" \/>\n<meta property=\"article:published_time\" content=\"2020-11-20T22:19:25+00:00\" \/>\n<meta property=\"article:modified_time\" content=\"2022-07-09T11:37:23+00:00\" \/>\n<meta property=\"og:image\" content=\"https:\/\/www.altaviadeimontilattari.it\/wp-content\/uploads\/2020\/11\/portada.jpg\" \/>\n\t<meta property=\"og:image:width\" content=\"2192\" \/>\n\t<meta property=\"og:image:height\" content=\"2192\" \/>\n\t<meta property=\"og:image:type\" content=\"image\/jpeg\" \/>\n<meta name=\"twitter:card\" content=\"summary_large_image\" \/>\n<meta name=\"twitter:label1\" content=\"Verfasst von\" \/>\n\t<meta name=\"twitter:data1\" content=\"\" \/>\n\t<meta name=\"twitter:label2\" content=\"Gesch\u00e4tzte Lesezeit\" \/>\n\t<meta name=\"twitter:data2\" content=\"1\u00a0Minute\" \/>\n<script type=\"application\/ld+json\" class=\"yoast-schema-graph\">{\"@context\":\"https:\\\/\\\/schema.org\",\"@graph\":[{\"@type\":\"Article\",\"@id\":\"https:\\\/\\\/www.altaviadeimontilattari.it\\\/de\\\/21-begriffe-323-m\\\/#article\",\"isPartOf\":{\"@id\":\"https:\\\/\\\/www.altaviadeimontilattari.it\\\/de\\\/21-begriffe-323-m\\\/\"},\"author\":{\"name\":\"\",\"@id\":\"\"},\"headline\":\"21. Begriffe (323 m)\",\"datePublished\":\"2020-11-20T22:19:25+00:00\",\"dateModified\":\"2022-07-09T11:37:23+00:00\",\"mainEntityOfPage\":{\"@id\":\"https:\\\/\\\/www.altaviadeimontilattari.it\\\/de\\\/21-begriffe-323-m\\\/\"},\"wordCount\":176,\"commentCount\":0,\"publisher\":{\"@id\":\"https:\\\/\\\/www.altaviadeimontilattari.it\\\/#organization\"},\"image\":{\"@id\":\"https:\\\/\\\/www.altaviadeimontilattari.it\\\/de\\\/21-begriffe-323-m\\\/#primaryimage\"},\"thumbnailUrl\":\"https:\\\/\\\/i0.wp.com\\\/www.altaviadeimontilattari.it\\\/wp-content\\\/uploads\\\/2020\\\/11\\\/portada.jpg?fit=2192%2C2192&ssl=1\",\"articleSection\":[\"Besichtigung der Alta Via dei Monti Lattari\"],\"inLanguage\":\"de\",\"potentialAction\":[{\"@type\":\"CommentAction\",\"name\":\"Comment\",\"target\":[\"https:\\\/\\\/www.altaviadeimontilattari.it\\\/de\\\/21-begriffe-323-m\\\/#respond\"]}]},{\"@type\":\"WebPage\",\"@id\":\"https:\\\/\\\/www.altaviadeimontilattari.it\\\/de\\\/21-begriffe-323-m\\\/\",\"url\":\"https:\\\/\\\/www.altaviadeimontilattari.it\\\/de\\\/21-begriffe-323-m\\\/\",\"name\":\"21. Begriffe (323 m) - Alta Via dei Monti Lattari\",\"isPartOf\":{\"@id\":\"https:\\\/\\\/www.altaviadeimontilattari.it\\\/#website\"},\"primaryImageOfPage\":{\"@id\":\"https:\\\/\\\/www.altaviadeimontilattari.it\\\/de\\\/21-begriffe-323-m\\\/#primaryimage\"},\"image\":{\"@id\":\"https:\\\/\\\/www.altaviadeimontilattari.it\\\/de\\\/21-begriffe-323-m\\\/#primaryimage\"},\"thumbnailUrl\":\"https:\\\/\\\/i0.wp.com\\\/www.altaviadeimontilattari.it\\\/wp-content\\\/uploads\\\/2020\\\/11\\\/portada.jpg?fit=2192%2C2192&ssl=1\",\"datePublished\":\"2020-11-20T22:19:25+00:00\",\"dateModified\":\"2022-07-09T11:37:23+00:00\",\"description\":\"Die Alta Via dei Monti Lattari endet in Termini, einem Ortsteil von Massa Lubrense. Von Punta Campanella nehmen Sie die Via Minerva nach Termini\",\"breadcrumb\":{\"@id\":\"https:\\\/\\\/www.altaviadeimontilattari.it\\\/de\\\/21-begriffe-323-m\\\/#breadcrumb\"},\"inLanguage\":\"de\",\"potentialAction\":[{\"@type\":\"ReadAction\",\"target\":[\"https:\\\/\\\/www.altaviadeimontilattari.it\\\/de\\\/21-begriffe-323-m\\\/\"]}]},{\"@type\":\"ImageObject\",\"inLanguage\":\"de\",\"@id\":\"https:\\\/\\\/www.altaviadeimontilattari.it\\\/de\\\/21-begriffe-323-m\\\/#primaryimage\",\"url\":\"https:\\\/\\\/i0.wp.com\\\/www.altaviadeimontilattari.it\\\/wp-content\\\/uploads\\\/2020\\\/11\\\/portada.jpg?fit=2192%2C2192&ssl=1\",\"contentUrl\":\"https:\\\/\\\/i0.wp.com\\\/www.altaviadeimontilattari.it\\\/wp-content\\\/uploads\\\/2020\\\/11\\\/portada.jpg?fit=2192%2C2192&ssl=1\",\"width\":2192,\"height\":2192},{\"@type\":\"BreadcrumbList\",\"@id\":\"https:\\\/\\\/www.altaviadeimontilattari.it\\\/de\\\/21-begriffe-323-m\\\/#breadcrumb\",\"itemListElement\":[{\"@type\":\"ListItem\",\"position\":1,\"name\":\"Home\",\"item\":\"https:\\\/\\\/www.altaviadeimontilattari.it\\\/es\\\/\"},{\"@type\":\"ListItem\",\"position\":2,\"name\":\"21. Begriffe (323 m)\"}]},{\"@type\":\"WebSite\",\"@id\":\"https:\\\/\\\/www.altaviadeimontilattari.it\\\/#website\",\"url\":\"https:\\\/\\\/www.altaviadeimontilattari.it\\\/\",\"name\":\"Alta Via dei Monti Lattari\",\"description\":\"La montagna \u00e8 un modo di vivere la vita.\",\"publisher\":{\"@id\":\"https:\\\/\\\/www.altaviadeimontilattari.it\\\/#organization\"},\"potentialAction\":[{\"@type\":\"SearchAction\",\"target\":{\"@type\":\"EntryPoint\",\"urlTemplate\":\"https:\\\/\\\/www.altaviadeimontilattari.it\\\/?s={search_term_string}\"},\"query-input\":{\"@type\":\"PropertyValueSpecification\",\"valueRequired\":true,\"valueName\":\"search_term_string\"}}],\"inLanguage\":\"de\"},{\"@type\":\"Organization\",\"@id\":\"https:\\\/\\\/www.altaviadeimontilattari.it\\\/#organization\",\"name\":\"Alta Via dei Monti Lattari\",\"url\":\"https:\\\/\\\/www.altaviadeimontilattari.it\\\/\",\"logo\":{\"@type\":\"ImageObject\",\"inLanguage\":\"de\",\"@id\":\"https:\\\/\\\/www.altaviadeimontilattari.it\\\/#\\\/schema\\\/logo\\\/image\\\/\",\"url\":\"https:\\\/\\\/i0.wp.com\\\/www.altaviadeimontilattari.it\\\/wp-content\\\/uploads\\\/2020\\\/12\\\/alta_via_monyi_lattari_logo.png?fit=325%2C100&ssl=1\",\"contentUrl\":\"https:\\\/\\\/i0.wp.com\\\/www.altaviadeimontilattari.it\\\/wp-content\\\/uploads\\\/2020\\\/12\\\/alta_via_monyi_lattari_logo.png?fit=325%2C100&ssl=1\",\"width\":325,\"height\":100,\"caption\":\"Alta Via dei Monti Lattari\"},\"image\":{\"@id\":\"https:\\\/\\\/www.altaviadeimontilattari.it\\\/#\\\/schema\\\/logo\\\/image\\\/\"}},{\"@type\":\"Person\",\"@id\":\"\",\"url\":\"https:\\\/\\\/www.altaviadeimontilattari.it\\\/de\\\/author\\\/\"}]}<\/script>\n<!-- \/ Yoast SEO plugin. -->","yoast_head_json":{"title":"21. Begriffe (323 m) - Alta Via dei Monti Lattari","description":"Die Alta Via dei Monti Lattari endet in Termini, einem Ortsteil von Massa Lubrense. Von Punta Campanella nehmen Sie die Via Minerva nach Termini","robots":{"index":"index","follow":"follow","max-snippet":"max-snippet:-1","max-image-preview":"max-image-preview:large","max-video-preview":"max-video-preview:-1"},"canonical":"https:\/\/www.altaviadeimontilattari.it\/de\/21-begriffe-323-m\/","og_locale":"de_DE","og_type":"article","og_title":"21. Begriffe (323 m) - Alta Via dei Monti Lattari","og_description":"Die Alta Via dei Monti Lattari endet in Termini, einem Ortsteil von Massa Lubrense. Von Punta Campanella nehmen Sie die Via Minerva nach Termini","og_url":"https:\/\/www.altaviadeimontilattari.it\/de\/21-begriffe-323-m\/","og_site_name":"Alta Via dei Monti Lattari","article_published_time":"2020-11-20T22:19:25+00:00","article_modified_time":"2022-07-09T11:37:23+00:00","og_image":[{"width":2192,"height":2192,"url":"https:\/\/www.altaviadeimontilattari.it\/wp-content\/uploads\/2020\/11\/portada.jpg","type":"image\/jpeg"}],"twitter_card":"summary_large_image","twitter_misc":{"Verfasst von":"","Gesch\u00e4tzte Lesezeit":"1\u00a0Minute"},"schema":{"@context":"https:\/\/schema.org","@graph":[{"@type":"Article","@id":"https:\/\/www.altaviadeimontilattari.it\/de\/21-begriffe-323-m\/#article","isPartOf":{"@id":"https:\/\/www.altaviadeimontilattari.it\/de\/21-begriffe-323-m\/"},"author":{"name":"","@id":""},"headline":"21. Begriffe (323 m)","datePublished":"2020-11-20T22:19:25+00:00","dateModified":"2022-07-09T11:37:23+00:00","mainEntityOfPage":{"@id":"https:\/\/www.altaviadeimontilattari.it\/de\/21-begriffe-323-m\/"},"wordCount":176,"commentCount":0,"publisher":{"@id":"https:\/\/www.altaviadeimontilattari.it\/#organization"},"image":{"@id":"https:\/\/www.altaviadeimontilattari.it\/de\/21-begriffe-323-m\/#primaryimage"},"thumbnailUrl":"https:\/\/i0.wp.com\/www.altaviadeimontilattari.it\/wp-content\/uploads\/2020\/11\/portada.jpg?fit=2192%2C2192&ssl=1","articleSection":["Besichtigung der Alta Via dei Monti Lattari"],"inLanguage":"de","potentialAction":[{"@type":"CommentAction","name":"Comment","target":["https:\/\/www.altaviadeimontilattari.it\/de\/21-begriffe-323-m\/#respond"]}]},{"@type":"WebPage","@id":"https:\/\/www.altaviadeimontilattari.it\/de\/21-begriffe-323-m\/","url":"https:\/\/www.altaviadeimontilattari.it\/de\/21-begriffe-323-m\/","name":"21. Begriffe (323 m) - Alta Via dei Monti Lattari","isPartOf":{"@id":"https:\/\/www.altaviadeimontilattari.it\/#website"},"primaryImageOfPage":{"@id":"https:\/\/www.altaviadeimontilattari.it\/de\/21-begriffe-323-m\/#primaryimage"},"image":{"@id":"https:\/\/www.altaviadeimontilattari.it\/de\/21-begriffe-323-m\/#primaryimage"},"thumbnailUrl":"https:\/\/i0.wp.com\/www.altaviadeimontilattari.it\/wp-content\/uploads\/2020\/11\/portada.jpg?fit=2192%2C2192&ssl=1","datePublished":"2020-11-20T22:19:25+00:00","dateModified":"2022-07-09T11:37:23+00:00","description":"Die Alta Via dei Monti Lattari endet in Termini, einem Ortsteil von Massa Lubrense. Von Punta Campanella nehmen Sie die Via Minerva nach Termini","breadcrumb":{"@id":"https:\/\/www.altaviadeimontilattari.it\/de\/21-begriffe-323-m\/#breadcrumb"},"inLanguage":"de","potentialAction":[{"@type":"ReadAction","target":["https:\/\/www.altaviadeimontilattari.it\/de\/21-begriffe-323-m\/"]}]},{"@type":"ImageObject","inLanguage":"de","@id":"https:\/\/www.altaviadeimontilattari.it\/de\/21-begriffe-323-m\/#primaryimage","url":"https:\/\/i0.wp.com\/www.altaviadeimontilattari.it\/wp-content\/uploads\/2020\/11\/portada.jpg?fit=2192%2C2192&ssl=1","contentUrl":"https:\/\/i0.wp.com\/www.altaviadeimontilattari.it\/wp-content\/uploads\/2020\/11\/portada.jpg?fit=2192%2C2192&ssl=1","width":2192,"height":2192},{"@type":"BreadcrumbList","@id":"https:\/\/www.altaviadeimontilattari.it\/de\/21-begriffe-323-m\/#breadcrumb","itemListElement":[{"@type":"ListItem","position":1,"name":"Home","item":"https:\/\/www.altaviadeimontilattari.it\/es\/"},{"@type":"ListItem","position":2,"name":"21. Begriffe (323 m)"}]},{"@type":"WebSite","@id":"https:\/\/www.altaviadeimontilattari.it\/#website","url":"https:\/\/www.altaviadeimontilattari.it\/","name":"Alta Via dei Monti Lattari","description":"La montagna \u00e8 un modo di vivere la vita.","publisher":{"@id":"https:\/\/www.altaviadeimontilattari.it\/#organization"},"potentialAction":[{"@type":"SearchAction","target":{"@type":"EntryPoint","urlTemplate":"https:\/\/www.altaviadeimontilattari.it\/?s={search_term_string}"},"query-input":{"@type":"PropertyValueSpecification","valueRequired":true,"valueName":"search_term_string"}}],"inLanguage":"de"},{"@type":"Organization","@id":"https:\/\/www.altaviadeimontilattari.it\/#organization","name":"Alta Via dei Monti Lattari","url":"https:\/\/www.altaviadeimontilattari.it\/","logo":{"@type":"ImageObject","inLanguage":"de","@id":"https:\/\/www.altaviadeimontilattari.it\/#\/schema\/logo\/image\/","url":"https:\/\/i0.wp.com\/www.altaviadeimontilattari.it\/wp-content\/uploads\/2020\/12\/alta_via_monyi_lattari_logo.png?fit=325%2C100&ssl=1","contentUrl":"https:\/\/i0.wp.com\/www.altaviadeimontilattari.it\/wp-content\/uploads\/2020\/12\/alta_via_monyi_lattari_logo.png?fit=325%2C100&ssl=1","width":325,"height":100,"caption":"Alta Via dei Monti Lattari"},"image":{"@id":"https:\/\/www.altaviadeimontilattari.it\/#\/schema\/logo\/image\/"}},{"@type":"Person","@id":"","url":"https:\/\/www.altaviadeimontilattari.it\/de\/author\/"}]}},"jetpack_featured_media_url":"https:\/\/i0.wp.com\/www.altaviadeimontilattari.it\/wp-content\/uploads\/2020\/11\/portada.jpg?fit=2192%2C2192&ssl=1","jetpack-related-posts":[{"id":6516,"url":"https:\/\/www.altaviadeimontilattari.it\/de\/13-das-dorf-santa-maria-al-castello-670-m\/","url_meta":{"origin":6454,"position":0},"title":"13. Das Dorf Santa Maria al Castello (670 m)","author":"Turismo.Ricercattiva","date":"20. November 2020","format":false,"excerpt":"Vom Aufstieg vom Monte Faito , Conocchia und den Molare entlang ihrer S\u00fcdseite erreichen Sie den Sattel vor Monte Comune wo das kleine Dorf Santa Maria al Castello , Bruchteil von Vico Equense , 670 Meter \u00fcber dem Meeresspiegel. Das Dorf thront auf den H\u00fcgeln von Vicenza mit Blick auf\u2026","rel":"","context":"In &quot;Besichtigung der Alta Via dei Monti Lattari&quot;","block_context":{"text":"Besichtigung der Alta Via dei Monti Lattari","link":"https:\/\/www.altaviadeimontilattari.it\/de\/category\/besichtigung-der-alta-via-dei-monti-lattari\/"},"img":{"alt_text":"","src":"https:\/\/i0.wp.com\/www.altaviadeimontilattari.it\/wp-content\/uploads\/2021\/05\/santa-maria-al-castello_3.jpg?fit=1024%2C1024&ssl=1&resize=350%2C200","width":350,"height":200,"srcset":"https:\/\/i0.wp.com\/www.altaviadeimontilattari.it\/wp-content\/uploads\/2021\/05\/santa-maria-al-castello_3.jpg?fit=1024%2C1024&ssl=1&resize=350%2C200 1x, https:\/\/i0.wp.com\/www.altaviadeimontilattari.it\/wp-content\/uploads\/2021\/05\/santa-maria-al-castello_3.jpg?fit=1024%2C1024&ssl=1&resize=525%2C300 1.5x, https:\/\/i0.wp.com\/www.altaviadeimontilattari.it\/wp-content\/uploads\/2021\/05\/santa-maria-al-castello_3.jpg?fit=1024%2C1024&ssl=1&resize=700%2C400 2x"},"classes":[]},{"id":6132,"url":"https:\/\/www.altaviadeimontilattari.it\/de\/24-termini-punta-campanella\/","url_meta":{"origin":6454,"position":1},"title":"24. Termini &#8211; Punta Campanella","author":"","date":"23. Februar 2022","format":false,"excerpt":"von Termini (Massa Lubrense) nach Punta Campanella und Monte San Costanzo Dauer: 6,4 km Fahrzeit: 4h 30 ' Route - Nicht sehr anspruchsvolle Wanderung. Bedenken Sie jedoch, dass die knapp \u00fcber 400 H\u00f6henmeter von Punta Campanella bis zum Gipfel des Monte San Costanzo vollst\u00e4ndig der Sonne ausgesetzt sind. Anfahrt -\u2026","rel":"","context":"In &quot;Wanderwege&quot;","block_context":{"text":"Wanderwege","link":"https:\/\/www.altaviadeimontilattari.it\/de\/category\/wanderwege\/"},"img":{"alt_text":"","src":"https:\/\/i0.wp.com\/www.altaviadeimontilattari.it\/wp-content\/uploads\/2022\/03\/IMG_36641.jpg?resize=350%2C200&ssl=1","width":350,"height":200,"srcset":"https:\/\/i0.wp.com\/www.altaviadeimontilattari.it\/wp-content\/uploads\/2022\/03\/IMG_36641.jpg?resize=350%2C200&ssl=1 1x, https:\/\/i0.wp.com\/www.altaviadeimontilattari.it\/wp-content\/uploads\/2022\/03\/IMG_36641.jpg?resize=525%2C300&ssl=1 1.5x, https:\/\/i0.wp.com\/www.altaviadeimontilattari.it\/wp-content\/uploads\/2022\/03\/IMG_36641.jpg?resize=700%2C400&ssl=1 2x, https:\/\/i0.wp.com\/www.altaviadeimontilattari.it\/wp-content\/uploads\/2022\/03\/IMG_36641.jpg?resize=1050%2C600&ssl=1 3x, https:\/\/i0.wp.com\/www.altaviadeimontilattari.it\/wp-content\/uploads\/2022\/03\/IMG_36641.jpg?resize=1400%2C800&ssl=1 4x"},"classes":[]},{"id":6460,"url":"https:\/\/www.altaviadeimontilattari.it\/de\/20-punta-campanella-100-m\/","url_meta":{"origin":6454,"position":2},"title":"20. Punta Campanella (100 m)","author":"Turismo.Ricercattiva","date":"20. November 2020","format":false,"excerpt":"Vom Monte San Constanzo bis Die Spitze der Halbinsel von Sorrent ist etwas mehr als 3 km entfernt. \u00dcberqueren Sie die Pineta di San Constanzo und beginnen Sie unter dem Gipfel des Monte Santa Croce den langen Abstieg nach Punta Campanella . Dieser letzte Abschnitt hei\u00dft Pezzalonga , auf der\u2026","rel":"","context":"In &quot;Besichtigung der Alta Via dei Monti Lattari&quot;","block_context":{"text":"Besichtigung der Alta Via dei Monti Lattari","link":"https:\/\/www.altaviadeimontilattari.it\/de\/category\/besichtigung-der-alta-via-dei-monti-lattari\/"},"img":{"alt_text":"","src":"https:\/\/i0.wp.com\/www.altaviadeimontilattari.it\/wp-content\/uploads\/2020\/11\/portada-1.jpg?fit=1200%2C1200&ssl=1&resize=350%2C200","width":350,"height":200,"srcset":"https:\/\/i0.wp.com\/www.altaviadeimontilattari.it\/wp-content\/uploads\/2020\/11\/portada-1.jpg?fit=1200%2C1200&ssl=1&resize=350%2C200 1x, https:\/\/i0.wp.com\/www.altaviadeimontilattari.it\/wp-content\/uploads\/2020\/11\/portada-1.jpg?fit=1200%2C1200&ssl=1&resize=525%2C300 1.5x, https:\/\/i0.wp.com\/www.altaviadeimontilattari.it\/wp-content\/uploads\/2020\/11\/portada-1.jpg?fit=1200%2C1200&ssl=1&resize=700%2C400 2x, https:\/\/i0.wp.com\/www.altaviadeimontilattari.it\/wp-content\/uploads\/2020\/11\/portada-1.jpg?fit=1200%2C1200&ssl=1&resize=1050%2C600 3x"},"classes":[]},{"id":6604,"url":"https:\/\/www.altaviadeimontilattari.it\/de\/2-acquafredda-897-m\/","url_meta":{"origin":6454,"position":3},"title":"2. Acquafredda (897 m)","author":"Turismo.Ricercattiva","date":"20. November 2020","format":false,"excerpt":"Die Acquafredda-Quelle, auch bekannt als \u201eScetate, die juorno\u201c, ist eine Ortschaft in der N\u00e4he des Monte dell\u2019Avvocata.","rel":"","context":"In &quot;Besichtigung der Alta Via dei Monti Lattari&quot;","block_context":{"text":"Besichtigung der Alta Via dei Monti Lattari","link":"https:\/\/www.altaviadeimontilattari.it\/de\/category\/besichtigung-der-alta-via-dei-monti-lattari\/"},"img":{"alt_text":"","src":"https:\/\/i0.wp.com\/www.altaviadeimontilattari.it\/wp-content\/uploads\/2020\/12\/IMG_20201031_074335.jpg?fit=1000%2C1000&ssl=1&resize=350%2C200","width":350,"height":200,"srcset":"https:\/\/i0.wp.com\/www.altaviadeimontilattari.it\/wp-content\/uploads\/2020\/12\/IMG_20201031_074335.jpg?fit=1000%2C1000&ssl=1&resize=350%2C200 1x, https:\/\/i0.wp.com\/www.altaviadeimontilattari.it\/wp-content\/uploads\/2020\/12\/IMG_20201031_074335.jpg?fit=1000%2C1000&ssl=1&resize=525%2C300 1.5x, https:\/\/i0.wp.com\/www.altaviadeimontilattari.it\/wp-content\/uploads\/2020\/12\/IMG_20201031_074335.jpg?fit=1000%2C1000&ssl=1&resize=700%2C400 2x"},"classes":[]},{"id":6140,"url":"https:\/\/www.altaviadeimontilattari.it\/de\/23-nerano-baia-di-jeranto\/","url_meta":{"origin":6454,"position":4},"title":"23. Nerano &#8211; Baia di Jeranto","author":"","date":"22. Februar 2022","format":false,"excerpt":"von Nerano zur F.A.I. von Jeranto Bay mit einem Besuch der ehemaligen ILVA-Minenanlage Dauer: 6,4 km Fahrzeit: 4h 30 ' Weg - Die Wanderung stellt keine besonderen Schwierigkeiten dar und ist sehr angenehm, da man in den Gew\u00e4ssern der bezaubernden Bucht von Jeranto baden kann. Interessant ist auch die Besichtigung\u2026","rel":"","context":"In &quot;Wanderwege&quot;","block_context":{"text":"Wanderwege","link":"https:\/\/www.altaviadeimontilattari.it\/de\/category\/wanderwege\/"},"img":{"alt_text":"","src":"https:\/\/i0.wp.com\/www.altaviadeimontilattari.it\/wp-content\/uploads\/2022\/03\/IMG_36631.jpg?resize=350%2C200&ssl=1","width":350,"height":200,"srcset":"https:\/\/i0.wp.com\/www.altaviadeimontilattari.it\/wp-content\/uploads\/2022\/03\/IMG_36631.jpg?resize=350%2C200&ssl=1 1x, https:\/\/i0.wp.com\/www.altaviadeimontilattari.it\/wp-content\/uploads\/2022\/03\/IMG_36631.jpg?resize=525%2C300&ssl=1 1.5x, https:\/\/i0.wp.com\/www.altaviadeimontilattari.it\/wp-content\/uploads\/2022\/03\/IMG_36631.jpg?resize=700%2C400&ssl=1 2x, https:\/\/i0.wp.com\/www.altaviadeimontilattari.it\/wp-content\/uploads\/2022\/03\/IMG_36631.jpg?resize=1050%2C600&ssl=1 3x, https:\/\/i0.wp.com\/www.altaviadeimontilattari.it\/wp-content\/uploads\/2022\/03\/IMG_36631.jpg?resize=1400%2C800&ssl=1 4x"},"classes":[]},{"id":6596,"url":"https:\/\/www.altaviadeimontilattari.it\/de\/3-monte-dellavvocata-heiligtum-865-m\/","url_meta":{"origin":6454,"position":5},"title":"3. Monte dell\u2019Avvocata \u2013 Heiligtum (865 m)","author":"Turismo.Ricercattiva","date":"20. November 2020","format":false,"excerpt":"Eine Erfrischung f\u00fcr K\u00f6rper und Geist ist die Wallfahrtskirche in der N\u00e4he des Monte dell'Avvocata, die pr\u00e4zise auf einem Gipfel des Monte Falerzio aufgeh\u00e4ngt ist.","rel":"","context":"In &quot;Besichtigung der Alta Via dei Monti Lattari&quot;","block_context":{"text":"Besichtigung der Alta Via dei Monti Lattari","link":"https:\/\/www.altaviadeimontilattari.it\/de\/category\/besichtigung-der-alta-via-dei-monti-lattari\/"},"img":{"alt_text":"","src":"https:\/\/i0.wp.com\/www.altaviadeimontilattari.it\/wp-content\/uploads\/2020\/12\/monte_avvocata-1.jpg?fit=1000%2C1000&ssl=1&resize=350%2C200","width":350,"height":200,"srcset":"https:\/\/i0.wp.com\/www.altaviadeimontilattari.it\/wp-content\/uploads\/2020\/12\/monte_avvocata-1.jpg?fit=1000%2C1000&ssl=1&resize=350%2C200 1x, https:\/\/i0.wp.com\/www.altaviadeimontilattari.it\/wp-content\/uploads\/2020\/12\/monte_avvocata-1.jpg?fit=1000%2C1000&ssl=1&resize=525%2C300 1.5x, https:\/\/i0.wp.com\/www.altaviadeimontilattari.it\/wp-content\/uploads\/2020\/12\/monte_avvocata-1.jpg?fit=1000%2C1000&ssl=1&resize=700%2C400 2x"},"classes":[]}],"jetpack_shortlink":"https:\/\/wp.me\/pcGNaV-1G6","jetpack_sharing_enabled":true,"_links":{"self":[{"href":"https:\/\/www.altaviadeimontilattari.it\/de\/wp-json\/wp\/v2\/posts\/6454","targetHints":{"allow":["GET"]}}],"collection":[{"href":"https:\/\/www.altaviadeimontilattari.it\/de\/wp-json\/wp\/v2\/posts"}],"about":[{"href":"https:\/\/www.altaviadeimontilattari.it\/de\/wp-json\/wp\/v2\/types\/post"}],"author":[{"embeddable":true,"href":"https:\/\/www.altaviadeimontilattari.it\/de\/wp-json\/wp\/v2\/users\/2"}],"replies":[{"embeddable":true,"href":"https:\/\/www.altaviadeimontilattari.it\/de\/wp-json\/wp\/v2\/comments?post=6454"}],"version-history":[{"count":1,"href":"https:\/\/www.altaviadeimontilattari.it\/de\/wp-json\/wp\/v2\/posts\/6454\/revisions"}],"predecessor-version":[{"id":6455,"href":"https:\/\/www.altaviadeimontilattari.it\/de\/wp-json\/wp\/v2\/posts\/6454\/revisions\/6455"}],"wp:featuredmedia":[{"embeddable":true,"href":"https:\/\/www.altaviadeimontilattari.it\/de\/wp-json\/wp\/v2\/media\/5209"}],"wp:attachment":[{"href":"https:\/\/www.altaviadeimontilattari.it\/de\/wp-json\/wp\/v2\/media?parent=6454"}],"wp:term":[{"taxonomy":"category","embeddable":true,"href":"https:\/\/www.altaviadeimontilattari.it\/de\/wp-json\/wp\/v2\/categories?post=6454"},{"taxonomy":"post_tag","embeddable":true,"href":"https:\/\/www.altaviadeimontilattari.it\/de\/wp-json\/wp\/v2\/tags?post=6454"}],"curies":[{"name":"wp","href":"https:\/\/api.w.org\/{rel}","templated":true}]}}