{"id":6460,"date":"2020-11-20T22:17:47","date_gmt":"2020-11-20T22:17:47","guid":{"rendered":"https:\/\/www.altaviadeimontilattari.it\/20-punta-campanella-100-m\/"},"modified":"2022-07-09T11:41:19","modified_gmt":"2022-07-09T11:41:19","slug":"20-punta-campanella-100-m","status":"publish","type":"post","link":"https:\/\/www.altaviadeimontilattari.it\/de\/20-punta-campanella-100-m\/","title":{"rendered":"20. Punta Campanella (100 m)"},"content":{"rendered":"<p>Vom <em> <strong> <a href=\"https:\/\/altaviadeimontilattari.it\/19-monte-san-costanzo-490-m\/\"> Monte San Constanzo <\/a> <\/strong> <\/em> bis Die Spitze der <em> <strong> Halbinsel von Sorrent <\/strong> <\/em> ist etwas mehr als 3 km entfernt. \u00dcberqueren Sie die <em> <strong> Pineta di San Constanzo <\/strong> <\/em> und beginnen Sie unter dem Gipfel des <em> <strong> Monte Santa Croce <\/strong> <\/em> den langen Abstieg nach <em > <strong>Punta Campanella <\/strong> <\/em>.<\/p>\n<p>Dieser letzte Abschnitt hei\u00dft <em> <strong> Pezzalonga <\/strong> <\/em>, auf der linken Seite k\u00f6nnen wir die <strong> Bucht von Jeranto <\/strong> bewundern, wo wir die gut erhaltene <em> <strong > Torre di Montalto <\/strong> <\/em> und die drei Spitzen <em> <strong> Punta Penna <\/strong> , <strong> Montalto <\/strong> und <strong> Mortella <\/strong> <\/em> die der Form eines Raubvogels sehr \u00e4hnlich sehen und von der sich der Name der Bucht ableiten k\u00f6nnte (jerax &#8211; Greifvogel). An diesem Punkt befinden wir uns am Anfang des eindrucksvollsten und wildesten Weges, der aufgrund der Anwesenheit von sehr glatten und staubigen Felsen kleine exponierte und rutschige Abschnitte aufweist, daher empfehlen wir in diesem Abschnitt h\u00f6chste Aufmerksamkeit, auch angesichts der Schwierigkeit, ihn zu gehen Nacht.<\/p>\n<p>Am Ende m\u00fcndet der Pezzaloga-Pfad in die <em> <strong>alte Via Minerva <\/strong> <\/em> , die wir f\u00fcr ein kurzes St\u00fcck nach links nehmen und dann Punta Campanella erreichen.<\/p>\n<p>Der Ausflug nach <em> <strong>Punta Campanella <\/strong> <\/em> ist ein totaler Sprung in die Vergangenheit. Sie finden sich auf einem gepflasterten Weg wieder, der auf die alten R\u00f6mer zur\u00fcckgeht. Der Weg, den Sie nehmen werden, war einst die <em> <strong>Stra\u00dfe <\/strong> <\/em> <strong> <em> Minerva <\/em> <\/strong> , die die R\u00f6mer bis zum \u00e4u\u00dfersten Ende von Sorrento f\u00fchrte Halbinsel, auf der sich einst ein griechischer Tempel befand, der der Athene geweiht war und den die R\u00f6mer <strong> <em>Minerva <\/em> <\/strong> weihten. Unterwegs werden Sie von der atemberaubenden Aussicht auf die Insel Capri inmitten des <em> <strong> Tyrrhenischen Meeres <\/strong> <\/em> begleitet. Sobald Sie an der Spitze der Halbinsel angekommen sind, sehen Sie einen modernen Leuchtturm neben einem verlassenen sarazenischen Wachturm namens Campanella, der der Spitze ihren Namen gibt.<\/p>\n<p>Bei Punta Campanella gibt es zwei Orte von unglaublichem Interesse. Bevor Sie die Treppe zum Turm beginnen, gibt es eine Kreuzung, die von einem kleinen Mann markiert ist, wo eine Treppe beginnt, ein wenig sch\u00e4big zwischen den Felsen, die zum <strong> <em> &#8218;alten Treppenabsatz <\/em> <\/strong> f\u00fchrt <strong> <em> Minerva-H\u00f6hle <\/em> <\/strong>. F\u00fcr diejenigen, die unter Schwindel leiden oder keine Erfahrung mit unterst\u00fctzten Routen (EEA) haben, ist es ratsam, nicht abzusteigen oder sehr vorsichtig zu sein, da f\u00fcr den Abstieg Seile und provisorische Leitern verwendet werden m\u00fcssen. Wenn Sie den alten Pier erreicht haben, finden Sie, wenn Sie sehr vorsichtig sind, entlang der Wand rechts vom Abstieg eine alte <em> <strong> oskische Schrift <\/strong> <\/em> , die den arch\u00e4ologischen Wert bezeugt Platz.<\/p>\n<p>Ein weiterer interessanter Punkt ist der <em> <strong>Leuchtturmsteg <\/strong> <\/em> . Wenn Sie den gro\u00dfen Platz des Turms auf der rechten Seite erreichen, f\u00fchrt eine kleine Treppe hinunter zum Meeresspiegel, wo Sie eine wunderbare Aussicht genie\u00dfen k\u00f6nnen.<\/p>\n\n<div class=\"wp-block-jetpack-tiled-gallery aligncenter is-style-rectangular\"><div class=\"tiled-gallery__gallery\"><div class=\"tiled-gallery__row\"><div class=\"tiled-gallery__col\" style=\"flex-basis:63.50228%\"><figure class=\"tiled-gallery__item\"><img decoding=\"async\" role=\"button\" tabindex=\"0\" aria-label=\"Bild\u00a01 von 12 im Vollbildmodus \u00f6ffnen\"srcset=\"https:\/\/i0.wp.com\/www.altaviadeimontilattari.it\/wp-content\/uploads\/2021\/06\/punta-c2-1024x768.jpg?strip=info&#038;w=600&#038;ssl=1 600w,https:\/\/i0.wp.com\/www.altaviadeimontilattari.it\/wp-content\/uploads\/2021\/06\/punta-c2-1024x768.jpg?strip=info&#038;w=900&#038;ssl=1 900w,https:\/\/i0.wp.com\/www.altaviadeimontilattari.it\/wp-content\/uploads\/2021\/06\/punta-c2-1024x768.jpg?strip=info&#038;w=1200&#038;ssl=1 1200w,https:\/\/i0.wp.com\/www.altaviadeimontilattari.it\/wp-content\/uploads\/2021\/06\/punta-c2-1024x768.jpg?strip=info&#038;w=1500&#038;ssl=1 1500w,https:\/\/i0.wp.com\/www.altaviadeimontilattari.it\/wp-content\/uploads\/2021\/06\/punta-c2-1024x768.jpg?strip=info&#038;w=1800&#038;ssl=1 1800w,https:\/\/i0.wp.com\/www.altaviadeimontilattari.it\/wp-content\/uploads\/2021\/06\/punta-c2-1024x768.jpg?strip=info&#038;w=2000&#038;ssl=1 2000w\" alt=\"Vista su Capri da Punta Campanella\" data-height=\"1920\" data-id=\"3692\" data-link=\"https:\/\/altaviadeimontilattari.it\/4-20-punta-campanella-100-m\/punta-c2\/\" data-url=\"https:\/\/altaviadeimontilattari.it\/wp-content\/uploads\/2021\/06\/punta-c2-1024x768.jpg\" data-width=\"2560\" src=\"https:\/\/i0.wp.com\/www.altaviadeimontilattari.it\/wp-content\/uploads\/2021\/06\/punta-c2-1024x768.jpg?ssl=1\" data-amp-layout=\"responsive\"\/><\/figure><\/div><div class=\"tiled-gallery__col\" style=\"flex-basis:36.49772%\"><figure class=\"tiled-gallery__item\"><img decoding=\"async\" role=\"button\" tabindex=\"0\" aria-label=\"Bild\u00a02 von 12 im Vollbildmodus \u00f6ffnen\"srcset=\"https:\/\/i0.wp.com\/www.altaviadeimontilattari.it\/wp-content\/uploads\/2021\/06\/punta-c-1-1.jpg?strip=info&#038;w=600&#038;ssl=1 600w,https:\/\/i0.wp.com\/www.altaviadeimontilattari.it\/wp-content\/uploads\/2021\/06\/punta-c-1-1.jpg?strip=info&#038;w=900&#038;ssl=1 900w,https:\/\/i0.wp.com\/www.altaviadeimontilattari.it\/wp-content\/uploads\/2021\/06\/punta-c-1-1.jpg?strip=info&#038;w=1024&#038;ssl=1 1024w\" alt=\"Via Minerva verso Punta Campanella\" data-height=\"560\" data-id=\"3693\" data-link=\"https:\/\/altaviadeimontilattari.it\/4-20-punta-campanella-100-m\/punta-c-1-1\/\" data-url=\"https:\/\/altaviadeimontilattari.it\/wp-content\/uploads\/2021\/06\/punta-c-1-1.jpg\" data-width=\"1024\" src=\"https:\/\/i0.wp.com\/www.altaviadeimontilattari.it\/wp-content\/uploads\/2021\/06\/punta-c-1-1.jpg?ssl=1\" data-amp-layout=\"responsive\"\/><\/figure><figure class=\"tiled-gallery__item\"><img decoding=\"async\" role=\"button\" tabindex=\"0\" aria-label=\"Bild\u00a03 von 12 im Vollbildmodus \u00f6ffnen\"srcset=\"https:\/\/i0.wp.com\/www.altaviadeimontilattari.it\/wp-content\/uploads\/2021\/06\/punta-c3-1-1024x768.jpg?strip=info&#038;w=600&#038;ssl=1 600w,https:\/\/i0.wp.com\/www.altaviadeimontilattari.it\/wp-content\/uploads\/2021\/06\/punta-c3-1-1024x768.jpg?strip=info&#038;w=900&#038;ssl=1 900w,https:\/\/i0.wp.com\/www.altaviadeimontilattari.it\/wp-content\/uploads\/2021\/06\/punta-c3-1-1024x768.jpg?strip=info&#038;w=1200&#038;ssl=1 1200w,https:\/\/i0.wp.com\/www.altaviadeimontilattari.it\/wp-content\/uploads\/2021\/06\/punta-c3-1-1024x768.jpg?strip=info&#038;w=1500&#038;ssl=1 1500w,https:\/\/i0.wp.com\/www.altaviadeimontilattari.it\/wp-content\/uploads\/2021\/06\/punta-c3-1-1024x768.jpg?strip=info&#038;w=1800&#038;ssl=1 1800w,https:\/\/i0.wp.com\/www.altaviadeimontilattari.it\/wp-content\/uploads\/2021\/06\/punta-c3-1-1024x768.jpg?strip=info&#038;w=2000&#038;ssl=1 2000w\" alt=\"Vista su Capri da Punta Campanella\" data-height=\"1920\" data-id=\"3703\" data-link=\"https:\/\/altaviadeimontilattari.it\/4-20-punta-campanella-100-m\/punta-c3-1\/\" data-url=\"https:\/\/altaviadeimontilattari.it\/wp-content\/uploads\/2021\/06\/punta-c3-1-1024x768.jpg\" data-width=\"2560\" src=\"https:\/\/i0.wp.com\/www.altaviadeimontilattari.it\/wp-content\/uploads\/2021\/06\/punta-c3-1-1024x768.jpg?ssl=1\" data-amp-layout=\"responsive\"\/><\/figure><\/div><\/div><div class=\"tiled-gallery__row\"><div class=\"tiled-gallery__col\" style=\"flex-basis:57.33121%\"><figure class=\"tiled-gallery__item\"><img decoding=\"async\" role=\"button\" tabindex=\"0\" aria-label=\"Bild\u00a04 von 12 im Vollbildmodus \u00f6ffnen\"srcset=\"https:\/\/i2.wp.com\/www.altaviadeimontilattari.it\/wp-content\/uploads\/2021\/06\/punta-c6-1024x768.jpg?strip=info&#038;w=600&#038;ssl=1 600w,https:\/\/i2.wp.com\/www.altaviadeimontilattari.it\/wp-content\/uploads\/2021\/06\/punta-c6-1024x768.jpg?strip=info&#038;w=900&#038;ssl=1 900w,https:\/\/i2.wp.com\/www.altaviadeimontilattari.it\/wp-content\/uploads\/2021\/06\/punta-c6-1024x768.jpg?strip=info&#038;w=1200&#038;ssl=1 1200w,https:\/\/i2.wp.com\/www.altaviadeimontilattari.it\/wp-content\/uploads\/2021\/06\/punta-c6-1024x768.jpg?strip=info&#038;w=1500&#038;ssl=1 1500w,https:\/\/i2.wp.com\/www.altaviadeimontilattari.it\/wp-content\/uploads\/2021\/06\/punta-c6-1024x768.jpg?strip=info&#038;w=1800&#038;ssl=1 1800w,https:\/\/i2.wp.com\/www.altaviadeimontilattari.it\/wp-content\/uploads\/2021\/06\/punta-c6-1024x768.jpg?strip=info&#038;w=2000&#038;ssl=1 2000w\" alt=\"Torre Campanella e faro\" data-height=\"1622\" data-id=\"3709\" data-link=\"https:\/\/altaviadeimontilattari.it\/4-20-punta-campanella-100-m\/punta-c6\/\" data-url=\"https:\/\/altaviadeimontilattari.it\/wp-content\/uploads\/2021\/06\/punta-c6-1024x768.jpg\" data-width=\"2164\" src=\"https:\/\/i2.wp.com\/www.altaviadeimontilattari.it\/wp-content\/uploads\/2021\/06\/punta-c6-1024x768.jpg?ssl=1\" data-amp-layout=\"responsive\"\/><\/figure><figure class=\"tiled-gallery__item\"><img decoding=\"async\" role=\"button\" tabindex=\"0\" aria-label=\"Bild\u00a05 von 12 im Vollbildmodus \u00f6ffnen\"srcset=\"https:\/\/i0.wp.com\/www.altaviadeimontilattari.it\/wp-content\/uploads\/2020\/11\/discesa-1024x576.jpg?strip=info&#038;w=600&#038;ssl=1 600w,https:\/\/i0.wp.com\/www.altaviadeimontilattari.it\/wp-content\/uploads\/2020\/11\/discesa-1024x576.jpg?strip=info&#038;w=900&#038;ssl=1 900w,https:\/\/i0.wp.com\/www.altaviadeimontilattari.it\/wp-content\/uploads\/2020\/11\/discesa-1024x576.jpg?strip=info&#038;w=1200&#038;ssl=1 1200w,https:\/\/i0.wp.com\/www.altaviadeimontilattari.it\/wp-content\/uploads\/2020\/11\/discesa-1024x576.jpg?strip=info&#038;w=1500&#038;ssl=1 1500w,https:\/\/i0.wp.com\/www.altaviadeimontilattari.it\/wp-content\/uploads\/2020\/11\/discesa-1024x576.jpg?strip=info&#038;w=1800&#038;ssl=1 1800w,https:\/\/i0.wp.com\/www.altaviadeimontilattari.it\/wp-content\/uploads\/2020\/11\/discesa-1024x576.jpg?strip=info&#038;w=1822&#038;ssl=1 1822w\" alt=\"Discesa da Pezzalonga\" data-height=\"1024\" data-id=\"4045\" data-link=\"https:\/\/altaviadeimontilattari.it\/4-20-punta-campanella-100-m\/discesa\/\" data-url=\"https:\/\/altaviadeimontilattari.it\/wp-content\/uploads\/2020\/11\/discesa-1024x576.jpg\" data-width=\"1822\" src=\"https:\/\/i0.wp.com\/www.altaviadeimontilattari.it\/wp-content\/uploads\/2020\/11\/discesa-1024x576.jpg?ssl=1\" data-amp-layout=\"responsive\"\/><\/figure><\/div><div class=\"tiled-gallery__col\" style=\"flex-basis:42.66879%\"><figure class=\"tiled-gallery__item\"><img decoding=\"async\" role=\"button\" tabindex=\"0\" aria-label=\"Bild\u00a06 von 12 im Vollbildmodus \u00f6ffnen\"srcset=\"https:\/\/i2.wp.com\/www.altaviadeimontilattari.it\/wp-content\/uploads\/2020\/11\/punta-_campanella-576x1024.jpg?strip=info&#038;w=600&#038;ssl=1 600w,https:\/\/i2.wp.com\/www.altaviadeimontilattari.it\/wp-content\/uploads\/2020\/11\/punta-_campanella-576x1024.jpg?strip=info&#038;w=900&#038;ssl=1 900w,https:\/\/i2.wp.com\/www.altaviadeimontilattari.it\/wp-content\/uploads\/2020\/11\/punta-_campanella-576x1024.jpg?strip=info&#038;w=1024&#038;ssl=1 1024w\" alt=\"Scalinate verso Torre Campanella\" data-height=\"1820\" data-id=\"4046\" data-link=\"https:\/\/altaviadeimontilattari.it\/4-20-punta-campanella-100-m\/punta-_campanella\/\" data-url=\"https:\/\/altaviadeimontilattari.it\/wp-content\/uploads\/2020\/11\/punta-_campanella-576x1024.jpg\" data-width=\"1024\" src=\"https:\/\/i2.wp.com\/www.altaviadeimontilattari.it\/wp-content\/uploads\/2020\/11\/punta-_campanella-576x1024.jpg?ssl=1\" data-amp-layout=\"responsive\"\/><\/figure><\/div><\/div><div class=\"tiled-gallery__row\"><div class=\"tiled-gallery__col\" style=\"flex-basis:50.00000%\"><figure class=\"tiled-gallery__item\"><img decoding=\"async\" role=\"button\" tabindex=\"0\" aria-label=\"Bild\u00a07 von 12 im Vollbildmodus \u00f6ffnen\"srcset=\"https:\/\/i1.wp.com\/www.altaviadeimontilattari.it\/wp-content\/uploads\/2020\/11\/grotta_minerva-576x1024.jpg?strip=info&#038;w=600&#038;ssl=1 600w,https:\/\/i1.wp.com\/www.altaviadeimontilattari.it\/wp-content\/uploads\/2020\/11\/grotta_minerva-576x1024.jpg?strip=info&#038;w=900&#038;ssl=1 900w,https:\/\/i1.wp.com\/www.altaviadeimontilattari.it\/wp-content\/uploads\/2020\/11\/grotta_minerva-576x1024.jpg?strip=info&#038;w=1024&#038;ssl=1 1024w\" alt=\"Gratta di Minerva\" data-height=\"1822\" data-id=\"4047\" data-link=\"https:\/\/altaviadeimontilattari.it\/4-20-punta-campanella-100-m\/grotta_minerva\/\" data-url=\"https:\/\/altaviadeimontilattari.it\/wp-content\/uploads\/2020\/11\/grotta_minerva-576x1024.jpg\" data-width=\"1024\" src=\"https:\/\/i1.wp.com\/www.altaviadeimontilattari.it\/wp-content\/uploads\/2020\/11\/grotta_minerva-576x1024.jpg?ssl=1\" data-amp-layout=\"responsive\"\/><\/figure><\/div><div class=\"tiled-gallery__col\" style=\"flex-basis:50.00000%\"><figure class=\"tiled-gallery__item\"><img decoding=\"async\" role=\"button\" tabindex=\"0\" aria-label=\"Bild\u00a08 von 12 im Vollbildmodus \u00f6ffnen\"srcset=\"https:\/\/i0.wp.com\/www.altaviadeimontilattari.it\/wp-content\/uploads\/2020\/11\/antico_molo-576x1024.jpg?strip=info&#038;w=600&#038;ssl=1 600w,https:\/\/i0.wp.com\/www.altaviadeimontilattari.it\/wp-content\/uploads\/2020\/11\/antico_molo-576x1024.jpg?strip=info&#038;w=900&#038;ssl=1 900w,https:\/\/i0.wp.com\/www.altaviadeimontilattari.it\/wp-content\/uploads\/2020\/11\/antico_molo-576x1024.jpg?strip=info&#038;w=1024&#038;ssl=1 1024w\" alt=\"Discesa verso Grotta Minerva e molo antico greco\" data-height=\"1822\" data-id=\"4048\" data-link=\"https:\/\/altaviadeimontilattari.it\/4-20-punta-campanella-100-m\/antico_molo\/\" data-url=\"https:\/\/altaviadeimontilattari.it\/wp-content\/uploads\/2020\/11\/antico_molo-576x1024.jpg\" data-width=\"1024\" src=\"https:\/\/i0.wp.com\/www.altaviadeimontilattari.it\/wp-content\/uploads\/2020\/11\/antico_molo-576x1024.jpg?ssl=1\" data-amp-layout=\"responsive\"\/><\/figure><\/div><\/div><div class=\"tiled-gallery__row\"><div class=\"tiled-gallery__col\" style=\"flex-basis:28.26781%\"><figure class=\"tiled-gallery__item\"><img decoding=\"async\" role=\"button\" tabindex=\"0\" aria-label=\"Bild\u00a09 von 12 im Vollbildmodus \u00f6ffnen\"srcset=\"https:\/\/i1.wp.com\/www.altaviadeimontilattari.it\/wp-content\/uploads\/2020\/11\/molo-1024x531.jpg?strip=info&#038;w=600&#038;ssl=1 600w,https:\/\/i1.wp.com\/www.altaviadeimontilattari.it\/wp-content\/uploads\/2020\/11\/molo-1024x531.jpg?strip=info&#038;w=900&#038;ssl=1 900w,https:\/\/i1.wp.com\/www.altaviadeimontilattari.it\/wp-content\/uploads\/2020\/11\/molo-1024x531.jpg?strip=info&#038;w=1200&#038;ssl=1 1200w,https:\/\/i1.wp.com\/www.altaviadeimontilattari.it\/wp-content\/uploads\/2020\/11\/molo-1024x531.jpg?strip=info&#038;w=1500&#038;ssl=1 1500w,https:\/\/i1.wp.com\/www.altaviadeimontilattari.it\/wp-content\/uploads\/2020\/11\/molo-1024x531.jpg?strip=info&#038;w=1800&#038;ssl=1 1800w,https:\/\/i1.wp.com\/www.altaviadeimontilattari.it\/wp-content\/uploads\/2020\/11\/molo-1024x531.jpg?strip=info&#038;w=1976&#038;ssl=1 1976w\" alt=\"Discesa verso l'attracco del faro\" data-height=\"1024\" data-id=\"4049\" data-link=\"https:\/\/altaviadeimontilattari.it\/4-20-punta-campanella-100-m\/molo\/\" data-url=\"https:\/\/altaviadeimontilattari.it\/wp-content\/uploads\/2020\/11\/molo-1024x531.jpg\" data-width=\"1976\" src=\"https:\/\/i1.wp.com\/www.altaviadeimontilattari.it\/wp-content\/uploads\/2020\/11\/molo-1024x531.jpg?ssl=1\" data-amp-layout=\"responsive\"\/><\/figure><\/div><div class=\"tiled-gallery__col\" style=\"flex-basis:26.05299%\"><figure class=\"tiled-gallery__item\"><img decoding=\"async\" role=\"button\" tabindex=\"0\" aria-label=\"Bild\u00a010 von 12 im Vollbildmodus \u00f6ffnen\"srcset=\"https:\/\/i0.wp.com\/www.altaviadeimontilattari.it\/wp-content\/uploads\/2020\/11\/capri_2-1024x576.jpg?strip=info&#038;w=600&#038;ssl=1 600w,https:\/\/i0.wp.com\/www.altaviadeimontilattari.it\/wp-content\/uploads\/2020\/11\/capri_2-1024x576.jpg?strip=info&#038;w=900&#038;ssl=1 900w,https:\/\/i0.wp.com\/www.altaviadeimontilattari.it\/wp-content\/uploads\/2020\/11\/capri_2-1024x576.jpg?strip=info&#038;w=1200&#038;ssl=1 1200w,https:\/\/i0.wp.com\/www.altaviadeimontilattari.it\/wp-content\/uploads\/2020\/11\/capri_2-1024x576.jpg?strip=info&#038;w=1500&#038;ssl=1 1500w,https:\/\/i0.wp.com\/www.altaviadeimontilattari.it\/wp-content\/uploads\/2020\/11\/capri_2-1024x576.jpg?strip=info&#038;w=1800&#038;ssl=1 1800w,https:\/\/i0.wp.com\/www.altaviadeimontilattari.it\/wp-content\/uploads\/2020\/11\/capri_2-1024x576.jpg?strip=info&#038;w=1820&#038;ssl=1 1820w\" alt=\"Vista Capri da via Minerva\" data-height=\"1024\" data-id=\"4050\" data-link=\"https:\/\/altaviadeimontilattari.it\/4-20-punta-campanella-100-m\/capri_2\/\" data-url=\"https:\/\/altaviadeimontilattari.it\/wp-content\/uploads\/2020\/11\/capri_2-1024x576.jpg\" data-width=\"1820\" src=\"https:\/\/i0.wp.com\/www.altaviadeimontilattari.it\/wp-content\/uploads\/2020\/11\/capri_2-1024x576.jpg?ssl=1\" data-amp-layout=\"responsive\"\/><\/figure><\/div><div class=\"tiled-gallery__col\" style=\"flex-basis:26.08138%\"><figure class=\"tiled-gallery__item\"><img decoding=\"async\" role=\"button\" tabindex=\"0\" aria-label=\"Bild\u00a011 von 12 im Vollbildmodus \u00f6ffnen\"srcset=\"https:\/\/i2.wp.com\/www.altaviadeimontilattari.it\/wp-content\/uploads\/2020\/11\/capri-1024x576.jpg?strip=info&#038;w=600&#038;ssl=1 600w,https:\/\/i2.wp.com\/www.altaviadeimontilattari.it\/wp-content\/uploads\/2020\/11\/capri-1024x576.jpg?strip=info&#038;w=900&#038;ssl=1 900w,https:\/\/i2.wp.com\/www.altaviadeimontilattari.it\/wp-content\/uploads\/2020\/11\/capri-1024x576.jpg?strip=info&#038;w=1200&#038;ssl=1 1200w,https:\/\/i2.wp.com\/www.altaviadeimontilattari.it\/wp-content\/uploads\/2020\/11\/capri-1024x576.jpg?strip=info&#038;w=1500&#038;ssl=1 1500w,https:\/\/i2.wp.com\/www.altaviadeimontilattari.it\/wp-content\/uploads\/2020\/11\/capri-1024x576.jpg?strip=info&#038;w=1800&#038;ssl=1 1800w,https:\/\/i2.wp.com\/www.altaviadeimontilattari.it\/wp-content\/uploads\/2020\/11\/capri-1024x576.jpg?strip=info&#038;w=1822&#038;ssl=1 1822w\" alt=\"Vista Capri al tramonto\" data-height=\"1024\" data-id=\"4051\" data-link=\"https:\/\/altaviadeimontilattari.it\/4-20-punta-campanella-100-m\/capri\/\" data-url=\"https:\/\/altaviadeimontilattari.it\/wp-content\/uploads\/2020\/11\/capri-1024x576.jpg\" data-width=\"1822\" src=\"https:\/\/i2.wp.com\/www.altaviadeimontilattari.it\/wp-content\/uploads\/2020\/11\/capri-1024x576.jpg?ssl=1\" data-amp-layout=\"responsive\"\/><\/figure><\/div><div class=\"tiled-gallery__col\" style=\"flex-basis:19.59782%\"><figure class=\"tiled-gallery__item\"><img decoding=\"async\" role=\"button\" tabindex=\"0\" aria-label=\"Bild\u00a012 von 12 im Vollbildmodus \u00f6ffnen\"srcset=\"https:\/\/i1.wp.com\/www.altaviadeimontilattari.it\/wp-content\/uploads\/2022\/02\/scritta_osca_punta_campanella.jpg?strip=info&#038;w=600&#038;ssl=1 600w,https:\/\/i1.wp.com\/www.altaviadeimontilattari.it\/wp-content\/uploads\/2022\/02\/scritta_osca_punta_campanella.jpg?strip=info&#038;w=900&#038;ssl=1 900w,https:\/\/i1.wp.com\/www.altaviadeimontilattari.it\/wp-content\/uploads\/2022\/02\/scritta_osca_punta_campanella.jpg?strip=info&#038;w=960&#038;ssl=1 960w\" alt=\"Scritta osca sull'antico molo greco\" data-height=\"720\" data-id=\"4055\" data-link=\"https:\/\/altaviadeimontilattari.it\/4-20-punta-campanella-100-m\/scritta_osca_punta_campanella\/\" data-url=\"https:\/\/altaviadeimontilattari.it\/wp-content\/uploads\/2022\/02\/scritta_osca_punta_campanella.jpg\" data-width=\"960\" src=\"https:\/\/i1.wp.com\/www.altaviadeimontilattari.it\/wp-content\/uploads\/2022\/02\/scritta_osca_punta_campanella.jpg?ssl=1\" data-amp-layout=\"responsive\"\/><\/figure><\/div><\/div><\/div><\/div>\r\n\n<p><\/p>\n<div style=\"margin: 20px 0;\"><div class=\"qrcswholewtapper\" style=\"text-align:left;\"><div class=\"qrcprowrapper\"  id=\"qrcwraa2leds\"><div class=\"qrc_canvass\" id=\"qrc_cuttenpages_2\" style=\"display:inline-block\" data-text=\"https:\/\/www.altaviadeimontilattari.it\/de\/20-punta-campanella-100-m\/\"><\/div><div><a download=\"20. Punta Campanella (100 m).png\" class=\"qrcdownloads\" id=\"worign\">\r\n           <button type=\"button\" style=\"min-width:200px;background:#81ea00;color:#000;font-weight: 600;border: 1px solid #dddddd;border-radius:4px;font-size:12px;padding: 6px 0;\" class=\"uqr_code_btn\">Download QR<\/button>\r\n           <\/a><\/div><\/div><\/div><\/div>","protected":false},"excerpt":{"rendered":"<p>Vom Monte San Constanzo bis Die Spitze der Halbinsel von Sorrent ist etwas mehr als 3 km entfernt. \u00dcberqueren Sie die Pineta di San Constanzo und beginnen Sie unter dem Gipfel des Monte Santa Croce den langen Abstieg nach Punta Campanella . Dieser letzte Abschnitt hei\u00dft Pezzalonga , auf der linken Seite k\u00f6nnen wir die&hellip;&nbsp;<a href=\"https:\/\/www.altaviadeimontilattari.it\/de\/20-punta-campanella-100-m\/\" rel=\"bookmark\">Mehr lesen &raquo;<span class=\"screen-reader-text\">20. Punta Campanella (100 m)<\/span><\/a><\/p>\n","protected":false},"author":3,"featured_media":5177,"comment_status":"open","ping_status":"closed","sticky":false,"template":"","format":"standard","meta":{"neve_meta_sidebar":"","neve_meta_container":"","neve_meta_enable_content_width":"","neve_meta_content_width":0,"neve_meta_title_alignment":"","neve_meta_author_avatar":"","neve_post_elements_order":"","neve_meta_disable_header":"","neve_meta_disable_footer":"","neve_meta_disable_title":"","neve_meta_reading_time":"","_themeisle_gutenberg_block_has_review":false,"jetpack_post_was_ever_published":false,"_jetpack_newsletter_access":"","_jetpack_dont_email_post_to_subs":false,"_jetpack_newsletter_tier_id":0,"_jetpack_memberships_contains_paywalled_content":false,"_jetpack_memberships_contains_paid_content":false,"footnotes":""},"categories":[269],"tags":[],"class_list":["post-6460","post","type-post","status-publish","format-standard","has-post-thumbnail","hentry","category-besichtigung-der-alta-via-dei-monti-lattari"],"yoast_head":"<!-- This site is optimized with the Yoast SEO plugin v27.4 - https:\/\/yoast.com\/product\/yoast-seo-wordpress\/ -->\n<title>20. Punta Campanella (100 m) - Alta Via dei Monti Lattari<\/title>\n<meta name=\"description\" content=\"Vom Monte San Costanzo bis zur Spitze der Halbinsel von Sorrento, Punta Campanella. Capri, der Turm und der Leuchtturm erwarten uns.\" \/>\n<meta name=\"robots\" content=\"index, follow, max-snippet:-1, max-image-preview:large, max-video-preview:-1\" \/>\n<link rel=\"canonical\" href=\"https:\/\/www.altaviadeimontilattari.it\/de\/20-punta-campanella-100-m\/\" \/>\n<meta property=\"og:locale\" content=\"de_DE\" \/>\n<meta property=\"og:type\" content=\"article\" \/>\n<meta property=\"og:title\" content=\"20. Punta Campanella (100 m) - Alta Via dei Monti Lattari\" \/>\n<meta property=\"og:description\" content=\"Vom Monte San Costanzo bis zur Spitze der Halbinsel von Sorrento, Punta Campanella. Capri, der Turm und der Leuchtturm erwarten uns.\" \/>\n<meta property=\"og:url\" content=\"https:\/\/www.altaviadeimontilattari.it\/de\/20-punta-campanella-100-m\/\" \/>\n<meta property=\"og:site_name\" content=\"Alta Via dei Monti Lattari\" \/>\n<meta property=\"article:published_time\" content=\"2020-11-20T22:17:47+00:00\" \/>\n<meta property=\"article:modified_time\" content=\"2022-07-09T11:41:19+00:00\" \/>\n<meta property=\"og:image\" content=\"https:\/\/www.altaviadeimontilattari.it\/wp-content\/uploads\/2020\/11\/portada-1.jpg\" \/>\n\t<meta property=\"og:image:width\" content=\"1773\" \/>\n\t<meta property=\"og:image:height\" content=\"1773\" \/>\n\t<meta property=\"og:image:type\" content=\"image\/jpeg\" \/>\n<meta name=\"author\" content=\"Turismo.Ricercattiva\" \/>\n<meta name=\"twitter:card\" content=\"summary_large_image\" \/>\n<meta name=\"twitter:label1\" content=\"Verfasst von\" \/>\n\t<meta name=\"twitter:data1\" content=\"Turismo.Ricercattiva\" \/>\n\t<meta name=\"twitter:label2\" content=\"Gesch\u00e4tzte Lesezeit\" \/>\n\t<meta name=\"twitter:data2\" content=\"2\u00a0Minuten\" \/>\n<script type=\"application\/ld+json\" class=\"yoast-schema-graph\">{\"@context\":\"https:\\\/\\\/schema.org\",\"@graph\":[{\"@type\":\"Article\",\"@id\":\"https:\\\/\\\/www.altaviadeimontilattari.it\\\/de\\\/20-punta-campanella-100-m\\\/#article\",\"isPartOf\":{\"@id\":\"https:\\\/\\\/www.altaviadeimontilattari.it\\\/de\\\/20-punta-campanella-100-m\\\/\"},\"author\":{\"name\":\"Turismo.Ricercattiva\",\"@id\":\"https:\\\/\\\/www.altaviadeimontilattari.it\\\/#\\\/schema\\\/person\\\/47c8033a7c6005363bf26047c156ed2c\"},\"headline\":\"20. Punta Campanella (100 m)\",\"datePublished\":\"2020-11-20T22:17:47+00:00\",\"dateModified\":\"2022-07-09T11:41:19+00:00\",\"mainEntityOfPage\":{\"@id\":\"https:\\\/\\\/www.altaviadeimontilattari.it\\\/de\\\/20-punta-campanella-100-m\\\/\"},\"wordCount\":444,\"commentCount\":0,\"publisher\":{\"@id\":\"https:\\\/\\\/www.altaviadeimontilattari.it\\\/#organization\"},\"image\":{\"@id\":\"https:\\\/\\\/www.altaviadeimontilattari.it\\\/de\\\/20-punta-campanella-100-m\\\/#primaryimage\"},\"thumbnailUrl\":\"https:\\\/\\\/i0.wp.com\\\/www.altaviadeimontilattari.it\\\/wp-content\\\/uploads\\\/2020\\\/11\\\/portada-1.jpg?fit=1773%2C1773&ssl=1\",\"articleSection\":[\"Besichtigung der Alta Via dei Monti Lattari\"],\"inLanguage\":\"de\",\"potentialAction\":[{\"@type\":\"CommentAction\",\"name\":\"Comment\",\"target\":[\"https:\\\/\\\/www.altaviadeimontilattari.it\\\/de\\\/20-punta-campanella-100-m\\\/#respond\"]}]},{\"@type\":\"WebPage\",\"@id\":\"https:\\\/\\\/www.altaviadeimontilattari.it\\\/de\\\/20-punta-campanella-100-m\\\/\",\"url\":\"https:\\\/\\\/www.altaviadeimontilattari.it\\\/de\\\/20-punta-campanella-100-m\\\/\",\"name\":\"20. Punta Campanella (100 m) - Alta Via dei Monti Lattari\",\"isPartOf\":{\"@id\":\"https:\\\/\\\/www.altaviadeimontilattari.it\\\/#website\"},\"primaryImageOfPage\":{\"@id\":\"https:\\\/\\\/www.altaviadeimontilattari.it\\\/de\\\/20-punta-campanella-100-m\\\/#primaryimage\"},\"image\":{\"@id\":\"https:\\\/\\\/www.altaviadeimontilattari.it\\\/de\\\/20-punta-campanella-100-m\\\/#primaryimage\"},\"thumbnailUrl\":\"https:\\\/\\\/i0.wp.com\\\/www.altaviadeimontilattari.it\\\/wp-content\\\/uploads\\\/2020\\\/11\\\/portada-1.jpg?fit=1773%2C1773&ssl=1\",\"datePublished\":\"2020-11-20T22:17:47+00:00\",\"dateModified\":\"2022-07-09T11:41:19+00:00\",\"description\":\"Vom Monte San Costanzo bis zur Spitze der Halbinsel von Sorrento, Punta Campanella. Capri, der Turm und der Leuchtturm erwarten uns.\",\"breadcrumb\":{\"@id\":\"https:\\\/\\\/www.altaviadeimontilattari.it\\\/de\\\/20-punta-campanella-100-m\\\/#breadcrumb\"},\"inLanguage\":\"de\",\"potentialAction\":[{\"@type\":\"ReadAction\",\"target\":[\"https:\\\/\\\/www.altaviadeimontilattari.it\\\/de\\\/20-punta-campanella-100-m\\\/\"]}]},{\"@type\":\"ImageObject\",\"inLanguage\":\"de\",\"@id\":\"https:\\\/\\\/www.altaviadeimontilattari.it\\\/de\\\/20-punta-campanella-100-m\\\/#primaryimage\",\"url\":\"https:\\\/\\\/i0.wp.com\\\/www.altaviadeimontilattari.it\\\/wp-content\\\/uploads\\\/2020\\\/11\\\/portada-1.jpg?fit=1773%2C1773&ssl=1\",\"contentUrl\":\"https:\\\/\\\/i0.wp.com\\\/www.altaviadeimontilattari.it\\\/wp-content\\\/uploads\\\/2020\\\/11\\\/portada-1.jpg?fit=1773%2C1773&ssl=1\",\"width\":1773,\"height\":1773},{\"@type\":\"BreadcrumbList\",\"@id\":\"https:\\\/\\\/www.altaviadeimontilattari.it\\\/de\\\/20-punta-campanella-100-m\\\/#breadcrumb\",\"itemListElement\":[{\"@type\":\"ListItem\",\"position\":1,\"name\":\"Home\",\"item\":\"https:\\\/\\\/www.altaviadeimontilattari.it\\\/es\\\/\"},{\"@type\":\"ListItem\",\"position\":2,\"name\":\"20. Punta Campanella (100 m)\"}]},{\"@type\":\"WebSite\",\"@id\":\"https:\\\/\\\/www.altaviadeimontilattari.it\\\/#website\",\"url\":\"https:\\\/\\\/www.altaviadeimontilattari.it\\\/\",\"name\":\"Alta Via dei Monti Lattari\",\"description\":\"La montagna \u00e8 un modo di vivere la vita.\",\"publisher\":{\"@id\":\"https:\\\/\\\/www.altaviadeimontilattari.it\\\/#organization\"},\"potentialAction\":[{\"@type\":\"SearchAction\",\"target\":{\"@type\":\"EntryPoint\",\"urlTemplate\":\"https:\\\/\\\/www.altaviadeimontilattari.it\\\/?s={search_term_string}\"},\"query-input\":{\"@type\":\"PropertyValueSpecification\",\"valueRequired\":true,\"valueName\":\"search_term_string\"}}],\"inLanguage\":\"de\"},{\"@type\":\"Organization\",\"@id\":\"https:\\\/\\\/www.altaviadeimontilattari.it\\\/#organization\",\"name\":\"Alta Via dei Monti Lattari\",\"url\":\"https:\\\/\\\/www.altaviadeimontilattari.it\\\/\",\"logo\":{\"@type\":\"ImageObject\",\"inLanguage\":\"de\",\"@id\":\"https:\\\/\\\/www.altaviadeimontilattari.it\\\/#\\\/schema\\\/logo\\\/image\\\/\",\"url\":\"https:\\\/\\\/i0.wp.com\\\/www.altaviadeimontilattari.it\\\/wp-content\\\/uploads\\\/2020\\\/12\\\/alta_via_monyi_lattari_logo.png?fit=325%2C100&ssl=1\",\"contentUrl\":\"https:\\\/\\\/i0.wp.com\\\/www.altaviadeimontilattari.it\\\/wp-content\\\/uploads\\\/2020\\\/12\\\/alta_via_monyi_lattari_logo.png?fit=325%2C100&ssl=1\",\"width\":325,\"height\":100,\"caption\":\"Alta Via dei Monti Lattari\"},\"image\":{\"@id\":\"https:\\\/\\\/www.altaviadeimontilattari.it\\\/#\\\/schema\\\/logo\\\/image\\\/\"}},{\"@type\":\"Person\",\"@id\":\"https:\\\/\\\/www.altaviadeimontilattari.it\\\/#\\\/schema\\\/person\\\/47c8033a7c6005363bf26047c156ed2c\",\"name\":\"Turismo.Ricercattiva\",\"image\":{\"@type\":\"ImageObject\",\"inLanguage\":\"de\",\"@id\":\"https:\\\/\\\/secure.gravatar.com\\\/avatar\\\/da245a1cae9c81db24d2b96301301cb5f0847cd0f266ee5b9deb95611bf13d92?s=96&d=mm&r=g\",\"url\":\"https:\\\/\\\/secure.gravatar.com\\\/avatar\\\/da245a1cae9c81db24d2b96301301cb5f0847cd0f266ee5b9deb95611bf13d92?s=96&d=mm&r=g\",\"contentUrl\":\"https:\\\/\\\/secure.gravatar.com\\\/avatar\\\/da245a1cae9c81db24d2b96301301cb5f0847cd0f266ee5b9deb95611bf13d92?s=96&d=mm&r=g\",\"caption\":\"Turismo.Ricercattiva\"},\"sameAs\":[\"http:\\\/\\\/turismo.ricercattiva.it\"],\"url\":\"https:\\\/\\\/www.altaviadeimontilattari.it\\\/de\\\/author\\\/turismo-ricercattiva\\\/\"}]}<\/script>\n<!-- \/ Yoast SEO plugin. -->","yoast_head_json":{"title":"20. Punta Campanella (100 m) - Alta Via dei Monti Lattari","description":"Vom Monte San Costanzo bis zur Spitze der Halbinsel von Sorrento, Punta Campanella. Capri, der Turm und der Leuchtturm erwarten uns.","robots":{"index":"index","follow":"follow","max-snippet":"max-snippet:-1","max-image-preview":"max-image-preview:large","max-video-preview":"max-video-preview:-1"},"canonical":"https:\/\/www.altaviadeimontilattari.it\/de\/20-punta-campanella-100-m\/","og_locale":"de_DE","og_type":"article","og_title":"20. Punta Campanella (100 m) - Alta Via dei Monti Lattari","og_description":"Vom Monte San Costanzo bis zur Spitze der Halbinsel von Sorrento, Punta Campanella. Capri, der Turm und der Leuchtturm erwarten uns.","og_url":"https:\/\/www.altaviadeimontilattari.it\/de\/20-punta-campanella-100-m\/","og_site_name":"Alta Via dei Monti Lattari","article_published_time":"2020-11-20T22:17:47+00:00","article_modified_time":"2022-07-09T11:41:19+00:00","og_image":[{"width":1773,"height":1773,"url":"https:\/\/www.altaviadeimontilattari.it\/wp-content\/uploads\/2020\/11\/portada-1.jpg","type":"image\/jpeg"}],"author":"Turismo.Ricercattiva","twitter_card":"summary_large_image","twitter_misc":{"Verfasst von":"Turismo.Ricercattiva","Gesch\u00e4tzte Lesezeit":"2\u00a0Minuten"},"schema":{"@context":"https:\/\/schema.org","@graph":[{"@type":"Article","@id":"https:\/\/www.altaviadeimontilattari.it\/de\/20-punta-campanella-100-m\/#article","isPartOf":{"@id":"https:\/\/www.altaviadeimontilattari.it\/de\/20-punta-campanella-100-m\/"},"author":{"name":"Turismo.Ricercattiva","@id":"https:\/\/www.altaviadeimontilattari.it\/#\/schema\/person\/47c8033a7c6005363bf26047c156ed2c"},"headline":"20. Punta Campanella (100 m)","datePublished":"2020-11-20T22:17:47+00:00","dateModified":"2022-07-09T11:41:19+00:00","mainEntityOfPage":{"@id":"https:\/\/www.altaviadeimontilattari.it\/de\/20-punta-campanella-100-m\/"},"wordCount":444,"commentCount":0,"publisher":{"@id":"https:\/\/www.altaviadeimontilattari.it\/#organization"},"image":{"@id":"https:\/\/www.altaviadeimontilattari.it\/de\/20-punta-campanella-100-m\/#primaryimage"},"thumbnailUrl":"https:\/\/i0.wp.com\/www.altaviadeimontilattari.it\/wp-content\/uploads\/2020\/11\/portada-1.jpg?fit=1773%2C1773&ssl=1","articleSection":["Besichtigung der Alta Via dei Monti Lattari"],"inLanguage":"de","potentialAction":[{"@type":"CommentAction","name":"Comment","target":["https:\/\/www.altaviadeimontilattari.it\/de\/20-punta-campanella-100-m\/#respond"]}]},{"@type":"WebPage","@id":"https:\/\/www.altaviadeimontilattari.it\/de\/20-punta-campanella-100-m\/","url":"https:\/\/www.altaviadeimontilattari.it\/de\/20-punta-campanella-100-m\/","name":"20. Punta Campanella (100 m) - Alta Via dei Monti Lattari","isPartOf":{"@id":"https:\/\/www.altaviadeimontilattari.it\/#website"},"primaryImageOfPage":{"@id":"https:\/\/www.altaviadeimontilattari.it\/de\/20-punta-campanella-100-m\/#primaryimage"},"image":{"@id":"https:\/\/www.altaviadeimontilattari.it\/de\/20-punta-campanella-100-m\/#primaryimage"},"thumbnailUrl":"https:\/\/i0.wp.com\/www.altaviadeimontilattari.it\/wp-content\/uploads\/2020\/11\/portada-1.jpg?fit=1773%2C1773&ssl=1","datePublished":"2020-11-20T22:17:47+00:00","dateModified":"2022-07-09T11:41:19+00:00","description":"Vom Monte San Costanzo bis zur Spitze der Halbinsel von Sorrento, Punta Campanella. Capri, der Turm und der Leuchtturm erwarten uns.","breadcrumb":{"@id":"https:\/\/www.altaviadeimontilattari.it\/de\/20-punta-campanella-100-m\/#breadcrumb"},"inLanguage":"de","potentialAction":[{"@type":"ReadAction","target":["https:\/\/www.altaviadeimontilattari.it\/de\/20-punta-campanella-100-m\/"]}]},{"@type":"ImageObject","inLanguage":"de","@id":"https:\/\/www.altaviadeimontilattari.it\/de\/20-punta-campanella-100-m\/#primaryimage","url":"https:\/\/i0.wp.com\/www.altaviadeimontilattari.it\/wp-content\/uploads\/2020\/11\/portada-1.jpg?fit=1773%2C1773&ssl=1","contentUrl":"https:\/\/i0.wp.com\/www.altaviadeimontilattari.it\/wp-content\/uploads\/2020\/11\/portada-1.jpg?fit=1773%2C1773&ssl=1","width":1773,"height":1773},{"@type":"BreadcrumbList","@id":"https:\/\/www.altaviadeimontilattari.it\/de\/20-punta-campanella-100-m\/#breadcrumb","itemListElement":[{"@type":"ListItem","position":1,"name":"Home","item":"https:\/\/www.altaviadeimontilattari.it\/es\/"},{"@type":"ListItem","position":2,"name":"20. Punta Campanella (100 m)"}]},{"@type":"WebSite","@id":"https:\/\/www.altaviadeimontilattari.it\/#website","url":"https:\/\/www.altaviadeimontilattari.it\/","name":"Alta Via dei Monti Lattari","description":"La montagna \u00e8 un modo di vivere la vita.","publisher":{"@id":"https:\/\/www.altaviadeimontilattari.it\/#organization"},"potentialAction":[{"@type":"SearchAction","target":{"@type":"EntryPoint","urlTemplate":"https:\/\/www.altaviadeimontilattari.it\/?s={search_term_string}"},"query-input":{"@type":"PropertyValueSpecification","valueRequired":true,"valueName":"search_term_string"}}],"inLanguage":"de"},{"@type":"Organization","@id":"https:\/\/www.altaviadeimontilattari.it\/#organization","name":"Alta Via dei Monti Lattari","url":"https:\/\/www.altaviadeimontilattari.it\/","logo":{"@type":"ImageObject","inLanguage":"de","@id":"https:\/\/www.altaviadeimontilattari.it\/#\/schema\/logo\/image\/","url":"https:\/\/i0.wp.com\/www.altaviadeimontilattari.it\/wp-content\/uploads\/2020\/12\/alta_via_monyi_lattari_logo.png?fit=325%2C100&ssl=1","contentUrl":"https:\/\/i0.wp.com\/www.altaviadeimontilattari.it\/wp-content\/uploads\/2020\/12\/alta_via_monyi_lattari_logo.png?fit=325%2C100&ssl=1","width":325,"height":100,"caption":"Alta Via dei Monti Lattari"},"image":{"@id":"https:\/\/www.altaviadeimontilattari.it\/#\/schema\/logo\/image\/"}},{"@type":"Person","@id":"https:\/\/www.altaviadeimontilattari.it\/#\/schema\/person\/47c8033a7c6005363bf26047c156ed2c","name":"Turismo.Ricercattiva","image":{"@type":"ImageObject","inLanguage":"de","@id":"https:\/\/secure.gravatar.com\/avatar\/da245a1cae9c81db24d2b96301301cb5f0847cd0f266ee5b9deb95611bf13d92?s=96&d=mm&r=g","url":"https:\/\/secure.gravatar.com\/avatar\/da245a1cae9c81db24d2b96301301cb5f0847cd0f266ee5b9deb95611bf13d92?s=96&d=mm&r=g","contentUrl":"https:\/\/secure.gravatar.com\/avatar\/da245a1cae9c81db24d2b96301301cb5f0847cd0f266ee5b9deb95611bf13d92?s=96&d=mm&r=g","caption":"Turismo.Ricercattiva"},"sameAs":["http:\/\/turismo.ricercattiva.it"],"url":"https:\/\/www.altaviadeimontilattari.it\/de\/author\/turismo-ricercattiva\/"}]}},"jetpack_featured_media_url":"https:\/\/i0.wp.com\/www.altaviadeimontilattari.it\/wp-content\/uploads\/2020\/11\/portada-1.jpg?fit=1773%2C1773&ssl=1","jetpack-related-posts":[{"id":6468,"url":"https:\/\/www.altaviadeimontilattari.it\/de\/19-monte-san-costanzo-490-m\/","url_meta":{"origin":6460,"position":0},"title":"19. Monte San Costanzo (490 m)","author":"Turismo.Ricercattiva","date":"20. November 2020","format":false,"excerpt":"Wir verlassen den Strand von Recommone und fahren weiter in Richtung des letzten Abschnitts der Alta Via dei Monti Lattari. Vom Meeresspiegel aus, am Strand Marina del Cantone , beginnen wir den Aufstieg zum Monte San Costanzo in 490 m Entfernung vom Meer. Wir folgen der Via Cantone , die\u2026","rel":"","context":"In &quot;Besichtigung der Alta Via dei Monti Lattari&quot;","block_context":{"text":"Besichtigung der Alta Via dei Monti Lattari","link":"https:\/\/www.altaviadeimontilattari.it\/de\/category\/besichtigung-der-alta-via-dei-monti-lattari\/"},"img":{"alt_text":"","src":"https:\/\/i0.wp.com\/www.altaviadeimontilattari.it\/wp-content\/uploads\/2020\/11\/IMG_20200607_162155.jpg?fit=1200%2C1200&ssl=1&resize=350%2C200","width":350,"height":200,"srcset":"https:\/\/i0.wp.com\/www.altaviadeimontilattari.it\/wp-content\/uploads\/2020\/11\/IMG_20200607_162155.jpg?fit=1200%2C1200&ssl=1&resize=350%2C200 1x, https:\/\/i0.wp.com\/www.altaviadeimontilattari.it\/wp-content\/uploads\/2020\/11\/IMG_20200607_162155.jpg?fit=1200%2C1200&ssl=1&resize=525%2C300 1.5x, https:\/\/i0.wp.com\/www.altaviadeimontilattari.it\/wp-content\/uploads\/2020\/11\/IMG_20200607_162155.jpg?fit=1200%2C1200&ssl=1&resize=700%2C400 2x, https:\/\/i0.wp.com\/www.altaviadeimontilattari.it\/wp-content\/uploads\/2020\/11\/IMG_20200607_162155.jpg?fit=1200%2C1200&ssl=1&resize=1050%2C600 3x"},"classes":[]},{"id":6132,"url":"https:\/\/www.altaviadeimontilattari.it\/de\/24-termini-punta-campanella\/","url_meta":{"origin":6460,"position":1},"title":"24. Termini &#8211; Punta Campanella","author":"","date":"23. Februar 2022","format":false,"excerpt":"von Termini (Massa Lubrense) nach Punta Campanella und Monte San Costanzo Dauer: 6,4 km Fahrzeit: 4h 30 ' Route - Nicht sehr anspruchsvolle Wanderung. Bedenken Sie jedoch, dass die knapp \u00fcber 400 H\u00f6henmeter von Punta Campanella bis zum Gipfel des Monte San Costanzo vollst\u00e4ndig der Sonne ausgesetzt sind. Anfahrt -\u2026","rel":"","context":"In &quot;Wanderwege&quot;","block_context":{"text":"Wanderwege","link":"https:\/\/www.altaviadeimontilattari.it\/de\/category\/wanderwege\/"},"img":{"alt_text":"","src":"https:\/\/i0.wp.com\/www.altaviadeimontilattari.it\/wp-content\/uploads\/2022\/03\/IMG_36641.jpg?resize=350%2C200&ssl=1","width":350,"height":200,"srcset":"https:\/\/i0.wp.com\/www.altaviadeimontilattari.it\/wp-content\/uploads\/2022\/03\/IMG_36641.jpg?resize=350%2C200&ssl=1 1x, https:\/\/i0.wp.com\/www.altaviadeimontilattari.it\/wp-content\/uploads\/2022\/03\/IMG_36641.jpg?resize=525%2C300&ssl=1 1.5x, https:\/\/i0.wp.com\/www.altaviadeimontilattari.it\/wp-content\/uploads\/2022\/03\/IMG_36641.jpg?resize=700%2C400&ssl=1 2x, https:\/\/i0.wp.com\/www.altaviadeimontilattari.it\/wp-content\/uploads\/2022\/03\/IMG_36641.jpg?resize=1050%2C600&ssl=1 3x, https:\/\/i0.wp.com\/www.altaviadeimontilattari.it\/wp-content\/uploads\/2022\/03\/IMG_36641.jpg?resize=1400%2C800&ssl=1 4x"},"classes":[]},{"id":6140,"url":"https:\/\/www.altaviadeimontilattari.it\/de\/23-nerano-baia-di-jeranto\/","url_meta":{"origin":6460,"position":2},"title":"23. Nerano &#8211; Baia di Jeranto","author":"","date":"22. Februar 2022","format":false,"excerpt":"von Nerano zur F.A.I. von Jeranto Bay mit einem Besuch der ehemaligen ILVA-Minenanlage Dauer: 6,4 km Fahrzeit: 4h 30 ' Weg - Die Wanderung stellt keine besonderen Schwierigkeiten dar und ist sehr angenehm, da man in den Gew\u00e4ssern der bezaubernden Bucht von Jeranto baden kann. Interessant ist auch die Besichtigung\u2026","rel":"","context":"In &quot;Wanderwege&quot;","block_context":{"text":"Wanderwege","link":"https:\/\/www.altaviadeimontilattari.it\/de\/category\/wanderwege\/"},"img":{"alt_text":"","src":"https:\/\/i0.wp.com\/www.altaviadeimontilattari.it\/wp-content\/uploads\/2022\/03\/IMG_36631.jpg?resize=350%2C200&ssl=1","width":350,"height":200,"srcset":"https:\/\/i0.wp.com\/www.altaviadeimontilattari.it\/wp-content\/uploads\/2022\/03\/IMG_36631.jpg?resize=350%2C200&ssl=1 1x, https:\/\/i0.wp.com\/www.altaviadeimontilattari.it\/wp-content\/uploads\/2022\/03\/IMG_36631.jpg?resize=525%2C300&ssl=1 1.5x, https:\/\/i0.wp.com\/www.altaviadeimontilattari.it\/wp-content\/uploads\/2022\/03\/IMG_36631.jpg?resize=700%2C400&ssl=1 2x, https:\/\/i0.wp.com\/www.altaviadeimontilattari.it\/wp-content\/uploads\/2022\/03\/IMG_36631.jpg?resize=1050%2C600&ssl=1 3x, https:\/\/i0.wp.com\/www.altaviadeimontilattari.it\/wp-content\/uploads\/2022\/03\/IMG_36631.jpg?resize=1400%2C800&ssl=1 4x"},"classes":[]},{"id":6454,"url":"https:\/\/www.altaviadeimontilattari.it\/de\/21-begriffe-323-m\/","url_meta":{"origin":6460,"position":3},"title":"21. Begriffe (323 m)","author":"","date":"20. November 2020","format":false,"excerpt":"Die Alta Via dei Monti Lattari endet in Termini, einem Ortsteil von Massa Lubrense. Von Punta Campanella entlang der gesamten Via Minerva bis zum 3,2 km entfernten Zentrum des Dorfes Termini. Die kleine Stra\u00dfe ist gut gepflegt und leicht zu gehen. Unterwegs sto\u00dfen Sie auf die Abzweigung nach Cala di\u2026","rel":"","context":"In &quot;Besichtigung der Alta Via dei Monti Lattari&quot;","block_context":{"text":"Besichtigung der Alta Via dei Monti Lattari","link":"https:\/\/www.altaviadeimontilattari.it\/de\/category\/besichtigung-der-alta-via-dei-monti-lattari\/"},"img":{"alt_text":"","src":"https:\/\/i0.wp.com\/www.altaviadeimontilattari.it\/wp-content\/uploads\/2020\/11\/portada.jpg?fit=1200%2C1200&ssl=1&resize=350%2C200","width":350,"height":200,"srcset":"https:\/\/i0.wp.com\/www.altaviadeimontilattari.it\/wp-content\/uploads\/2020\/11\/portada.jpg?fit=1200%2C1200&ssl=1&resize=350%2C200 1x, https:\/\/i0.wp.com\/www.altaviadeimontilattari.it\/wp-content\/uploads\/2020\/11\/portada.jpg?fit=1200%2C1200&ssl=1&resize=525%2C300 1.5x, https:\/\/i0.wp.com\/www.altaviadeimontilattari.it\/wp-content\/uploads\/2020\/11\/portada.jpg?fit=1200%2C1200&ssl=1&resize=700%2C400 2x, https:\/\/i0.wp.com\/www.altaviadeimontilattari.it\/wp-content\/uploads\/2020\/11\/portada.jpg?fit=1200%2C1200&ssl=1&resize=1050%2C600 3x"},"classes":[]},{"id":6164,"url":"https:\/\/www.altaviadeimontilattari.it\/de\/20-capo-muro\/","url_meta":{"origin":6460,"position":4},"title":"20.Capo Muro","author":"","date":"17. Februar 2022","format":false,"excerpt":"von Nocelle (Positano) bis zum Steinpilz von Capo Muro Dauer: 5 km Fahrzeit: 6h 00 ' Strecke - Der H\u00f6henunterschied von \u00fcber 600 Metern erfordert ein Minimum an Training. Der Boden, oft aus lockerem Material, erfordert die Verwendung von Schuhen mit gutem Halt auf dem Boden. Aufgrund der h\u00e4ufigen Windbelastung\u2026","rel":"","context":"In &quot;Wanderwege&quot;","block_context":{"text":"Wanderwege","link":"https:\/\/www.altaviadeimontilattari.it\/de\/category\/wanderwege\/"},"img":{"alt_text":"","src":"https:\/\/i0.wp.com\/www.altaviadeimontilattari.it\/wp-content\/uploads\/2022\/03\/IMG_36591.jpg?resize=350%2C200&ssl=1","width":350,"height":200,"srcset":"https:\/\/i0.wp.com\/www.altaviadeimontilattari.it\/wp-content\/uploads\/2022\/03\/IMG_36591.jpg?resize=350%2C200&ssl=1 1x, https:\/\/i0.wp.com\/www.altaviadeimontilattari.it\/wp-content\/uploads\/2022\/03\/IMG_36591.jpg?resize=525%2C300&ssl=1 1.5x, https:\/\/i0.wp.com\/www.altaviadeimontilattari.it\/wp-content\/uploads\/2022\/03\/IMG_36591.jpg?resize=700%2C400&ssl=1 2x, https:\/\/i0.wp.com\/www.altaviadeimontilattari.it\/wp-content\/uploads\/2022\/03\/IMG_36591.jpg?resize=1050%2C600&ssl=1 3x, https:\/\/i0.wp.com\/www.altaviadeimontilattari.it\/wp-content\/uploads\/2022\/03\/IMG_36591.jpg?resize=1400%2C800&ssl=1 4x"},"classes":[]},{"id":6342,"url":"https:\/\/www.altaviadeimontilattari.it\/de\/11-von-amalfi-zum-torre-dello-ziro\/","url_meta":{"origin":6460,"position":5},"title":"11.Von Amalfi zum Torre dello Ziro","author":"","date":"11. Februar 2022","format":false,"excerpt":"Amalfi - Torre dello Ziro - Pontone - Ruinen der Basilika Sant'Eustachio - Atrani - Amalfi Dauer :6,9 km Reisezeit : 4h 30' Weg - 350 H\u00f6henmeter, haupts\u00e4chlich in Salinate zu bew\u00e4ltigen. Unterwegs au\u00dfergew\u00f6hnliche Aussichtspunkte und Denkm\u00e4ler von gro\u00dfem Interesse. Logistik - F\u00fcr diejenigen, die mit dem Auto in die\u2026","rel":"","context":"In &quot;Wanderwege&quot;","block_context":{"text":"Wanderwege","link":"https:\/\/www.altaviadeimontilattari.it\/de\/category\/wanderwege\/"},"img":{"alt_text":"","src":"https:\/\/i0.wp.com\/www.altaviadeimontilattari.it\/wp-content\/uploads\/2022\/03\/IMG_36501.jpg?resize=350%2C200&ssl=1","width":350,"height":200,"srcset":"https:\/\/i0.wp.com\/www.altaviadeimontilattari.it\/wp-content\/uploads\/2022\/03\/IMG_36501.jpg?resize=350%2C200&ssl=1 1x, https:\/\/i0.wp.com\/www.altaviadeimontilattari.it\/wp-content\/uploads\/2022\/03\/IMG_36501.jpg?resize=525%2C300&ssl=1 1.5x, https:\/\/i0.wp.com\/www.altaviadeimontilattari.it\/wp-content\/uploads\/2022\/03\/IMG_36501.jpg?resize=700%2C400&ssl=1 2x, https:\/\/i0.wp.com\/www.altaviadeimontilattari.it\/wp-content\/uploads\/2022\/03\/IMG_36501.jpg?resize=1050%2C600&ssl=1 3x, https:\/\/i0.wp.com\/www.altaviadeimontilattari.it\/wp-content\/uploads\/2022\/03\/IMG_36501.jpg?resize=1400%2C800&ssl=1 4x"},"classes":[]}],"jetpack_shortlink":"https:\/\/wp.me\/pcGNaV-1Gc","jetpack_sharing_enabled":true,"_links":{"self":[{"href":"https:\/\/www.altaviadeimontilattari.it\/de\/wp-json\/wp\/v2\/posts\/6460","targetHints":{"allow":["GET"]}}],"collection":[{"href":"https:\/\/www.altaviadeimontilattari.it\/de\/wp-json\/wp\/v2\/posts"}],"about":[{"href":"https:\/\/www.altaviadeimontilattari.it\/de\/wp-json\/wp\/v2\/types\/post"}],"author":[{"embeddable":true,"href":"https:\/\/www.altaviadeimontilattari.it\/de\/wp-json\/wp\/v2\/users\/3"}],"replies":[{"embeddable":true,"href":"https:\/\/www.altaviadeimontilattari.it\/de\/wp-json\/wp\/v2\/comments?post=6460"}],"version-history":[{"count":1,"href":"https:\/\/www.altaviadeimontilattari.it\/de\/wp-json\/wp\/v2\/posts\/6460\/revisions"}],"predecessor-version":[{"id":6461,"href":"https:\/\/www.altaviadeimontilattari.it\/de\/wp-json\/wp\/v2\/posts\/6460\/revisions\/6461"}],"wp:featuredmedia":[{"embeddable":true,"href":"https:\/\/www.altaviadeimontilattari.it\/de\/wp-json\/wp\/v2\/media\/5177"}],"wp:attachment":[{"href":"https:\/\/www.altaviadeimontilattari.it\/de\/wp-json\/wp\/v2\/media?parent=6460"}],"wp:term":[{"taxonomy":"category","embeddable":true,"href":"https:\/\/www.altaviadeimontilattari.it\/de\/wp-json\/wp\/v2\/categories?post=6460"},{"taxonomy":"post_tag","embeddable":true,"href":"https:\/\/www.altaviadeimontilattari.it\/de\/wp-json\/wp\/v2\/tags?post=6460"}],"curies":[{"name":"wp","href":"https:\/\/api.w.org\/{rel}","templated":true}]}}