{"id":6492,"date":"2020-11-20T22:10:15","date_gmt":"2020-11-20T22:10:15","guid":{"rendered":"https:\/\/www.altaviadeimontilattari.it\/16-malacoccola-493-m\/"},"modified":"2022-07-09T12:03:33","modified_gmt":"2022-07-09T12:03:33","slug":"16-malacoccola-493-m","status":"publish","type":"post","link":"https:\/\/www.altaviadeimontilattari.it\/de\/16-malacoccola-493-m\/","title":{"rendered":"16. Malacoccola (493 m)"},"content":{"rendered":"<p>Das Vorgebirge von <strong> <em> Malacoccola <\/em> <\/strong> ist einer der landschaftlich interessanten Punkte am S\u00fcdhang der Halbinsel von Sorrento. Folgen Sie vom kleinen Platz <strong> Colli di Fontanelle <\/strong> (Teil von <b> Sant&#8217;Agnello <\/b> ) dem Pfad der Alta Via dei Monti Lattari, der bis zu einer kleinen Stra\u00dfe f\u00fchrt, die einige durchschneidet In Haarnadelkurven der Staatsstra\u00dfe erreichen Sie die h\u00f6chste Kurve in der N\u00e4he eines Felsenheiligtums, wo Sie den Weg wieder aufnehmen.<\/p>\n<p>Die Route f\u00fchrt durch Kastanienhaine, Str\u00e4ucher, Blumen und D\u00fcfte. Fahren Sie dann leicht bergauf zum Vorgebirge <em> <strong>Malacoccola <\/strong> <\/em> , einem Ort, an dem Sie den Golf von Salerno bewundern k\u00f6nnen. Der h\u00f6chste Punkt ist <em> <strong>Pizzitiello <\/strong> <\/em> auf 489 m und sobald der Abstieg beginnt, finden Sie die <em> <strong> Abzweigung nach Punta S. Elia. <\/strong> <\/em> Wenn Sie die Kreuzung nehmen, gehen Sie einen etwas unzug\u00e4nglichen Abstieg hinunter, der es Ihnen erm\u00f6glicht, den sogenannten <em> <strong> &#8222;Torre di Sant&#8217;Elia&#8220; zu erreichen, <\/strong> <\/em> weiter Sie \u00fcberqueren ein Privatgrundst\u00fcck, auf dem sich einst ein alter Bauernhof befand, und steigen dann weiter ab, bis Sie auf den Felsen das Meer erreichen. Von hier aus k\u00f6nnen die Wagemutigeren ein sch\u00f6nes erfrischendes Bad nehmen und dann zur Alta Via zur\u00fcckkehren.<\/p>\n<p>Von der Landzunge f\u00fchrt der Weg steil bergab zum Flaumeichenhain und dann auf eine Hochebene, ein sehr angenehmes Wegst\u00fcck bis nach Torca.<\/p>\n\n<div class=\"wp-block-jetpack-tiled-gallery aligncenter is-style-rectangular\"><div class=\"tiled-gallery__gallery\"><div class=\"tiled-gallery__row\"><div class=\"tiled-gallery__col\" style=\"flex-basis:100.00000%\"><figure class=\"tiled-gallery__item\"><img decoding=\"async\" role=\"button\" tabindex=\"0\" aria-label=\"Bild\u00a01 von 6 im Vollbildmodus \u00f6ffnen\"srcset=\"https:\/\/i0.wp.com\/www.altaviadeimontilattari.it\/wp-content\/uploads\/2021\/08\/sant_elia_porta.png?strip=info&#038;w=600&#038;ssl=1 600w,https:\/\/i0.wp.com\/www.altaviadeimontilattari.it\/wp-content\/uploads\/2021\/08\/sant_elia_porta.png?strip=info&#038;w=900&#038;ssl=1 900w,https:\/\/i0.wp.com\/www.altaviadeimontilattari.it\/wp-content\/uploads\/2021\/08\/sant_elia_porta.png?strip=info&#038;w=1024&#038;ssl=1 1024w\" alt=\"Punta Sant'Elia Masseria\" data-height=\"282\" data-id=\"3776\" data-link=\"https:\/\/altaviadeimontilattari.it\/16-malacoccola-493-m\/sant_elia_porta\/\" data-url=\"https:\/\/altaviadeimontilattari.it\/wp-content\/uploads\/2021\/08\/sant_elia_porta.png\" data-width=\"1024\" src=\"https:\/\/i0.wp.com\/www.altaviadeimontilattari.it\/wp-content\/uploads\/2021\/08\/sant_elia_porta.png?ssl=1\" data-amp-layout=\"responsive\"\/><\/figure><\/div><\/div><div class=\"tiled-gallery__row\"><div class=\"tiled-gallery__col\" style=\"flex-basis:53.93811%\"><figure class=\"tiled-gallery__item\"><img decoding=\"async\" role=\"button\" tabindex=\"0\" aria-label=\"Bild\u00a02 von 6 im Vollbildmodus \u00f6ffnen\"srcset=\"https:\/\/i0.wp.com\/www.altaviadeimontilattari.it\/wp-content\/uploads\/2021\/08\/sant_elia_masseria.png?strip=info&#038;w=576&#038;ssl=1 576w\" alt=\"Punta Sant'Elia Masseria\" data-height=\"1024\" data-id=\"3777\" data-link=\"https:\/\/altaviadeimontilattari.it\/16-malacoccola-493-m\/sant_elia_masseria\/\" data-url=\"https:\/\/altaviadeimontilattari.it\/wp-content\/uploads\/2021\/08\/sant_elia_masseria.png\" data-width=\"576\" src=\"https:\/\/i0.wp.com\/www.altaviadeimontilattari.it\/wp-content\/uploads\/2021\/08\/sant_elia_masseria.png?ssl=1\" data-amp-layout=\"responsive\"\/><\/figure><\/div><div class=\"tiled-gallery__col\" style=\"flex-basis:46.06189%\"><figure class=\"tiled-gallery__item\"><img decoding=\"async\" role=\"button\" tabindex=\"0\" aria-label=\"Bild\u00a03 von 6 im Vollbildmodus \u00f6ffnen\"srcset=\"https:\/\/i1.wp.com\/www.altaviadeimontilattari.it\/wp-content\/uploads\/2021\/08\/sant_elia_torre.png?strip=info&#038;w=600&#038;ssl=1 600w,https:\/\/i1.wp.com\/www.altaviadeimontilattari.it\/wp-content\/uploads\/2021\/08\/sant_elia_torre.png?strip=info&#038;w=900&#038;ssl=1 900w,https:\/\/i1.wp.com\/www.altaviadeimontilattari.it\/wp-content\/uploads\/2021\/08\/sant_elia_torre.png?strip=info&#038;w=1024&#038;ssl=1 1024w\" alt=\"Torre a Punta Sant'Elia\" data-height=\"768\" data-id=\"3778\" data-link=\"https:\/\/altaviadeimontilattari.it\/16-malacoccola-493-m\/sant_elia_torre\/\" data-url=\"https:\/\/altaviadeimontilattari.it\/wp-content\/uploads\/2021\/08\/sant_elia_torre.png\" data-width=\"1024\" src=\"https:\/\/i1.wp.com\/www.altaviadeimontilattari.it\/wp-content\/uploads\/2021\/08\/sant_elia_torre.png?ssl=1\" data-amp-layout=\"responsive\"\/><\/figure><figure class=\"tiled-gallery__item\"><img decoding=\"async\" role=\"button\" tabindex=\"0\" aria-label=\"Bild\u00a04 von 6 im Vollbildmodus \u00f6ffnen\"srcset=\"https:\/\/i0.wp.com\/www.altaviadeimontilattari.it\/wp-content\/uploads\/2021\/08\/sant_elia_discesa_mare.png?strip=info&#038;w=600&#038;ssl=1 600w,https:\/\/i0.wp.com\/www.altaviadeimontilattari.it\/wp-content\/uploads\/2021\/08\/sant_elia_discesa_mare.png?strip=info&#038;w=900&#038;ssl=1 900w,https:\/\/i0.wp.com\/www.altaviadeimontilattari.it\/wp-content\/uploads\/2021\/08\/sant_elia_discesa_mare.png?strip=info&#038;w=1024&#038;ssl=1 1024w\" alt=\"Punta Sant'Elia\" data-height=\"768\" data-id=\"3779\" data-link=\"https:\/\/altaviadeimontilattari.it\/16-malacoccola-493-m\/sant_elia_discesa_mare\/\" data-url=\"https:\/\/altaviadeimontilattari.it\/wp-content\/uploads\/2021\/08\/sant_elia_discesa_mare.png\" data-width=\"1024\" src=\"https:\/\/i0.wp.com\/www.altaviadeimontilattari.it\/wp-content\/uploads\/2021\/08\/sant_elia_discesa_mare.png?ssl=1\" data-amp-layout=\"responsive\"\/><\/figure><figure class=\"tiled-gallery__item\"><img decoding=\"async\" role=\"button\" tabindex=\"0\" aria-label=\"Bild\u00a05 von 6 im Vollbildmodus \u00f6ffnen\"srcset=\"https:\/\/i1.wp.com\/www.altaviadeimontilattari.it\/wp-content\/uploads\/2021\/08\/malacoccola_panorama_2.png?strip=info&#038;w=600&#038;ssl=1 600w,https:\/\/i1.wp.com\/www.altaviadeimontilattari.it\/wp-content\/uploads\/2021\/08\/malacoccola_panorama_2.png?strip=info&#038;w=900&#038;ssl=1 900w,https:\/\/i1.wp.com\/www.altaviadeimontilattari.it\/wp-content\/uploads\/2021\/08\/malacoccola_panorama_2.png?strip=info&#038;w=1024&#038;ssl=1 1024w\" alt=\"Panorama da promontorio Malacoccola\" data-height=\"576\" data-id=\"3780\" data-link=\"https:\/\/altaviadeimontilattari.it\/16-malacoccola-493-m\/malacoccola_panorama_2\/\" data-url=\"https:\/\/altaviadeimontilattari.it\/wp-content\/uploads\/2021\/08\/malacoccola_panorama_2.png\" data-width=\"1024\" src=\"https:\/\/i1.wp.com\/www.altaviadeimontilattari.it\/wp-content\/uploads\/2021\/08\/malacoccola_panorama_2.png?ssl=1\" data-amp-layout=\"responsive\"\/><\/figure><\/div><\/div><div class=\"tiled-gallery__row\"><div class=\"tiled-gallery__col\" style=\"flex-basis:100.00000%\"><figure class=\"tiled-gallery__item\"><img decoding=\"async\" role=\"button\" tabindex=\"0\" aria-label=\"Bild\u00a06 von 6 im Vollbildmodus \u00f6ffnen\"srcset=\"https:\/\/i1.wp.com\/www.altaviadeimontilattari.it\/wp-content\/uploads\/2021\/08\/malacoccola_panorama.png?strip=info&#038;w=600&#038;ssl=1 600w,https:\/\/i1.wp.com\/www.altaviadeimontilattari.it\/wp-content\/uploads\/2021\/08\/malacoccola_panorama.png?strip=info&#038;w=900&#038;ssl=1 900w,https:\/\/i1.wp.com\/www.altaviadeimontilattari.it\/wp-content\/uploads\/2021\/08\/malacoccola_panorama.png?strip=info&#038;w=1024&#038;ssl=1 1024w\" alt=\"Panorama da promontorio Malacoccola\" data-height=\"576\" data-id=\"3781\" data-link=\"https:\/\/altaviadeimontilattari.it\/16-malacoccola-493-m\/malacoccola_panorama\/\" data-url=\"https:\/\/altaviadeimontilattari.it\/wp-content\/uploads\/2021\/08\/malacoccola_panorama.png\" data-width=\"1024\" src=\"https:\/\/i1.wp.com\/www.altaviadeimontilattari.it\/wp-content\/uploads\/2021\/08\/malacoccola_panorama.png?ssl=1\" data-amp-layout=\"responsive\"\/><\/figure><\/div><\/div><\/div><\/div>\r\n<div style=\"margin: 20px 0;\"><div class=\"qrcswholewtapper\" style=\"text-align:left;\"><div class=\"qrcprowrapper\"  id=\"qrcwraa2leds\"><div class=\"qrc_canvass\" id=\"qrc_cuttenpages_2\" style=\"display:inline-block\" data-text=\"https:\/\/www.altaviadeimontilattari.it\/de\/16-malacoccola-493-m\/\"><\/div><div><a download=\"16. Malacoccola (493 m).png\" class=\"qrcdownloads\" id=\"worign\">\r\n           <button type=\"button\" style=\"min-width:200px;background:#81ea00;color:#000;font-weight: 600;border: 1px solid #dddddd;border-radius:4px;font-size:12px;padding: 6px 0;\" class=\"uqr_code_btn\">Download QR<\/button>\r\n           <\/a><\/div><\/div><\/div><\/div>","protected":false},"excerpt":{"rendered":"<p>Das Vorgebirge von Malacoccola ist einer der landschaftlich interessanten Punkte am S\u00fcdhang der Halbinsel von Sorrento. Folgen Sie vom kleinen Platz Colli di Fontanelle (Teil von Sant&#8217;Agnello ) dem Pfad der Alta Via dei Monti Lattari, der bis zu einer kleinen Stra\u00dfe f\u00fchrt, die einige durchschneidet In Haarnadelkurven der Staatsstra\u00dfe erreichen Sie die h\u00f6chste Kurve&hellip;&nbsp;<a href=\"https:\/\/www.altaviadeimontilattari.it\/de\/16-malacoccola-493-m\/\" rel=\"bookmark\">Mehr lesen &raquo;<span class=\"screen-reader-text\">16. Malacoccola (493 m)<\/span><\/a><\/p>\n","protected":false},"author":3,"featured_media":5309,"comment_status":"open","ping_status":"closed","sticky":false,"template":"","format":"standard","meta":{"neve_meta_sidebar":"","neve_meta_container":"","neve_meta_enable_content_width":"","neve_meta_content_width":0,"neve_meta_title_alignment":"","neve_meta_author_avatar":"","neve_post_elements_order":"","neve_meta_disable_header":"","neve_meta_disable_footer":"","neve_meta_disable_title":"","neve_meta_reading_time":"","_themeisle_gutenberg_block_has_review":false,"jetpack_post_was_ever_published":false,"_jetpack_newsletter_access":"","_jetpack_dont_email_post_to_subs":false,"_jetpack_newsletter_tier_id":0,"_jetpack_memberships_contains_paywalled_content":false,"_jetpack_memberships_contains_paid_content":false,"footnotes":""},"categories":[269],"tags":[],"class_list":["post-6492","post","type-post","status-publish","format-standard","has-post-thumbnail","hentry","category-besichtigung-der-alta-via-dei-monti-lattari"],"yoast_head":"<!-- This site is optimized with the Yoast SEO plugin v27.4 - https:\/\/yoast.com\/product\/yoast-seo-wordpress\/ -->\n<title>16. Malacoccola (493 m) - Alta Via dei Monti Lattari<\/title>\n<meta name=\"description\" content=\"Das Malacoccola-Vorgebirge ist einer der landschaftlich interessanten Punkte am S\u00fcdhang der Halbinsel von Sorrento.\" \/>\n<meta name=\"robots\" content=\"index, follow, max-snippet:-1, max-image-preview:large, max-video-preview:-1\" \/>\n<link rel=\"canonical\" href=\"https:\/\/www.altaviadeimontilattari.it\/de\/16-malacoccola-493-m\/\" \/>\n<meta property=\"og:locale\" content=\"de_DE\" \/>\n<meta property=\"og:type\" content=\"article\" \/>\n<meta property=\"og:title\" content=\"16. Malacoccola (493 m) - Alta Via dei Monti Lattari\" \/>\n<meta property=\"og:description\" content=\"Das Malacoccola-Vorgebirge ist einer der landschaftlich interessanten Punkte am S\u00fcdhang der Halbinsel von Sorrento.\" \/>\n<meta property=\"og:url\" content=\"https:\/\/www.altaviadeimontilattari.it\/de\/16-malacoccola-493-m\/\" \/>\n<meta property=\"og:site_name\" content=\"Alta Via dei Monti Lattari\" \/>\n<meta property=\"article:published_time\" content=\"2020-11-20T22:10:15+00:00\" \/>\n<meta property=\"article:modified_time\" content=\"2022-07-09T12:03:33+00:00\" \/>\n<meta property=\"og:image\" content=\"https:\/\/www.altaviadeimontilattari.it\/wp-content\/uploads\/2020\/11\/malacoccola_1024.png\" \/>\n\t<meta property=\"og:image:width\" content=\"768\" \/>\n\t<meta property=\"og:image:height\" content=\"768\" \/>\n\t<meta property=\"og:image:type\" content=\"image\/png\" \/>\n<meta name=\"author\" content=\"Turismo.Ricercattiva\" \/>\n<meta name=\"twitter:card\" content=\"summary_large_image\" \/>\n<meta name=\"twitter:label1\" content=\"Verfasst von\" \/>\n\t<meta name=\"twitter:data1\" content=\"Turismo.Ricercattiva\" \/>\n\t<meta name=\"twitter:label2\" content=\"Gesch\u00e4tzte Lesezeit\" \/>\n\t<meta name=\"twitter:data2\" content=\"1\u00a0Minute\" \/>\n<script type=\"application\/ld+json\" class=\"yoast-schema-graph\">{\"@context\":\"https:\\\/\\\/schema.org\",\"@graph\":[{\"@type\":\"Article\",\"@id\":\"https:\\\/\\\/www.altaviadeimontilattari.it\\\/de\\\/16-malacoccola-493-m\\\/#article\",\"isPartOf\":{\"@id\":\"https:\\\/\\\/www.altaviadeimontilattari.it\\\/de\\\/16-malacoccola-493-m\\\/\"},\"author\":{\"name\":\"Turismo.Ricercattiva\",\"@id\":\"https:\\\/\\\/www.altaviadeimontilattari.it\\\/#\\\/schema\\\/person\\\/47c8033a7c6005363bf26047c156ed2c\"},\"headline\":\"16. Malacoccola (493 m)\",\"datePublished\":\"2020-11-20T22:10:15+00:00\",\"dateModified\":\"2022-07-09T12:03:33+00:00\",\"mainEntityOfPage\":{\"@id\":\"https:\\\/\\\/www.altaviadeimontilattari.it\\\/de\\\/16-malacoccola-493-m\\\/\"},\"wordCount\":224,\"commentCount\":0,\"publisher\":{\"@id\":\"https:\\\/\\\/www.altaviadeimontilattari.it\\\/#organization\"},\"image\":{\"@id\":\"https:\\\/\\\/www.altaviadeimontilattari.it\\\/de\\\/16-malacoccola-493-m\\\/#primaryimage\"},\"thumbnailUrl\":\"https:\\\/\\\/i0.wp.com\\\/www.altaviadeimontilattari.it\\\/wp-content\\\/uploads\\\/2020\\\/11\\\/malacoccola_1024.png?fit=768%2C768&ssl=1\",\"articleSection\":[\"Besichtigung der Alta Via dei Monti Lattari\"],\"inLanguage\":\"de\",\"potentialAction\":[{\"@type\":\"CommentAction\",\"name\":\"Comment\",\"target\":[\"https:\\\/\\\/www.altaviadeimontilattari.it\\\/de\\\/16-malacoccola-493-m\\\/#respond\"]}]},{\"@type\":\"WebPage\",\"@id\":\"https:\\\/\\\/www.altaviadeimontilattari.it\\\/de\\\/16-malacoccola-493-m\\\/\",\"url\":\"https:\\\/\\\/www.altaviadeimontilattari.it\\\/de\\\/16-malacoccola-493-m\\\/\",\"name\":\"16. Malacoccola (493 m) - Alta Via dei Monti Lattari\",\"isPartOf\":{\"@id\":\"https:\\\/\\\/www.altaviadeimontilattari.it\\\/#website\"},\"primaryImageOfPage\":{\"@id\":\"https:\\\/\\\/www.altaviadeimontilattari.it\\\/de\\\/16-malacoccola-493-m\\\/#primaryimage\"},\"image\":{\"@id\":\"https:\\\/\\\/www.altaviadeimontilattari.it\\\/de\\\/16-malacoccola-493-m\\\/#primaryimage\"},\"thumbnailUrl\":\"https:\\\/\\\/i0.wp.com\\\/www.altaviadeimontilattari.it\\\/wp-content\\\/uploads\\\/2020\\\/11\\\/malacoccola_1024.png?fit=768%2C768&ssl=1\",\"datePublished\":\"2020-11-20T22:10:15+00:00\",\"dateModified\":\"2022-07-09T12:03:33+00:00\",\"description\":\"Das Malacoccola-Vorgebirge ist einer der landschaftlich interessanten Punkte am S\u00fcdhang der Halbinsel von Sorrento.\",\"breadcrumb\":{\"@id\":\"https:\\\/\\\/www.altaviadeimontilattari.it\\\/de\\\/16-malacoccola-493-m\\\/#breadcrumb\"},\"inLanguage\":\"de\",\"potentialAction\":[{\"@type\":\"ReadAction\",\"target\":[\"https:\\\/\\\/www.altaviadeimontilattari.it\\\/de\\\/16-malacoccola-493-m\\\/\"]}]},{\"@type\":\"ImageObject\",\"inLanguage\":\"de\",\"@id\":\"https:\\\/\\\/www.altaviadeimontilattari.it\\\/de\\\/16-malacoccola-493-m\\\/#primaryimage\",\"url\":\"https:\\\/\\\/i0.wp.com\\\/www.altaviadeimontilattari.it\\\/wp-content\\\/uploads\\\/2020\\\/11\\\/malacoccola_1024.png?fit=768%2C768&ssl=1\",\"contentUrl\":\"https:\\\/\\\/i0.wp.com\\\/www.altaviadeimontilattari.it\\\/wp-content\\\/uploads\\\/2020\\\/11\\\/malacoccola_1024.png?fit=768%2C768&ssl=1\",\"width\":768,\"height\":768},{\"@type\":\"BreadcrumbList\",\"@id\":\"https:\\\/\\\/www.altaviadeimontilattari.it\\\/de\\\/16-malacoccola-493-m\\\/#breadcrumb\",\"itemListElement\":[{\"@type\":\"ListItem\",\"position\":1,\"name\":\"Home\",\"item\":\"https:\\\/\\\/www.altaviadeimontilattari.it\\\/es\\\/\"},{\"@type\":\"ListItem\",\"position\":2,\"name\":\"16. Malacoccola (493 m)\"}]},{\"@type\":\"WebSite\",\"@id\":\"https:\\\/\\\/www.altaviadeimontilattari.it\\\/#website\",\"url\":\"https:\\\/\\\/www.altaviadeimontilattari.it\\\/\",\"name\":\"Alta Via dei Monti Lattari\",\"description\":\"La montagna \u00e8 un modo di vivere la vita.\",\"publisher\":{\"@id\":\"https:\\\/\\\/www.altaviadeimontilattari.it\\\/#organization\"},\"potentialAction\":[{\"@type\":\"SearchAction\",\"target\":{\"@type\":\"EntryPoint\",\"urlTemplate\":\"https:\\\/\\\/www.altaviadeimontilattari.it\\\/?s={search_term_string}\"},\"query-input\":{\"@type\":\"PropertyValueSpecification\",\"valueRequired\":true,\"valueName\":\"search_term_string\"}}],\"inLanguage\":\"de\"},{\"@type\":\"Organization\",\"@id\":\"https:\\\/\\\/www.altaviadeimontilattari.it\\\/#organization\",\"name\":\"Alta Via dei Monti Lattari\",\"url\":\"https:\\\/\\\/www.altaviadeimontilattari.it\\\/\",\"logo\":{\"@type\":\"ImageObject\",\"inLanguage\":\"de\",\"@id\":\"https:\\\/\\\/www.altaviadeimontilattari.it\\\/#\\\/schema\\\/logo\\\/image\\\/\",\"url\":\"https:\\\/\\\/i0.wp.com\\\/www.altaviadeimontilattari.it\\\/wp-content\\\/uploads\\\/2020\\\/12\\\/alta_via_monyi_lattari_logo.png?fit=325%2C100&ssl=1\",\"contentUrl\":\"https:\\\/\\\/i0.wp.com\\\/www.altaviadeimontilattari.it\\\/wp-content\\\/uploads\\\/2020\\\/12\\\/alta_via_monyi_lattari_logo.png?fit=325%2C100&ssl=1\",\"width\":325,\"height\":100,\"caption\":\"Alta Via dei Monti Lattari\"},\"image\":{\"@id\":\"https:\\\/\\\/www.altaviadeimontilattari.it\\\/#\\\/schema\\\/logo\\\/image\\\/\"}},{\"@type\":\"Person\",\"@id\":\"https:\\\/\\\/www.altaviadeimontilattari.it\\\/#\\\/schema\\\/person\\\/47c8033a7c6005363bf26047c156ed2c\",\"name\":\"Turismo.Ricercattiva\",\"image\":{\"@type\":\"ImageObject\",\"inLanguage\":\"de\",\"@id\":\"https:\\\/\\\/secure.gravatar.com\\\/avatar\\\/da245a1cae9c81db24d2b96301301cb5f0847cd0f266ee5b9deb95611bf13d92?s=96&d=mm&r=g\",\"url\":\"https:\\\/\\\/secure.gravatar.com\\\/avatar\\\/da245a1cae9c81db24d2b96301301cb5f0847cd0f266ee5b9deb95611bf13d92?s=96&d=mm&r=g\",\"contentUrl\":\"https:\\\/\\\/secure.gravatar.com\\\/avatar\\\/da245a1cae9c81db24d2b96301301cb5f0847cd0f266ee5b9deb95611bf13d92?s=96&d=mm&r=g\",\"caption\":\"Turismo.Ricercattiva\"},\"sameAs\":[\"http:\\\/\\\/turismo.ricercattiva.it\"],\"url\":\"https:\\\/\\\/www.altaviadeimontilattari.it\\\/de\\\/author\\\/turismo-ricercattiva\\\/\"}]}<\/script>\n<!-- \/ Yoast SEO plugin. -->","yoast_head_json":{"title":"16. Malacoccola (493 m) - Alta Via dei Monti Lattari","description":"Das Malacoccola-Vorgebirge ist einer der landschaftlich interessanten Punkte am S\u00fcdhang der Halbinsel von Sorrento.","robots":{"index":"index","follow":"follow","max-snippet":"max-snippet:-1","max-image-preview":"max-image-preview:large","max-video-preview":"max-video-preview:-1"},"canonical":"https:\/\/www.altaviadeimontilattari.it\/de\/16-malacoccola-493-m\/","og_locale":"de_DE","og_type":"article","og_title":"16. Malacoccola (493 m) - Alta Via dei Monti Lattari","og_description":"Das Malacoccola-Vorgebirge ist einer der landschaftlich interessanten Punkte am S\u00fcdhang der Halbinsel von Sorrento.","og_url":"https:\/\/www.altaviadeimontilattari.it\/de\/16-malacoccola-493-m\/","og_site_name":"Alta Via dei Monti Lattari","article_published_time":"2020-11-20T22:10:15+00:00","article_modified_time":"2022-07-09T12:03:33+00:00","og_image":[{"width":768,"height":768,"url":"https:\/\/www.altaviadeimontilattari.it\/wp-content\/uploads\/2020\/11\/malacoccola_1024.png","type":"image\/png"}],"author":"Turismo.Ricercattiva","twitter_card":"summary_large_image","twitter_misc":{"Verfasst von":"Turismo.Ricercattiva","Gesch\u00e4tzte Lesezeit":"1\u00a0Minute"},"schema":{"@context":"https:\/\/schema.org","@graph":[{"@type":"Article","@id":"https:\/\/www.altaviadeimontilattari.it\/de\/16-malacoccola-493-m\/#article","isPartOf":{"@id":"https:\/\/www.altaviadeimontilattari.it\/de\/16-malacoccola-493-m\/"},"author":{"name":"Turismo.Ricercattiva","@id":"https:\/\/www.altaviadeimontilattari.it\/#\/schema\/person\/47c8033a7c6005363bf26047c156ed2c"},"headline":"16. Malacoccola (493 m)","datePublished":"2020-11-20T22:10:15+00:00","dateModified":"2022-07-09T12:03:33+00:00","mainEntityOfPage":{"@id":"https:\/\/www.altaviadeimontilattari.it\/de\/16-malacoccola-493-m\/"},"wordCount":224,"commentCount":0,"publisher":{"@id":"https:\/\/www.altaviadeimontilattari.it\/#organization"},"image":{"@id":"https:\/\/www.altaviadeimontilattari.it\/de\/16-malacoccola-493-m\/#primaryimage"},"thumbnailUrl":"https:\/\/i0.wp.com\/www.altaviadeimontilattari.it\/wp-content\/uploads\/2020\/11\/malacoccola_1024.png?fit=768%2C768&ssl=1","articleSection":["Besichtigung der Alta Via dei Monti Lattari"],"inLanguage":"de","potentialAction":[{"@type":"CommentAction","name":"Comment","target":["https:\/\/www.altaviadeimontilattari.it\/de\/16-malacoccola-493-m\/#respond"]}]},{"@type":"WebPage","@id":"https:\/\/www.altaviadeimontilattari.it\/de\/16-malacoccola-493-m\/","url":"https:\/\/www.altaviadeimontilattari.it\/de\/16-malacoccola-493-m\/","name":"16. Malacoccola (493 m) - Alta Via dei Monti Lattari","isPartOf":{"@id":"https:\/\/www.altaviadeimontilattari.it\/#website"},"primaryImageOfPage":{"@id":"https:\/\/www.altaviadeimontilattari.it\/de\/16-malacoccola-493-m\/#primaryimage"},"image":{"@id":"https:\/\/www.altaviadeimontilattari.it\/de\/16-malacoccola-493-m\/#primaryimage"},"thumbnailUrl":"https:\/\/i0.wp.com\/www.altaviadeimontilattari.it\/wp-content\/uploads\/2020\/11\/malacoccola_1024.png?fit=768%2C768&ssl=1","datePublished":"2020-11-20T22:10:15+00:00","dateModified":"2022-07-09T12:03:33+00:00","description":"Das Malacoccola-Vorgebirge ist einer der landschaftlich interessanten Punkte am S\u00fcdhang der Halbinsel von Sorrento.","breadcrumb":{"@id":"https:\/\/www.altaviadeimontilattari.it\/de\/16-malacoccola-493-m\/#breadcrumb"},"inLanguage":"de","potentialAction":[{"@type":"ReadAction","target":["https:\/\/www.altaviadeimontilattari.it\/de\/16-malacoccola-493-m\/"]}]},{"@type":"ImageObject","inLanguage":"de","@id":"https:\/\/www.altaviadeimontilattari.it\/de\/16-malacoccola-493-m\/#primaryimage","url":"https:\/\/i0.wp.com\/www.altaviadeimontilattari.it\/wp-content\/uploads\/2020\/11\/malacoccola_1024.png?fit=768%2C768&ssl=1","contentUrl":"https:\/\/i0.wp.com\/www.altaviadeimontilattari.it\/wp-content\/uploads\/2020\/11\/malacoccola_1024.png?fit=768%2C768&ssl=1","width":768,"height":768},{"@type":"BreadcrumbList","@id":"https:\/\/www.altaviadeimontilattari.it\/de\/16-malacoccola-493-m\/#breadcrumb","itemListElement":[{"@type":"ListItem","position":1,"name":"Home","item":"https:\/\/www.altaviadeimontilattari.it\/es\/"},{"@type":"ListItem","position":2,"name":"16. Malacoccola (493 m)"}]},{"@type":"WebSite","@id":"https:\/\/www.altaviadeimontilattari.it\/#website","url":"https:\/\/www.altaviadeimontilattari.it\/","name":"Alta Via dei Monti Lattari","description":"La montagna \u00e8 un modo di vivere la vita.","publisher":{"@id":"https:\/\/www.altaviadeimontilattari.it\/#organization"},"potentialAction":[{"@type":"SearchAction","target":{"@type":"EntryPoint","urlTemplate":"https:\/\/www.altaviadeimontilattari.it\/?s={search_term_string}"},"query-input":{"@type":"PropertyValueSpecification","valueRequired":true,"valueName":"search_term_string"}}],"inLanguage":"de"},{"@type":"Organization","@id":"https:\/\/www.altaviadeimontilattari.it\/#organization","name":"Alta Via dei Monti Lattari","url":"https:\/\/www.altaviadeimontilattari.it\/","logo":{"@type":"ImageObject","inLanguage":"de","@id":"https:\/\/www.altaviadeimontilattari.it\/#\/schema\/logo\/image\/","url":"https:\/\/i0.wp.com\/www.altaviadeimontilattari.it\/wp-content\/uploads\/2020\/12\/alta_via_monyi_lattari_logo.png?fit=325%2C100&ssl=1","contentUrl":"https:\/\/i0.wp.com\/www.altaviadeimontilattari.it\/wp-content\/uploads\/2020\/12\/alta_via_monyi_lattari_logo.png?fit=325%2C100&ssl=1","width":325,"height":100,"caption":"Alta Via dei Monti Lattari"},"image":{"@id":"https:\/\/www.altaviadeimontilattari.it\/#\/schema\/logo\/image\/"}},{"@type":"Person","@id":"https:\/\/www.altaviadeimontilattari.it\/#\/schema\/person\/47c8033a7c6005363bf26047c156ed2c","name":"Turismo.Ricercattiva","image":{"@type":"ImageObject","inLanguage":"de","@id":"https:\/\/secure.gravatar.com\/avatar\/da245a1cae9c81db24d2b96301301cb5f0847cd0f266ee5b9deb95611bf13d92?s=96&d=mm&r=g","url":"https:\/\/secure.gravatar.com\/avatar\/da245a1cae9c81db24d2b96301301cb5f0847cd0f266ee5b9deb95611bf13d92?s=96&d=mm&r=g","contentUrl":"https:\/\/secure.gravatar.com\/avatar\/da245a1cae9c81db24d2b96301301cb5f0847cd0f266ee5b9deb95611bf13d92?s=96&d=mm&r=g","caption":"Turismo.Ricercattiva"},"sameAs":["http:\/\/turismo.ricercattiva.it"],"url":"https:\/\/www.altaviadeimontilattari.it\/de\/author\/turismo-ricercattiva\/"}]}},"jetpack_featured_media_url":"https:\/\/i0.wp.com\/www.altaviadeimontilattari.it\/wp-content\/uploads\/2020\/11\/malacoccola_1024.png?fit=768%2C768&ssl=1","jetpack-related-posts":[{"id":6484,"url":"https:\/\/www.altaviadeimontilattari.it\/de\/17-torca-352-m\/","url_meta":{"origin":6492,"position":0},"title":"17. Torca (352 m)","author":"Turismo.Ricercattiva","date":"20. November 2020","format":false,"excerpt":"Vom Vorgebirge Malacoccola entlang der Alta Via kommend, durchqueren Sie einige mit Olivenb\u00e4umen bebaute L\u00e4ndereien und orti erreichen Sie die ersten Gassen des kleinen Dorfes Torca, einem Ortsteil von Massa Lubrense. Sie erreichen den Hauptplatz mit der Kirche San Tommaso Apostolo und der Gemeindevilla, wo es auch einen Brunnen zur\u2026","rel":"","context":"In &quot;Besichtigung der Alta Via dei Monti Lattari&quot;","block_context":{"text":"Besichtigung der Alta Via dei Monti Lattari","link":"https:\/\/www.altaviadeimontilattari.it\/de\/category\/besichtigung-der-alta-via-dei-monti-lattari\/"},"img":{"alt_text":"","src":"https:\/\/i0.wp.com\/www.altaviadeimontilattari.it\/wp-content\/uploads\/2020\/11\/portada-torca.jpg?fit=600%2C600&ssl=1&resize=350%2C200","width":350,"height":200,"srcset":"https:\/\/i0.wp.com\/www.altaviadeimontilattari.it\/wp-content\/uploads\/2020\/11\/portada-torca.jpg?fit=600%2C600&ssl=1&resize=350%2C200 1x, https:\/\/i0.wp.com\/www.altaviadeimontilattari.it\/wp-content\/uploads\/2020\/11\/portada-torca.jpg?fit=600%2C600&ssl=1&resize=525%2C300 1.5x"},"classes":[]},{"id":6460,"url":"https:\/\/www.altaviadeimontilattari.it\/de\/20-punta-campanella-100-m\/","url_meta":{"origin":6492,"position":1},"title":"20. Punta Campanella (100 m)","author":"Turismo.Ricercattiva","date":"20. November 2020","format":false,"excerpt":"Vom Monte San Constanzo bis Die Spitze der Halbinsel von Sorrent ist etwas mehr als 3 km entfernt. \u00dcberqueren Sie die Pineta di San Constanzo und beginnen Sie unter dem Gipfel des Monte Santa Croce den langen Abstieg nach Punta Campanella . Dieser letzte Abschnitt hei\u00dft Pezzalonga , auf der\u2026","rel":"","context":"In &quot;Besichtigung der Alta Via dei Monti Lattari&quot;","block_context":{"text":"Besichtigung der Alta Via dei Monti Lattari","link":"https:\/\/www.altaviadeimontilattari.it\/de\/category\/besichtigung-der-alta-via-dei-monti-lattari\/"},"img":{"alt_text":"","src":"https:\/\/i0.wp.com\/www.altaviadeimontilattari.it\/wp-content\/uploads\/2020\/11\/portada-1.jpg?fit=1200%2C1200&ssl=1&resize=350%2C200","width":350,"height":200,"srcset":"https:\/\/i0.wp.com\/www.altaviadeimontilattari.it\/wp-content\/uploads\/2020\/11\/portada-1.jpg?fit=1200%2C1200&ssl=1&resize=350%2C200 1x, https:\/\/i0.wp.com\/www.altaviadeimontilattari.it\/wp-content\/uploads\/2020\/11\/portada-1.jpg?fit=1200%2C1200&ssl=1&resize=525%2C300 1.5x, https:\/\/i0.wp.com\/www.altaviadeimontilattari.it\/wp-content\/uploads\/2020\/11\/portada-1.jpg?fit=1200%2C1200&ssl=1&resize=700%2C400 2x, https:\/\/i0.wp.com\/www.altaviadeimontilattari.it\/wp-content\/uploads\/2020\/11\/portada-1.jpg?fit=1200%2C1200&ssl=1&resize=1050%2C600 3x"},"classes":[]},{"id":6188,"url":"https:\/\/www.altaviadeimontilattari.it\/de\/17-von-praiano-zu-den-hoehlen-von-santa-barbara\/","url_meta":{"origin":6492,"position":2},"title":"17. Von Praiano zu den H\u00f6hlen von Santa Barbara","author":"","date":"17. Februar 2022","format":false,"excerpt":"''Pfad des Schwarzbarts'' - ''Pfad der bl\u00fchenden Agaven'' Dauer: 6,7 km Fahrzeit: 3h 30 ' Route - Keine besondere Schwierigkeit. Nicht \u00fcberm\u00e4\u00dfiger H\u00f6henunterschied und einfacher Weg. Lediglich beim Abstecher zu den H\u00f6hlen, der aufgrund des instabilen Untergrunds optional ist, ist h\u00f6chste Vorsicht geboten. Zufahrt - Abfahrt und Ankunft von der\u2026","rel":"","context":"In &quot;Wanderwege&quot;","block_context":{"text":"Wanderwege","link":"https:\/\/www.altaviadeimontilattari.it\/de\/category\/wanderwege\/"},"img":{"alt_text":"","src":"https:\/\/i0.wp.com\/www.altaviadeimontilattari.it\/wp-content\/uploads\/2022\/03\/IMG_36561-scaled.jpg?resize=350%2C200&ssl=1","width":350,"height":200,"srcset":"https:\/\/i0.wp.com\/www.altaviadeimontilattari.it\/wp-content\/uploads\/2022\/03\/IMG_36561-scaled.jpg?resize=350%2C200&ssl=1 1x, https:\/\/i0.wp.com\/www.altaviadeimontilattari.it\/wp-content\/uploads\/2022\/03\/IMG_36561-scaled.jpg?resize=525%2C300&ssl=1 1.5x, https:\/\/i0.wp.com\/www.altaviadeimontilattari.it\/wp-content\/uploads\/2022\/03\/IMG_36561-scaled.jpg?resize=700%2C400&ssl=1 2x, https:\/\/i0.wp.com\/www.altaviadeimontilattari.it\/wp-content\/uploads\/2022\/03\/IMG_36561-scaled.jpg?resize=1050%2C600&ssl=1 3x, https:\/\/i0.wp.com\/www.altaviadeimontilattari.it\/wp-content\/uploads\/2022\/03\/IMG_36561-scaled.jpg?resize=1400%2C800&ssl=1 4x"},"classes":[]},{"id":6172,"url":"https:\/\/www.altaviadeimontilattari.it\/de\/19-weg-der-goetter\/","url_meta":{"origin":6492,"position":3},"title":"19. Weg der G\u00f6tter","author":"","date":"17. Februar 2022","format":false,"excerpt":"von Bomerano (Agerola) nach Nocelle (Positano) Dauer: 5,3 km Fahrzeit: 6h 30 ' Route - Ziemlich lange Wanderung mit wenig H\u00f6henunterschied. Keine besonderen Schwierigkeiten. Anfahrt - Abfahrt von Bomerano, einem Weiler von Agerola. Erreichbar von der Abzweigung der SS Amalfik\u00fcste bei Amalfi oder von Castellammare. Logistik - Die bequemste L\u00f6sung\u2026","rel":"","context":"In &quot;Wanderwege&quot;","block_context":{"text":"Wanderwege","link":"https:\/\/www.altaviadeimontilattari.it\/de\/category\/wanderwege\/"},"img":{"alt_text":"","src":"https:\/\/i0.wp.com\/www.altaviadeimontilattari.it\/wp-content\/uploads\/2022\/03\/IMG_36581.jpg?resize=350%2C200&ssl=1","width":350,"height":200,"srcset":"https:\/\/i0.wp.com\/www.altaviadeimontilattari.it\/wp-content\/uploads\/2022\/03\/IMG_36581.jpg?resize=350%2C200&ssl=1 1x, https:\/\/i0.wp.com\/www.altaviadeimontilattari.it\/wp-content\/uploads\/2022\/03\/IMG_36581.jpg?resize=525%2C300&ssl=1 1.5x, https:\/\/i0.wp.com\/www.altaviadeimontilattari.it\/wp-content\/uploads\/2022\/03\/IMG_36581.jpg?resize=700%2C400&ssl=1 2x, https:\/\/i0.wp.com\/www.altaviadeimontilattari.it\/wp-content\/uploads\/2022\/03\/IMG_36581.jpg?resize=1050%2C600&ssl=1 3x, https:\/\/i0.wp.com\/www.altaviadeimontilattari.it\/wp-content\/uploads\/2022\/03\/IMG_36581.jpg?resize=1400%2C800&ssl=1 4x"},"classes":[]},{"id":6334,"url":"https:\/\/www.altaviadeimontilattari.it\/de\/12-rund-um-das-valle-delle-ferriere\/","url_meta":{"origin":6492,"position":4},"title":"12. Rund um das Valle delle Ferriere","author":"","date":"11. Februar 2022","format":false,"excerpt":"Pontone - Minuta - Valle delle Ferriere (H\u00f6henweg) - Pogerola - Amalfi - Pontone Dauer: 10,7 km Reisezeit: 5h 30' Weg - 500 H\u00f6henmeter. Haupts\u00e4chlich durch die mediterrane Macchia mit einem Abstieg von Pogerola nach Amalfi auf einer breiten Treppe. Der Boden einiger Abschnitte des Weges und das Vorhandensein einiger\u2026","rel":"","context":"In &quot;Wanderwege&quot;","block_context":{"text":"Wanderwege","link":"https:\/\/www.altaviadeimontilattari.it\/de\/category\/wanderwege\/"},"img":{"alt_text":"","src":"https:\/\/i0.wp.com\/www.altaviadeimontilattari.it\/wp-content\/uploads\/2022\/03\/IMG_36511-scaled.jpg?resize=350%2C200&ssl=1","width":350,"height":200,"srcset":"https:\/\/i0.wp.com\/www.altaviadeimontilattari.it\/wp-content\/uploads\/2022\/03\/IMG_36511-scaled.jpg?resize=350%2C200&ssl=1 1x, https:\/\/i0.wp.com\/www.altaviadeimontilattari.it\/wp-content\/uploads\/2022\/03\/IMG_36511-scaled.jpg?resize=525%2C300&ssl=1 1.5x, https:\/\/i0.wp.com\/www.altaviadeimontilattari.it\/wp-content\/uploads\/2022\/03\/IMG_36511-scaled.jpg?resize=700%2C400&ssl=1 2x, https:\/\/i0.wp.com\/www.altaviadeimontilattari.it\/wp-content\/uploads\/2022\/03\/IMG_36511-scaled.jpg?resize=1050%2C600&ssl=1 3x, https:\/\/i0.wp.com\/www.altaviadeimontilattari.it\/wp-content\/uploads\/2022\/03\/IMG_36511-scaled.jpg?resize=1400%2C800&ssl=1 4x"},"classes":[]},{"id":6366,"url":"https:\/\/www.altaviadeimontilattari.it\/de\/8-von-ravello-nach-minori\/","url_meta":{"origin":6492,"position":5},"title":"8. Von Ravello nach Minori","author":"","date":"10. Februar 2022","format":false,"excerpt":"Durch Torello, Villamena und Lacco mit Besuch der r\u00f6mischen Villa Dauer: 4,9 km Fahrzeit: 3h 00 ' Funktionen - Gehen Sie ohne Schwierigkeiten. Kurs - Fund in gutem Zustand, gekennzeichnet nur durch den H\u00f6henunterschied von ca. 350 Metern. Der Bodenbelag erm\u00f6glicht das Gehen auch mit normalen Schuhen. Anfahrt - An-\u2026","rel":"","context":"In &quot;Wanderwege&quot;","block_context":{"text":"Wanderwege","link":"https:\/\/www.altaviadeimontilattari.it\/de\/category\/wanderwege\/"},"img":{"alt_text":"","src":"https:\/\/i0.wp.com\/www.altaviadeimontilattari.it\/wp-content\/uploads\/2022\/03\/IMG_36471-scaled.jpg?resize=350%2C200&ssl=1","width":350,"height":200,"srcset":"https:\/\/i0.wp.com\/www.altaviadeimontilattari.it\/wp-content\/uploads\/2022\/03\/IMG_36471-scaled.jpg?resize=350%2C200&ssl=1 1x, https:\/\/i0.wp.com\/www.altaviadeimontilattari.it\/wp-content\/uploads\/2022\/03\/IMG_36471-scaled.jpg?resize=525%2C300&ssl=1 1.5x, https:\/\/i0.wp.com\/www.altaviadeimontilattari.it\/wp-content\/uploads\/2022\/03\/IMG_36471-scaled.jpg?resize=700%2C400&ssl=1 2x, https:\/\/i0.wp.com\/www.altaviadeimontilattari.it\/wp-content\/uploads\/2022\/03\/IMG_36471-scaled.jpg?resize=1050%2C600&ssl=1 3x, https:\/\/i0.wp.com\/www.altaviadeimontilattari.it\/wp-content\/uploads\/2022\/03\/IMG_36471-scaled.jpg?resize=1400%2C800&ssl=1 4x"},"classes":[]}],"jetpack_shortlink":"https:\/\/wp.me\/pcGNaV-1GI","jetpack_sharing_enabled":true,"_links":{"self":[{"href":"https:\/\/www.altaviadeimontilattari.it\/de\/wp-json\/wp\/v2\/posts\/6492","targetHints":{"allow":["GET"]}}],"collection":[{"href":"https:\/\/www.altaviadeimontilattari.it\/de\/wp-json\/wp\/v2\/posts"}],"about":[{"href":"https:\/\/www.altaviadeimontilattari.it\/de\/wp-json\/wp\/v2\/types\/post"}],"author":[{"embeddable":true,"href":"https:\/\/www.altaviadeimontilattari.it\/de\/wp-json\/wp\/v2\/users\/3"}],"replies":[{"embeddable":true,"href":"https:\/\/www.altaviadeimontilattari.it\/de\/wp-json\/wp\/v2\/comments?post=6492"}],"version-history":[{"count":1,"href":"https:\/\/www.altaviadeimontilattari.it\/de\/wp-json\/wp\/v2\/posts\/6492\/revisions"}],"predecessor-version":[{"id":6493,"href":"https:\/\/www.altaviadeimontilattari.it\/de\/wp-json\/wp\/v2\/posts\/6492\/revisions\/6493"}],"wp:featuredmedia":[{"embeddable":true,"href":"https:\/\/www.altaviadeimontilattari.it\/de\/wp-json\/wp\/v2\/media\/5309"}],"wp:attachment":[{"href":"https:\/\/www.altaviadeimontilattari.it\/de\/wp-json\/wp\/v2\/media?parent=6492"}],"wp:term":[{"taxonomy":"category","embeddable":true,"href":"https:\/\/www.altaviadeimontilattari.it\/de\/wp-json\/wp\/v2\/categories?post=6492"},{"taxonomy":"post_tag","embeddable":true,"href":"https:\/\/www.altaviadeimontilattari.it\/de\/wp-json\/wp\/v2\/tags?post=6492"}],"curies":[{"name":"wp","href":"https:\/\/api.w.org\/{rel}","templated":true}]}}