{"id":6500,"date":"2020-11-20T22:09:24","date_gmt":"2020-11-20T22:09:24","guid":{"rendered":"https:\/\/www.altaviadeimontilattari.it\/15-monte-vico-alvano-642-m\/"},"modified":"2022-07-09T12:08:01","modified_gmt":"2022-07-09T12:08:01","slug":"15-monte-vico-alvano-642-m","status":"publish","type":"post","link":"https:\/\/www.altaviadeimontilattari.it\/de\/15-monte-vico-alvano-642-m\/","title":{"rendered":"15. Monte Vico Alvano (642 m)"},"content":{"rendered":"<p>Vom unwegsamen Abstieg des <em> <a href=\"https:\/\/altaviadeimontilattari.it\/14-monte-comune-877-m\/\"> <strong> Monte Comune <\/strong> <\/a> <\/em> ja, er erreicht den <em> <strong>Sella di Arola <\/strong> <\/em> durch einen Kastanienhain. Am Sattel gibt es zwei sehr wichtige Kreuzungen, zuerst die Abzweigung nach <strong> <em> Arola <\/em> <\/strong> und dann die Abzweigung nach <strong> <em> Cesina <\/em> <\/strong>. Zuerst ist es m\u00f6glich, einen der sch\u00f6nsten Ausblicke auf das Meer zu bewundern, ein altes zerst\u00f6rtes Tor, das Positano \u00fcberblickt.<\/p>\n<p>Arola ist eine kleine Fraktion unter den vielen von <strong> <em> Vico Equense <\/em> <\/strong> nicht weit vom Sattel entfernt. Wenn Sie der 300 bis zu den beiden Kreuzungen folgen, erreichen Sie schlie\u00dflich den <strong> Monte Vico Alvano <\/strong>, der aufgrund des eisernen Kreuzes auf der Spitze nicht zu unterscheiden ist. Das Panorama wird jetzt fast 360 Grad gro\u00df. Bei sch\u00f6nem Wetter ist die Fernsicht grandios: Der <em> <strong>Golf von Neapel<\/strong> <\/em> steht vor uns, die H\u00e4usermassen Neapels sind deutlich zu erkennen und der Vesuv erhebt sich majest\u00e4tisch aus der Ebene.<\/p>\n<p>Steigen Sie vom Gipfel auf einem Serpentinenpfad in Richtung \u201e<strong> <em> Colli San Pietro <\/em> <\/strong>\u201c (oder <em> <b> Colli di Teresinella <\/b> <\/em>) ab. Die H\u00fcgel von San Pietro sind nicht immer auf allen Karten angegeben, daher ist es gut anzugeben, dass dieser Name den Pass der Amalfi-Staatsstra\u00dfe Nr. 163 zwischen der Halbinsel von Sorrento und der Amalfik\u00fcste bezeichnet, der Kreuzung der beiden Staatsstra\u00dfen SS145 und SS163 .<\/p>\n<p>Kurz vor Erreichen der Staatsstra\u00dfe \u00fcberqueren Sie den Eingang zum Park \u201e<strong> <em>Antico Parco del Principe <\/em> <\/strong>\u201c, in dessen Mitte sich das \u201e<strong> <em>Castello Colonna < befindet \/ em> <\/strong> \u201c, ein Ort, der oft f\u00fcr Hochzeiten genutzt wird.<\/p>\n<p>Von hier aus erreicht man <em> <strong>Colli di Fontanelle <\/strong> <\/em> auf der Hauptstra\u00dfe und kurzen Pfaden, die kurze W\u00e4lder zwischen den verschiedenen Haarnadelkurven durchqueren.<\/p>\n\n<div class=\"wp-block-jetpack-tiled-gallery aligncenter is-style-rectangular\"><div class=\"tiled-gallery__gallery\"><div class=\"tiled-gallery__row\"><div class=\"tiled-gallery__col\" style=\"flex-basis:44.88390%\"><figure class=\"tiled-gallery__item\"><img decoding=\"async\" role=\"button\" tabindex=\"0\" aria-label=\"Bild\u00a01 von 6 im Vollbildmodus \u00f6ffnen\"srcset=\"https:\/\/i0.wp.com\/www.altaviadeimontilattari.it\/wp-content\/uploads\/2021\/06\/mv.alabano3.jpg?strip=info&#038;w=600&#038;ssl=1 600w,https:\/\/i0.wp.com\/www.altaviadeimontilattari.it\/wp-content\/uploads\/2021\/06\/mv.alabano3.jpg?strip=info&#038;w=610&#038;ssl=1 610w\" alt=\"Panorama dal sentiero\" data-height=\"457\" data-id=\"3732\" data-link=\"https:\/\/altaviadeimontilattari.it\/15-monte-vico-alvano-642-m\/mv-alabano3\/\" data-url=\"https:\/\/altaviadeimontilattari.it\/wp-content\/uploads\/2021\/06\/mv.alabano3.jpg\" data-width=\"610\" src=\"https:\/\/i0.wp.com\/www.altaviadeimontilattari.it\/wp-content\/uploads\/2021\/06\/mv.alabano3.jpg?ssl=1\" data-amp-layout=\"responsive\"\/><\/figure><figure class=\"tiled-gallery__item\"><img decoding=\"async\" role=\"button\" tabindex=\"0\" aria-label=\"Bild\u00a02 von 6 im Vollbildmodus \u00f6ffnen\"srcset=\"https:\/\/i1.wp.com\/www.altaviadeimontilattari.it\/wp-content\/uploads\/2021\/06\/v.albano2.jpg?strip=info&#038;w=600&#038;ssl=1 600w,https:\/\/i1.wp.com\/www.altaviadeimontilattari.it\/wp-content\/uploads\/2021\/06\/v.albano2.jpg?strip=info&#038;w=750&#038;ssl=1 750w\" alt=\"Panorama dal sentiero\" data-height=\"500\" data-id=\"3733\" data-link=\"https:\/\/altaviadeimontilattari.it\/15-monte-vico-alvano-642-m\/v-albano2\/\" data-url=\"https:\/\/altaviadeimontilattari.it\/wp-content\/uploads\/2021\/06\/v.albano2.jpg\" data-width=\"750\" src=\"https:\/\/i1.wp.com\/www.altaviadeimontilattari.it\/wp-content\/uploads\/2021\/06\/v.albano2.jpg?ssl=1\" data-amp-layout=\"responsive\"\/><\/figure><figure class=\"tiled-gallery__item\"><img decoding=\"async\" role=\"button\" tabindex=\"0\" aria-label=\"Bild\u00a03 von 6 im Vollbildmodus \u00f6ffnen\"srcset=\"https:\/\/i1.wp.com\/www.altaviadeimontilattari.it\/wp-content\/uploads\/2021\/06\/m.valvano.jpg?strip=info&#038;w=600&#038;ssl=1 600w,https:\/\/i1.wp.com\/www.altaviadeimontilattari.it\/wp-content\/uploads\/2021\/06\/m.valvano.jpg?strip=info&#038;w=748&#038;ssl=1 748w\" alt=\"Monte Vico Alvano\" data-height=\"561\" data-id=\"3735\" data-link=\"https:\/\/altaviadeimontilattari.it\/15-monte-vico-alvano-642-m\/m-valvano\/\" data-url=\"https:\/\/altaviadeimontilattari.it\/wp-content\/uploads\/2021\/06\/m.valvano.jpg\" data-width=\"748\" src=\"https:\/\/i1.wp.com\/www.altaviadeimontilattari.it\/wp-content\/uploads\/2021\/06\/m.valvano.jpg?ssl=1\" data-amp-layout=\"responsive\"\/><\/figure><\/div><div class=\"tiled-gallery__col\" style=\"flex-basis:55.11610%\"><figure class=\"tiled-gallery__item\"><img decoding=\"async\" role=\"button\" tabindex=\"0\" aria-label=\"Bild\u00a04 von 6 im Vollbildmodus \u00f6ffnen\"srcset=\"https:\/\/i0.wp.com\/www.altaviadeimontilattari.it\/wp-content\/uploads\/2022\/02\/sella_arola_ruderi-576x1024.jpg?strip=info&#038;w=600&#038;ssl=1 600w,https:\/\/i0.wp.com\/www.altaviadeimontilattari.it\/wp-content\/uploads\/2022\/02\/sella_arola_ruderi-576x1024.jpg?strip=info&#038;w=900&#038;ssl=1 900w,https:\/\/i0.wp.com\/www.altaviadeimontilattari.it\/wp-content\/uploads\/2022\/02\/sella_arola_ruderi-576x1024.jpg?strip=info&#038;w=1024&#038;ssl=1 1024w\" alt=\"Ruderi a Sella di Arola\" data-height=\"1822\" data-id=\"4079\" data-link=\"https:\/\/altaviadeimontilattari.it\/15-monte-vico-alvano-642-m\/sella_arola_ruderi\/\" data-url=\"https:\/\/altaviadeimontilattari.it\/wp-content\/uploads\/2022\/02\/sella_arola_ruderi-576x1024.jpg\" data-width=\"1024\" src=\"https:\/\/i0.wp.com\/www.altaviadeimontilattari.it\/wp-content\/uploads\/2022\/02\/sella_arola_ruderi-576x1024.jpg?ssl=1\" data-amp-layout=\"responsive\"\/><\/figure><\/div><\/div><div class=\"tiled-gallery__row\"><div class=\"tiled-gallery__col\" style=\"flex-basis:61.29034%\"><figure class=\"tiled-gallery__item\"><img decoding=\"async\" role=\"button\" tabindex=\"0\" aria-label=\"Bild\u00a05 von 6 im Vollbildmodus \u00f6ffnen\"srcset=\"https:\/\/i2.wp.com\/www.altaviadeimontilattari.it\/wp-content\/uploads\/2022\/02\/parco_del_principe-1024x576.jpg?strip=info&#038;w=600&#038;ssl=1 600w,https:\/\/i2.wp.com\/www.altaviadeimontilattari.it\/wp-content\/uploads\/2022\/02\/parco_del_principe-1024x576.jpg?strip=info&#038;w=900&#038;ssl=1 900w,https:\/\/i2.wp.com\/www.altaviadeimontilattari.it\/wp-content\/uploads\/2022\/02\/parco_del_principe-1024x576.jpg?strip=info&#038;w=1200&#038;ssl=1 1200w,https:\/\/i2.wp.com\/www.altaviadeimontilattari.it\/wp-content\/uploads\/2022\/02\/parco_del_principe-1024x576.jpg?strip=info&#038;w=1500&#038;ssl=1 1500w,https:\/\/i2.wp.com\/www.altaviadeimontilattari.it\/wp-content\/uploads\/2022\/02\/parco_del_principe-1024x576.jpg?strip=info&#038;w=1800&#038;ssl=1 1800w,https:\/\/i2.wp.com\/www.altaviadeimontilattari.it\/wp-content\/uploads\/2022\/02\/parco_del_principe-1024x576.jpg?strip=info&#038;w=1820&#038;ssl=1 1820w\" alt=\"Castello Colonna nell'Antico Parco del Principe\" data-height=\"1024\" data-id=\"4078\" data-link=\"https:\/\/altaviadeimontilattari.it\/15-monte-vico-alvano-642-m\/parco_del_principe\/\" data-url=\"https:\/\/altaviadeimontilattari.it\/wp-content\/uploads\/2022\/02\/parco_del_principe-1024x576.jpg\" data-width=\"1820\" src=\"https:\/\/i2.wp.com\/www.altaviadeimontilattari.it\/wp-content\/uploads\/2022\/02\/parco_del_principe-1024x576.jpg?ssl=1\" data-amp-layout=\"responsive\"\/><\/figure><\/div><div class=\"tiled-gallery__col\" style=\"flex-basis:38.70966%\"><figure class=\"tiled-gallery__item\"><img decoding=\"async\" role=\"button\" tabindex=\"0\" aria-label=\"Bild\u00a06 von 6 im Vollbildmodus \u00f6ffnen\"srcset=\"https:\/\/i1.wp.com\/www.altaviadeimontilattari.it\/wp-content\/uploads\/2022\/02\/sella_arola_bivio-1024x914.jpg?strip=info&#038;w=600&#038;ssl=1 600w,https:\/\/i1.wp.com\/www.altaviadeimontilattari.it\/wp-content\/uploads\/2022\/02\/sella_arola_bivio-1024x914.jpg?strip=info&#038;w=900&#038;ssl=1 900w,https:\/\/i1.wp.com\/www.altaviadeimontilattari.it\/wp-content\/uploads\/2022\/02\/sella_arola_bivio-1024x914.jpg?strip=info&#038;w=1200&#038;ssl=1 1200w,https:\/\/i1.wp.com\/www.altaviadeimontilattari.it\/wp-content\/uploads\/2022\/02\/sella_arola_bivio-1024x914.jpg?strip=info&#038;w=1500&#038;ssl=1 1500w,https:\/\/i1.wp.com\/www.altaviadeimontilattari.it\/wp-content\/uploads\/2022\/02\/sella_arola_bivio-1024x914.jpg?strip=info&#038;w=1800&#038;ssl=1 1800w,https:\/\/i1.wp.com\/www.altaviadeimontilattari.it\/wp-content\/uploads\/2022\/02\/sella_arola_bivio-1024x914.jpg?strip=info&#038;w=2000&#038;ssl=1 2000w\" alt=\"Bivio a Sella di Arola\" data-height=\"1907\" data-id=\"4080\" data-link=\"https:\/\/altaviadeimontilattari.it\/15-monte-vico-alvano-642-m\/sella_arola_bivio\/\" data-url=\"https:\/\/altaviadeimontilattari.it\/wp-content\/uploads\/2022\/02\/sella_arola_bivio-1024x914.jpg\" data-width=\"2137\" src=\"https:\/\/i1.wp.com\/www.altaviadeimontilattari.it\/wp-content\/uploads\/2022\/02\/sella_arola_bivio-1024x914.jpg?ssl=1\" data-amp-layout=\"responsive\"\/><\/figure><\/div><\/div><\/div><\/div>\r\n<div style=\"margin: 20px 0;\"><div class=\"qrcswholewtapper\" style=\"text-align:left;\"><div class=\"qrcprowrapper\"  id=\"qrcwraa2leds\"><div class=\"qrc_canvass\" id=\"qrc_cuttenpages_2\" style=\"display:inline-block\" data-text=\"https:\/\/www.altaviadeimontilattari.it\/de\/15-monte-vico-alvano-642-m\/\"><\/div><div><a download=\"15. Monte Vico Alvano (642 m).png\" class=\"qrcdownloads\" id=\"worign\">\r\n           <button type=\"button\" style=\"min-width:200px;background:#81ea00;color:#000;font-weight: 600;border: 1px solid #dddddd;border-radius:4px;font-size:12px;padding: 6px 0;\" class=\"uqr_code_btn\">Download QR<\/button>\r\n           <\/a><\/div><\/div><\/div><\/div>","protected":false},"excerpt":{"rendered":"<p>Vom unwegsamen Abstieg des Monte Comune ja, er erreicht den Sella di Arola durch einen Kastanienhain. Am Sattel gibt es zwei sehr wichtige Kreuzungen, zuerst die Abzweigung nach Arola und dann die Abzweigung nach Cesina . Zuerst ist es m\u00f6glich, einen der sch\u00f6nsten Ausblicke auf das Meer zu bewundern, ein altes zerst\u00f6rtes Tor, das Positano&hellip;&nbsp;<a href=\"https:\/\/www.altaviadeimontilattari.it\/de\/15-monte-vico-alvano-642-m\/\" rel=\"bookmark\">Mehr lesen &raquo;<span class=\"screen-reader-text\">15. Monte Vico Alvano (642 m)<\/span><\/a><\/p>\n","protected":false},"author":3,"featured_media":5237,"comment_status":"open","ping_status":"closed","sticky":false,"template":"","format":"standard","meta":{"neve_meta_sidebar":"","neve_meta_container":"","neve_meta_enable_content_width":"","neve_meta_content_width":0,"neve_meta_title_alignment":"","neve_meta_author_avatar":"","neve_post_elements_order":"","neve_meta_disable_header":"","neve_meta_disable_footer":"","neve_meta_disable_title":"","neve_meta_reading_time":"","_themeisle_gutenberg_block_has_review":false,"jetpack_post_was_ever_published":false,"_jetpack_newsletter_access":"","_jetpack_dont_email_post_to_subs":false,"_jetpack_newsletter_tier_id":0,"_jetpack_memberships_contains_paywalled_content":false,"_jetpack_memberships_contains_paid_content":false,"footnotes":""},"categories":[269],"tags":[],"class_list":["post-6500","post","type-post","status-publish","format-standard","has-post-thumbnail","hentry","category-besichtigung-der-alta-via-dei-monti-lattari"],"yoast_head":"<!-- This site is optimized with the Yoast SEO plugin v27.4 - https:\/\/yoast.com\/product\/yoast-seo-wordpress\/ -->\n<title>15. Monte Vico Alvano (642 m) - Alta Via dei Monti Lattari<\/title>\n<meta name=\"description\" content=\"Vom Abstieg des Monte Comune erreicht man Sella di Arola und umgeht den Gipfel des Monte Vico Alvano. Folgen Sie in Richtung Colli San Pietro.\" \/>\n<meta name=\"robots\" content=\"index, follow, max-snippet:-1, max-image-preview:large, max-video-preview:-1\" \/>\n<link rel=\"canonical\" href=\"https:\/\/www.altaviadeimontilattari.it\/de\/15-monte-vico-alvano-642-m\/\" \/>\n<meta property=\"og:locale\" content=\"de_DE\" \/>\n<meta property=\"og:type\" content=\"article\" \/>\n<meta property=\"og:title\" content=\"15. Monte Vico Alvano (642 m) - Alta Via dei Monti Lattari\" \/>\n<meta property=\"og:description\" content=\"Vom Abstieg des Monte Comune erreicht man Sella di Arola und umgeht den Gipfel des Monte Vico Alvano. Folgen Sie in Richtung Colli San Pietro.\" \/>\n<meta property=\"og:url\" content=\"https:\/\/www.altaviadeimontilattari.it\/de\/15-monte-vico-alvano-642-m\/\" \/>\n<meta property=\"og:site_name\" content=\"Alta Via dei Monti Lattari\" \/>\n<meta property=\"article:published_time\" content=\"2020-11-20T22:09:24+00:00\" \/>\n<meta property=\"article:modified_time\" content=\"2022-07-09T12:08:01+00:00\" \/>\n<meta property=\"og:image\" content=\"https:\/\/www.altaviadeimontilattari.it\/wp-content\/uploads\/2020\/11\/rtportda-v.alvano.jpg\" \/>\n\t<meta property=\"og:image:width\" content=\"649\" \/>\n\t<meta property=\"og:image:height\" content=\"649\" \/>\n\t<meta property=\"og:image:type\" content=\"image\/jpeg\" \/>\n<meta name=\"author\" content=\"Turismo.Ricercattiva\" \/>\n<meta name=\"twitter:card\" content=\"summary_large_image\" \/>\n<meta name=\"twitter:label1\" content=\"Verfasst von\" \/>\n\t<meta name=\"twitter:data1\" content=\"Turismo.Ricercattiva\" \/>\n\t<meta name=\"twitter:label2\" content=\"Gesch\u00e4tzte Lesezeit\" \/>\n\t<meta name=\"twitter:data2\" content=\"1\u00a0Minute\" \/>\n<script type=\"application\/ld+json\" class=\"yoast-schema-graph\">{\"@context\":\"https:\\\/\\\/schema.org\",\"@graph\":[{\"@type\":\"Article\",\"@id\":\"https:\\\/\\\/www.altaviadeimontilattari.it\\\/de\\\/15-monte-vico-alvano-642-m\\\/#article\",\"isPartOf\":{\"@id\":\"https:\\\/\\\/www.altaviadeimontilattari.it\\\/de\\\/15-monte-vico-alvano-642-m\\\/\"},\"author\":{\"name\":\"Turismo.Ricercattiva\",\"@id\":\"https:\\\/\\\/www.altaviadeimontilattari.it\\\/#\\\/schema\\\/person\\\/47c8033a7c6005363bf26047c156ed2c\"},\"headline\":\"15. Monte Vico Alvano (642 m)\",\"datePublished\":\"2020-11-20T22:09:24+00:00\",\"dateModified\":\"2022-07-09T12:08:01+00:00\",\"mainEntityOfPage\":{\"@id\":\"https:\\\/\\\/www.altaviadeimontilattari.it\\\/de\\\/15-monte-vico-alvano-642-m\\\/\"},\"wordCount\":268,\"commentCount\":0,\"publisher\":{\"@id\":\"https:\\\/\\\/www.altaviadeimontilattari.it\\\/#organization\"},\"image\":{\"@id\":\"https:\\\/\\\/www.altaviadeimontilattari.it\\\/de\\\/15-monte-vico-alvano-642-m\\\/#primaryimage\"},\"thumbnailUrl\":\"https:\\\/\\\/i0.wp.com\\\/www.altaviadeimontilattari.it\\\/wp-content\\\/uploads\\\/2020\\\/11\\\/rtportda-v.alvano.jpg?fit=649%2C649&ssl=1\",\"articleSection\":[\"Besichtigung der Alta Via dei Monti Lattari\"],\"inLanguage\":\"de\",\"potentialAction\":[{\"@type\":\"CommentAction\",\"name\":\"Comment\",\"target\":[\"https:\\\/\\\/www.altaviadeimontilattari.it\\\/de\\\/15-monte-vico-alvano-642-m\\\/#respond\"]}]},{\"@type\":\"WebPage\",\"@id\":\"https:\\\/\\\/www.altaviadeimontilattari.it\\\/de\\\/15-monte-vico-alvano-642-m\\\/\",\"url\":\"https:\\\/\\\/www.altaviadeimontilattari.it\\\/de\\\/15-monte-vico-alvano-642-m\\\/\",\"name\":\"15. Monte Vico Alvano (642 m) - Alta Via dei Monti Lattari\",\"isPartOf\":{\"@id\":\"https:\\\/\\\/www.altaviadeimontilattari.it\\\/#website\"},\"primaryImageOfPage\":{\"@id\":\"https:\\\/\\\/www.altaviadeimontilattari.it\\\/de\\\/15-monte-vico-alvano-642-m\\\/#primaryimage\"},\"image\":{\"@id\":\"https:\\\/\\\/www.altaviadeimontilattari.it\\\/de\\\/15-monte-vico-alvano-642-m\\\/#primaryimage\"},\"thumbnailUrl\":\"https:\\\/\\\/i0.wp.com\\\/www.altaviadeimontilattari.it\\\/wp-content\\\/uploads\\\/2020\\\/11\\\/rtportda-v.alvano.jpg?fit=649%2C649&ssl=1\",\"datePublished\":\"2020-11-20T22:09:24+00:00\",\"dateModified\":\"2022-07-09T12:08:01+00:00\",\"description\":\"Vom Abstieg des Monte Comune erreicht man Sella di Arola und umgeht den Gipfel des Monte Vico Alvano. Folgen Sie in Richtung Colli San Pietro.\",\"breadcrumb\":{\"@id\":\"https:\\\/\\\/www.altaviadeimontilattari.it\\\/de\\\/15-monte-vico-alvano-642-m\\\/#breadcrumb\"},\"inLanguage\":\"de\",\"potentialAction\":[{\"@type\":\"ReadAction\",\"target\":[\"https:\\\/\\\/www.altaviadeimontilattari.it\\\/de\\\/15-monte-vico-alvano-642-m\\\/\"]}]},{\"@type\":\"ImageObject\",\"inLanguage\":\"de\",\"@id\":\"https:\\\/\\\/www.altaviadeimontilattari.it\\\/de\\\/15-monte-vico-alvano-642-m\\\/#primaryimage\",\"url\":\"https:\\\/\\\/i0.wp.com\\\/www.altaviadeimontilattari.it\\\/wp-content\\\/uploads\\\/2020\\\/11\\\/rtportda-v.alvano.jpg?fit=649%2C649&ssl=1\",\"contentUrl\":\"https:\\\/\\\/i0.wp.com\\\/www.altaviadeimontilattari.it\\\/wp-content\\\/uploads\\\/2020\\\/11\\\/rtportda-v.alvano.jpg?fit=649%2C649&ssl=1\",\"width\":649,\"height\":649},{\"@type\":\"BreadcrumbList\",\"@id\":\"https:\\\/\\\/www.altaviadeimontilattari.it\\\/de\\\/15-monte-vico-alvano-642-m\\\/#breadcrumb\",\"itemListElement\":[{\"@type\":\"ListItem\",\"position\":1,\"name\":\"Home\",\"item\":\"https:\\\/\\\/www.altaviadeimontilattari.it\\\/es\\\/\"},{\"@type\":\"ListItem\",\"position\":2,\"name\":\"15. Monte Vico Alvano (642 m)\"}]},{\"@type\":\"WebSite\",\"@id\":\"https:\\\/\\\/www.altaviadeimontilattari.it\\\/#website\",\"url\":\"https:\\\/\\\/www.altaviadeimontilattari.it\\\/\",\"name\":\"Alta Via dei Monti Lattari\",\"description\":\"La montagna \u00e8 un modo di vivere la vita.\",\"publisher\":{\"@id\":\"https:\\\/\\\/www.altaviadeimontilattari.it\\\/#organization\"},\"potentialAction\":[{\"@type\":\"SearchAction\",\"target\":{\"@type\":\"EntryPoint\",\"urlTemplate\":\"https:\\\/\\\/www.altaviadeimontilattari.it\\\/?s={search_term_string}\"},\"query-input\":{\"@type\":\"PropertyValueSpecification\",\"valueRequired\":true,\"valueName\":\"search_term_string\"}}],\"inLanguage\":\"de\"},{\"@type\":\"Organization\",\"@id\":\"https:\\\/\\\/www.altaviadeimontilattari.it\\\/#organization\",\"name\":\"Alta Via dei Monti Lattari\",\"url\":\"https:\\\/\\\/www.altaviadeimontilattari.it\\\/\",\"logo\":{\"@type\":\"ImageObject\",\"inLanguage\":\"de\",\"@id\":\"https:\\\/\\\/www.altaviadeimontilattari.it\\\/#\\\/schema\\\/logo\\\/image\\\/\",\"url\":\"https:\\\/\\\/i0.wp.com\\\/www.altaviadeimontilattari.it\\\/wp-content\\\/uploads\\\/2020\\\/12\\\/alta_via_monyi_lattari_logo.png?fit=325%2C100&ssl=1\",\"contentUrl\":\"https:\\\/\\\/i0.wp.com\\\/www.altaviadeimontilattari.it\\\/wp-content\\\/uploads\\\/2020\\\/12\\\/alta_via_monyi_lattari_logo.png?fit=325%2C100&ssl=1\",\"width\":325,\"height\":100,\"caption\":\"Alta Via dei Monti Lattari\"},\"image\":{\"@id\":\"https:\\\/\\\/www.altaviadeimontilattari.it\\\/#\\\/schema\\\/logo\\\/image\\\/\"}},{\"@type\":\"Person\",\"@id\":\"https:\\\/\\\/www.altaviadeimontilattari.it\\\/#\\\/schema\\\/person\\\/47c8033a7c6005363bf26047c156ed2c\",\"name\":\"Turismo.Ricercattiva\",\"image\":{\"@type\":\"ImageObject\",\"inLanguage\":\"de\",\"@id\":\"https:\\\/\\\/secure.gravatar.com\\\/avatar\\\/da245a1cae9c81db24d2b96301301cb5f0847cd0f266ee5b9deb95611bf13d92?s=96&d=mm&r=g\",\"url\":\"https:\\\/\\\/secure.gravatar.com\\\/avatar\\\/da245a1cae9c81db24d2b96301301cb5f0847cd0f266ee5b9deb95611bf13d92?s=96&d=mm&r=g\",\"contentUrl\":\"https:\\\/\\\/secure.gravatar.com\\\/avatar\\\/da245a1cae9c81db24d2b96301301cb5f0847cd0f266ee5b9deb95611bf13d92?s=96&d=mm&r=g\",\"caption\":\"Turismo.Ricercattiva\"},\"sameAs\":[\"http:\\\/\\\/turismo.ricercattiva.it\"],\"url\":\"https:\\\/\\\/www.altaviadeimontilattari.it\\\/de\\\/author\\\/turismo-ricercattiva\\\/\"}]}<\/script>\n<!-- \/ Yoast SEO plugin. -->","yoast_head_json":{"title":"15. Monte Vico Alvano (642 m) - Alta Via dei Monti Lattari","description":"Vom Abstieg des Monte Comune erreicht man Sella di Arola und umgeht den Gipfel des Monte Vico Alvano. Folgen Sie in Richtung Colli San Pietro.","robots":{"index":"index","follow":"follow","max-snippet":"max-snippet:-1","max-image-preview":"max-image-preview:large","max-video-preview":"max-video-preview:-1"},"canonical":"https:\/\/www.altaviadeimontilattari.it\/de\/15-monte-vico-alvano-642-m\/","og_locale":"de_DE","og_type":"article","og_title":"15. Monte Vico Alvano (642 m) - Alta Via dei Monti Lattari","og_description":"Vom Abstieg des Monte Comune erreicht man Sella di Arola und umgeht den Gipfel des Monte Vico Alvano. Folgen Sie in Richtung Colli San Pietro.","og_url":"https:\/\/www.altaviadeimontilattari.it\/de\/15-monte-vico-alvano-642-m\/","og_site_name":"Alta Via dei Monti Lattari","article_published_time":"2020-11-20T22:09:24+00:00","article_modified_time":"2022-07-09T12:08:01+00:00","og_image":[{"width":649,"height":649,"url":"https:\/\/www.altaviadeimontilattari.it\/wp-content\/uploads\/2020\/11\/rtportda-v.alvano.jpg","type":"image\/jpeg"}],"author":"Turismo.Ricercattiva","twitter_card":"summary_large_image","twitter_misc":{"Verfasst von":"Turismo.Ricercattiva","Gesch\u00e4tzte Lesezeit":"1\u00a0Minute"},"schema":{"@context":"https:\/\/schema.org","@graph":[{"@type":"Article","@id":"https:\/\/www.altaviadeimontilattari.it\/de\/15-monte-vico-alvano-642-m\/#article","isPartOf":{"@id":"https:\/\/www.altaviadeimontilattari.it\/de\/15-monte-vico-alvano-642-m\/"},"author":{"name":"Turismo.Ricercattiva","@id":"https:\/\/www.altaviadeimontilattari.it\/#\/schema\/person\/47c8033a7c6005363bf26047c156ed2c"},"headline":"15. Monte Vico Alvano (642 m)","datePublished":"2020-11-20T22:09:24+00:00","dateModified":"2022-07-09T12:08:01+00:00","mainEntityOfPage":{"@id":"https:\/\/www.altaviadeimontilattari.it\/de\/15-monte-vico-alvano-642-m\/"},"wordCount":268,"commentCount":0,"publisher":{"@id":"https:\/\/www.altaviadeimontilattari.it\/#organization"},"image":{"@id":"https:\/\/www.altaviadeimontilattari.it\/de\/15-monte-vico-alvano-642-m\/#primaryimage"},"thumbnailUrl":"https:\/\/i0.wp.com\/www.altaviadeimontilattari.it\/wp-content\/uploads\/2020\/11\/rtportda-v.alvano.jpg?fit=649%2C649&ssl=1","articleSection":["Besichtigung der Alta Via dei Monti Lattari"],"inLanguage":"de","potentialAction":[{"@type":"CommentAction","name":"Comment","target":["https:\/\/www.altaviadeimontilattari.it\/de\/15-monte-vico-alvano-642-m\/#respond"]}]},{"@type":"WebPage","@id":"https:\/\/www.altaviadeimontilattari.it\/de\/15-monte-vico-alvano-642-m\/","url":"https:\/\/www.altaviadeimontilattari.it\/de\/15-monte-vico-alvano-642-m\/","name":"15. Monte Vico Alvano (642 m) - Alta Via dei Monti Lattari","isPartOf":{"@id":"https:\/\/www.altaviadeimontilattari.it\/#website"},"primaryImageOfPage":{"@id":"https:\/\/www.altaviadeimontilattari.it\/de\/15-monte-vico-alvano-642-m\/#primaryimage"},"image":{"@id":"https:\/\/www.altaviadeimontilattari.it\/de\/15-monte-vico-alvano-642-m\/#primaryimage"},"thumbnailUrl":"https:\/\/i0.wp.com\/www.altaviadeimontilattari.it\/wp-content\/uploads\/2020\/11\/rtportda-v.alvano.jpg?fit=649%2C649&ssl=1","datePublished":"2020-11-20T22:09:24+00:00","dateModified":"2022-07-09T12:08:01+00:00","description":"Vom Abstieg des Monte Comune erreicht man Sella di Arola und umgeht den Gipfel des Monte Vico Alvano. Folgen Sie in Richtung Colli San Pietro.","breadcrumb":{"@id":"https:\/\/www.altaviadeimontilattari.it\/de\/15-monte-vico-alvano-642-m\/#breadcrumb"},"inLanguage":"de","potentialAction":[{"@type":"ReadAction","target":["https:\/\/www.altaviadeimontilattari.it\/de\/15-monte-vico-alvano-642-m\/"]}]},{"@type":"ImageObject","inLanguage":"de","@id":"https:\/\/www.altaviadeimontilattari.it\/de\/15-monte-vico-alvano-642-m\/#primaryimage","url":"https:\/\/i0.wp.com\/www.altaviadeimontilattari.it\/wp-content\/uploads\/2020\/11\/rtportda-v.alvano.jpg?fit=649%2C649&ssl=1","contentUrl":"https:\/\/i0.wp.com\/www.altaviadeimontilattari.it\/wp-content\/uploads\/2020\/11\/rtportda-v.alvano.jpg?fit=649%2C649&ssl=1","width":649,"height":649},{"@type":"BreadcrumbList","@id":"https:\/\/www.altaviadeimontilattari.it\/de\/15-monte-vico-alvano-642-m\/#breadcrumb","itemListElement":[{"@type":"ListItem","position":1,"name":"Home","item":"https:\/\/www.altaviadeimontilattari.it\/es\/"},{"@type":"ListItem","position":2,"name":"15. Monte Vico Alvano (642 m)"}]},{"@type":"WebSite","@id":"https:\/\/www.altaviadeimontilattari.it\/#website","url":"https:\/\/www.altaviadeimontilattari.it\/","name":"Alta Via dei Monti Lattari","description":"La montagna \u00e8 un modo di vivere la vita.","publisher":{"@id":"https:\/\/www.altaviadeimontilattari.it\/#organization"},"potentialAction":[{"@type":"SearchAction","target":{"@type":"EntryPoint","urlTemplate":"https:\/\/www.altaviadeimontilattari.it\/?s={search_term_string}"},"query-input":{"@type":"PropertyValueSpecification","valueRequired":true,"valueName":"search_term_string"}}],"inLanguage":"de"},{"@type":"Organization","@id":"https:\/\/www.altaviadeimontilattari.it\/#organization","name":"Alta Via dei Monti Lattari","url":"https:\/\/www.altaviadeimontilattari.it\/","logo":{"@type":"ImageObject","inLanguage":"de","@id":"https:\/\/www.altaviadeimontilattari.it\/#\/schema\/logo\/image\/","url":"https:\/\/i0.wp.com\/www.altaviadeimontilattari.it\/wp-content\/uploads\/2020\/12\/alta_via_monyi_lattari_logo.png?fit=325%2C100&ssl=1","contentUrl":"https:\/\/i0.wp.com\/www.altaviadeimontilattari.it\/wp-content\/uploads\/2020\/12\/alta_via_monyi_lattari_logo.png?fit=325%2C100&ssl=1","width":325,"height":100,"caption":"Alta Via dei Monti Lattari"},"image":{"@id":"https:\/\/www.altaviadeimontilattari.it\/#\/schema\/logo\/image\/"}},{"@type":"Person","@id":"https:\/\/www.altaviadeimontilattari.it\/#\/schema\/person\/47c8033a7c6005363bf26047c156ed2c","name":"Turismo.Ricercattiva","image":{"@type":"ImageObject","inLanguage":"de","@id":"https:\/\/secure.gravatar.com\/avatar\/da245a1cae9c81db24d2b96301301cb5f0847cd0f266ee5b9deb95611bf13d92?s=96&d=mm&r=g","url":"https:\/\/secure.gravatar.com\/avatar\/da245a1cae9c81db24d2b96301301cb5f0847cd0f266ee5b9deb95611bf13d92?s=96&d=mm&r=g","contentUrl":"https:\/\/secure.gravatar.com\/avatar\/da245a1cae9c81db24d2b96301301cb5f0847cd0f266ee5b9deb95611bf13d92?s=96&d=mm&r=g","caption":"Turismo.Ricercattiva"},"sameAs":["http:\/\/turismo.ricercattiva.it"],"url":"https:\/\/www.altaviadeimontilattari.it\/de\/author\/turismo-ricercattiva\/"}]}},"jetpack_featured_media_url":"https:\/\/i0.wp.com\/www.altaviadeimontilattari.it\/wp-content\/uploads\/2020\/11\/rtportda-v.alvano.jpg?fit=649%2C649&ssl=1","jetpack-related-posts":[{"id":6564,"url":"https:\/\/www.altaviadeimontilattari.it\/de\/7-monte-cerreto-1316-m\/","url_meta":{"origin":6500,"position":0},"title":"7. Monte Cerreto (1316 m)","author":"Turismo.Ricercattiva","date":"20. November 2020","format":false,"excerpt":"Monte Cerreto , 1316 m hoch , ist der zweite Gipfel der Lattari-Berge, der nur von der Gruppe Sant'Angelo a 3 Pizzi \u00fcbertroffen wird, die in < gipfelt starker > Monte San Michele (1443,6m), besser bekannt unter dem Namen Molare. Der Hauptweg der Alta Via dei Monti Lattari f\u00fchrt durch\u2026","rel":"","context":"In &quot;Besichtigung der Alta Via dei Monti Lattari&quot;","block_context":{"text":"Besichtigung der Alta Via dei Monti Lattari","link":"https:\/\/www.altaviadeimontilattari.it\/de\/category\/besichtigung-der-alta-via-dei-monti-lattari\/"},"img":{"alt_text":"","src":"https:\/\/i0.wp.com\/www.altaviadeimontilattari.it\/wp-content\/uploads\/2020\/12\/monte-cerreto.jpg?fit=1000%2C1000&ssl=1&resize=350%2C200","width":350,"height":200,"srcset":"https:\/\/i0.wp.com\/www.altaviadeimontilattari.it\/wp-content\/uploads\/2020\/12\/monte-cerreto.jpg?fit=1000%2C1000&ssl=1&resize=350%2C200 1x, https:\/\/i0.wp.com\/www.altaviadeimontilattari.it\/wp-content\/uploads\/2020\/12\/monte-cerreto.jpg?fit=1000%2C1000&ssl=1&resize=525%2C300 1.5x, https:\/\/i0.wp.com\/www.altaviadeimontilattari.it\/wp-content\/uploads\/2020\/12\/monte-cerreto.jpg?fit=1000%2C1000&ssl=1&resize=700%2C400 2x"},"classes":[]},{"id":6580,"url":"https:\/\/www.altaviadeimontilattari.it\/de\/5-monte-finestra-1145-m\/","url_meta":{"origin":6500,"position":1},"title":"5. Monte Finestra (1145 m)","author":"Turismo.Ricercattiva","date":"20. November 2020","format":false,"excerpt":"Der Monte Finestra ist eine grundlegende Etappe unserer Reiseroute mit einem wunderbaren Panorama.","rel":"","context":"In &quot;Besichtigung der Alta Via dei Monti Lattari&quot;","block_context":{"text":"Besichtigung der Alta Via dei Monti Lattari","link":"https:\/\/www.altaviadeimontilattari.it\/de\/category\/besichtigung-der-alta-via-dei-monti-lattari\/"},"img":{"alt_text":"","src":"https:\/\/i0.wp.com\/www.altaviadeimontilattari.it\/wp-content\/uploads\/2020\/12\/monte_finestra.jpg?fit=1000%2C1000&ssl=1&resize=350%2C200","width":350,"height":200,"srcset":"https:\/\/i0.wp.com\/www.altaviadeimontilattari.it\/wp-content\/uploads\/2020\/12\/monte_finestra.jpg?fit=1000%2C1000&ssl=1&resize=350%2C200 1x, https:\/\/i0.wp.com\/www.altaviadeimontilattari.it\/wp-content\/uploads\/2020\/12\/monte_finestra.jpg?fit=1000%2C1000&ssl=1&resize=525%2C300 1.5x, https:\/\/i0.wp.com\/www.altaviadeimontilattari.it\/wp-content\/uploads\/2020\/12\/monte_finestra.jpg?fit=1000%2C1000&ssl=1&resize=700%2C400 2x"},"classes":[]},{"id":6406,"url":"https:\/\/www.altaviadeimontilattari.it\/de\/3-von-cetara-auf-den-monti-del-demanio\/","url_meta":{"origin":6500,"position":2},"title":"3. Von Cetara auf den Monti del Demanio","author":"","date":"4. Februar 2022","format":false,"excerpt":"Durchquerung des Monte Falerio - Capella Vecchia - Heiligtum der Avvocata - Vallone San Nicola - Piano di Viesto Dauer: 10,0 km Fahrzeit: 6h 30 ' Route - Ziemlich lange Wanderung mit einem H\u00f6henunterschied von 900 Metern. Eher geeignet f\u00fcr den gewohnheitsm\u00e4\u00dfigen und trainierten Wanderer.\r Anfahrt - Abfahrt und Ankunft\u2026","rel":"","context":"In &quot;Wanderwege&quot;","block_context":{"text":"Wanderwege","link":"https:\/\/www.altaviadeimontilattari.it\/de\/category\/wanderwege\/"},"img":{"alt_text":"","src":"https:\/\/i0.wp.com\/www.altaviadeimontilattari.it\/wp-content\/uploads\/2022\/03\/IMG_36421-scaled.jpg?resize=350%2C200&ssl=1","width":350,"height":200,"srcset":"https:\/\/i0.wp.com\/www.altaviadeimontilattari.it\/wp-content\/uploads\/2022\/03\/IMG_36421-scaled.jpg?resize=350%2C200&ssl=1 1x, https:\/\/i0.wp.com\/www.altaviadeimontilattari.it\/wp-content\/uploads\/2022\/03\/IMG_36421-scaled.jpg?resize=525%2C300&ssl=1 1.5x, https:\/\/i0.wp.com\/www.altaviadeimontilattari.it\/wp-content\/uploads\/2022\/03\/IMG_36421-scaled.jpg?resize=700%2C400&ssl=1 2x, https:\/\/i0.wp.com\/www.altaviadeimontilattari.it\/wp-content\/uploads\/2022\/03\/IMG_36421-scaled.jpg?resize=1050%2C600&ssl=1 3x, https:\/\/i0.wp.com\/www.altaviadeimontilattari.it\/wp-content\/uploads\/2022\/03\/IMG_36421-scaled.jpg?resize=1400%2C800&ssl=1 4x"},"classes":[]},{"id":6508,"url":"https:\/\/www.altaviadeimontilattari.it\/de\/14-monte-comune-877-m\/","url_meta":{"origin":6500,"position":3},"title":"14. Monte Comune (877 m)","author":"Turismo.Ricercattiva","date":"20. November 2020","format":false,"excerpt":"Entlang der Alta via dei Monti Lattari von der Kaserne der Forstwirtschaft Sie erreichen zuerst das Dorf Santa Maria al Castello und dann \u00fcber den Preazzano-Pass hinauf zum Monte Comune. Das Dorf Santa Maria al Castello ist ein strategischer Zwischenstopp entlang der Alta Via dei Monti Lattari aufgrund der Anwesenheit\u2026","rel":"","context":"In &quot;Besichtigung der Alta Via dei Monti Lattari&quot;","block_context":{"text":"Besichtigung der Alta Via dei Monti Lattari","link":"https:\/\/www.altaviadeimontilattari.it\/de\/category\/besichtigung-der-alta-via-dei-monti-lattari\/"},"img":{"alt_text":"","src":"https:\/\/i0.wp.com\/www.altaviadeimontilattari.it\/wp-content\/uploads\/2020\/11\/monte-comune.jpg?fit=1024%2C1024&ssl=1&resize=350%2C200","width":350,"height":200,"srcset":"https:\/\/i0.wp.com\/www.altaviadeimontilattari.it\/wp-content\/uploads\/2020\/11\/monte-comune.jpg?fit=1024%2C1024&ssl=1&resize=350%2C200 1x, https:\/\/i0.wp.com\/www.altaviadeimontilattari.it\/wp-content\/uploads\/2020\/11\/monte-comune.jpg?fit=1024%2C1024&ssl=1&resize=525%2C300 1.5x, https:\/\/i0.wp.com\/www.altaviadeimontilattari.it\/wp-content\/uploads\/2020\/11\/monte-comune.jpg?fit=1024%2C1024&ssl=1&resize=700%2C400 2x"},"classes":[]},{"id":6164,"url":"https:\/\/www.altaviadeimontilattari.it\/de\/20-capo-muro\/","url_meta":{"origin":6500,"position":4},"title":"20.Capo Muro","author":"","date":"17. Februar 2022","format":false,"excerpt":"von Nocelle (Positano) bis zum Steinpilz von Capo Muro Dauer: 5 km Fahrzeit: 6h 00 ' Strecke - Der H\u00f6henunterschied von \u00fcber 600 Metern erfordert ein Minimum an Training. Der Boden, oft aus lockerem Material, erfordert die Verwendung von Schuhen mit gutem Halt auf dem Boden. Aufgrund der h\u00e4ufigen Windbelastung\u2026","rel":"","context":"In &quot;Wanderwege&quot;","block_context":{"text":"Wanderwege","link":"https:\/\/www.altaviadeimontilattari.it\/de\/category\/wanderwege\/"},"img":{"alt_text":"","src":"https:\/\/i0.wp.com\/www.altaviadeimontilattari.it\/wp-content\/uploads\/2022\/03\/IMG_36591.jpg?resize=350%2C200&ssl=1","width":350,"height":200,"srcset":"https:\/\/i0.wp.com\/www.altaviadeimontilattari.it\/wp-content\/uploads\/2022\/03\/IMG_36591.jpg?resize=350%2C200&ssl=1 1x, https:\/\/i0.wp.com\/www.altaviadeimontilattari.it\/wp-content\/uploads\/2022\/03\/IMG_36591.jpg?resize=525%2C300&ssl=1 1.5x, https:\/\/i0.wp.com\/www.altaviadeimontilattari.it\/wp-content\/uploads\/2022\/03\/IMG_36591.jpg?resize=700%2C400&ssl=1 2x, https:\/\/i0.wp.com\/www.altaviadeimontilattari.it\/wp-content\/uploads\/2022\/03\/IMG_36591.jpg?resize=1050%2C600&ssl=1 3x, https:\/\/i0.wp.com\/www.altaviadeimontilattari.it\/wp-content\/uploads\/2022\/03\/IMG_36591.jpg?resize=1400%2C800&ssl=1 4x"},"classes":[]},{"id":6596,"url":"https:\/\/www.altaviadeimontilattari.it\/de\/3-monte-dellavvocata-heiligtum-865-m\/","url_meta":{"origin":6500,"position":5},"title":"3. Monte dell\u2019Avvocata \u2013 Heiligtum (865 m)","author":"Turismo.Ricercattiva","date":"20. November 2020","format":false,"excerpt":"Eine Erfrischung f\u00fcr K\u00f6rper und Geist ist die Wallfahrtskirche in der N\u00e4he des Monte dell'Avvocata, die pr\u00e4zise auf einem Gipfel des Monte Falerzio aufgeh\u00e4ngt ist.","rel":"","context":"In &quot;Besichtigung der Alta Via dei Monti Lattari&quot;","block_context":{"text":"Besichtigung der Alta Via dei Monti Lattari","link":"https:\/\/www.altaviadeimontilattari.it\/de\/category\/besichtigung-der-alta-via-dei-monti-lattari\/"},"img":{"alt_text":"","src":"https:\/\/i0.wp.com\/www.altaviadeimontilattari.it\/wp-content\/uploads\/2020\/12\/monte_avvocata-1.jpg?fit=1000%2C1000&ssl=1&resize=350%2C200","width":350,"height":200,"srcset":"https:\/\/i0.wp.com\/www.altaviadeimontilattari.it\/wp-content\/uploads\/2020\/12\/monte_avvocata-1.jpg?fit=1000%2C1000&ssl=1&resize=350%2C200 1x, https:\/\/i0.wp.com\/www.altaviadeimontilattari.it\/wp-content\/uploads\/2020\/12\/monte_avvocata-1.jpg?fit=1000%2C1000&ssl=1&resize=525%2C300 1.5x, https:\/\/i0.wp.com\/www.altaviadeimontilattari.it\/wp-content\/uploads\/2020\/12\/monte_avvocata-1.jpg?fit=1000%2C1000&ssl=1&resize=700%2C400 2x"},"classes":[]}],"jetpack_shortlink":"https:\/\/wp.me\/pcGNaV-1GQ","jetpack_sharing_enabled":true,"_links":{"self":[{"href":"https:\/\/www.altaviadeimontilattari.it\/de\/wp-json\/wp\/v2\/posts\/6500","targetHints":{"allow":["GET"]}}],"collection":[{"href":"https:\/\/www.altaviadeimontilattari.it\/de\/wp-json\/wp\/v2\/posts"}],"about":[{"href":"https:\/\/www.altaviadeimontilattari.it\/de\/wp-json\/wp\/v2\/types\/post"}],"author":[{"embeddable":true,"href":"https:\/\/www.altaviadeimontilattari.it\/de\/wp-json\/wp\/v2\/users\/3"}],"replies":[{"embeddable":true,"href":"https:\/\/www.altaviadeimontilattari.it\/de\/wp-json\/wp\/v2\/comments?post=6500"}],"version-history":[{"count":1,"href":"https:\/\/www.altaviadeimontilattari.it\/de\/wp-json\/wp\/v2\/posts\/6500\/revisions"}],"predecessor-version":[{"id":6501,"href":"https:\/\/www.altaviadeimontilattari.it\/de\/wp-json\/wp\/v2\/posts\/6500\/revisions\/6501"}],"wp:featuredmedia":[{"embeddable":true,"href":"https:\/\/www.altaviadeimontilattari.it\/de\/wp-json\/wp\/v2\/media\/5237"}],"wp:attachment":[{"href":"https:\/\/www.altaviadeimontilattari.it\/de\/wp-json\/wp\/v2\/media?parent=6500"}],"wp:term":[{"taxonomy":"category","embeddable":true,"href":"https:\/\/www.altaviadeimontilattari.it\/de\/wp-json\/wp\/v2\/categories?post=6500"},{"taxonomy":"post_tag","embeddable":true,"href":"https:\/\/www.altaviadeimontilattari.it\/de\/wp-json\/wp\/v2\/tags?post=6500"}],"curies":[{"name":"wp","href":"https:\/\/api.w.org\/{rel}","templated":true}]}}