{"id":6524,"date":"2020-11-20T22:05:56","date_gmt":"2020-11-20T22:05:56","guid":{"rendered":"https:\/\/www.altaviadeimontilattari.it\/12-forstkaserne-767-m\/"},"modified":"2022-07-09T12:29:22","modified_gmt":"2022-07-09T12:29:22","slug":"12-forstkaserne-767-m","status":"publish","type":"post","link":"https:\/\/www.altaviadeimontilattari.it\/de\/12-forstkaserne-767-m\/","title":{"rendered":"12. Forstkaserne (767 m)"},"content":{"rendered":"<p>Abstieg von <a href=\"https:\/\/altaviadeimontilattari.it\/11-monte-molare-1444m-and-cross-della-conocchia-1314-m\/\"> <em> <strong>Kreuz der Conocchia <\/ strong> <\/em> <\/a> erreichen Sie die <em> <strong> Kaserne <\/strong> <strong> Forestale <\/strong> <\/em> in der N\u00e4he von <strong> Agerola. <\/strong> Der Abstieg ist ein wenig steil zwischen Felsen und Stufen und mit einer atemberaubenden Aussicht voller wundersch\u00f6ner Wildblumen, niedriger Vegetation und Felsen. Der Blick ist erstaunt, wenn er <em> die Insel Li Galli, Positano und die gesamte Halbinsel von Sorrent <\/em> sieht.<\/p>\n<p>Die Forstkaserne liegt an einem sehr wichtigen Kreuzungspunkt. Von hier aus ist es m\u00f6glich, den <strong> Weg der G\u00f6tter <\/strong> in Richtung S\u00fcdosten, in Richtung Nocelle, und den <strong> Hohen Weg der G\u00f6tter <\/strong>, in Richtung <strong> Capo Muro und zu erreichen Monte Tre Calli<\/strong>. Wenn Sie stattdessen weiter nach Westen fahren, fahren Sie weiter auf der 300 in Richtung <strong> Santa Maria del Castello <\/strong> oder fahren Sie hinunter in Richtung <strong> Positano <\/strong> und seine Ortschaften wie <strong> Monte Pertuso oder Nocelle <\/strong>.<\/p>\n\n<div class=\"wp-block-jetpack-tiled-gallery aligncenter is-style-rectangular\"><div class=\"tiled-gallery__gallery\"><div class=\"tiled-gallery__row\"><div class=\"tiled-gallery__col\" style=\"flex-basis:66.77681%\"><figure class=\"tiled-gallery__item\"><img decoding=\"async\" role=\"button\" tabindex=\"0\" aria-label=\"Bild\u00a01 von 6 im Vollbildmodus \u00f6ffnen\"srcset=\"https:\/\/i1.wp.com\/www.altaviadeimontilattari.it\/wp-content\/uploads\/2020\/11\/caserma_forestale_santa_maria_al_castello.jpg?strip=info&#038;w=600&#038;ssl=1 600w,https:\/\/i1.wp.com\/www.altaviadeimontilattari.it\/wp-content\/uploads\/2020\/11\/caserma_forestale_santa_maria_al_castello.jpg?strip=info&#038;w=900&#038;ssl=1 900w,https:\/\/i1.wp.com\/www.altaviadeimontilattari.it\/wp-content\/uploads\/2020\/11\/caserma_forestale_santa_maria_al_castello.jpg?strip=info&#038;w=1024&#038;ssl=1 1024w\" alt=\"Caserma Forestale\" data-height=\"768\" data-id=\"3623\" data-link=\"https:\/\/altaviadeimontilattari.it\/12-caserma-della-forestale-767-m\/caserma_forestale_santa_maria_al_castello\/\" data-url=\"https:\/\/altaviadeimontilattari.it\/wp-content\/uploads\/2020\/11\/caserma_forestale_santa_maria_al_castello.jpg\" data-width=\"1024\" src=\"https:\/\/i1.wp.com\/www.altaviadeimontilattari.it\/wp-content\/uploads\/2020\/11\/caserma_forestale_santa_maria_al_castello.jpg?ssl=1\" data-amp-layout=\"responsive\"\/><\/figure><\/div><div class=\"tiled-gallery__col\" style=\"flex-basis:33.22319%\"><figure class=\"tiled-gallery__item\"><img decoding=\"async\" role=\"button\" tabindex=\"0\" aria-label=\"Bild\u00a02 von 6 im Vollbildmodus \u00f6ffnen\"srcset=\"https:\/\/i0.wp.com\/www.altaviadeimontilattari.it\/wp-content\/uploads\/2020\/11\/caserma_forestale_panorama_2.jpg?strip=info&#038;w=600&#038;ssl=1 600w,https:\/\/i0.wp.com\/www.altaviadeimontilattari.it\/wp-content\/uploads\/2020\/11\/caserma_forestale_panorama_2.jpg?strip=info&#038;w=900&#038;ssl=1 900w,https:\/\/i0.wp.com\/www.altaviadeimontilattari.it\/wp-content\/uploads\/2020\/11\/caserma_forestale_panorama_2.jpg?strip=info&#038;w=1024&#038;ssl=1 1024w\" alt=\"Discesa da Conocchia lungo il sentiero 300\" data-height=\"768\" data-id=\"3625\" data-link=\"https:\/\/altaviadeimontilattari.it\/12-caserma-della-forestale-767-m\/caserma_forestale_panorama_2\/\" data-url=\"https:\/\/altaviadeimontilattari.it\/wp-content\/uploads\/2020\/11\/caserma_forestale_panorama_2.jpg\" data-width=\"1024\" src=\"https:\/\/i0.wp.com\/www.altaviadeimontilattari.it\/wp-content\/uploads\/2020\/11\/caserma_forestale_panorama_2.jpg?ssl=1\" data-amp-layout=\"responsive\"\/><\/figure><figure class=\"tiled-gallery__item\"><img decoding=\"async\" role=\"button\" tabindex=\"0\" aria-label=\"Bild\u00a03 von 6 im Vollbildmodus \u00f6ffnen\"srcset=\"https:\/\/i2.wp.com\/www.altaviadeimontilattari.it\/wp-content\/uploads\/2020\/11\/caserma_forestale_discesa_conocchia.jpg?strip=info&#038;w=600&#038;ssl=1 600w,https:\/\/i2.wp.com\/www.altaviadeimontilattari.it\/wp-content\/uploads\/2020\/11\/caserma_forestale_discesa_conocchia.jpg?strip=info&#038;w=900&#038;ssl=1 900w,https:\/\/i2.wp.com\/www.altaviadeimontilattari.it\/wp-content\/uploads\/2020\/11\/caserma_forestale_discesa_conocchia.jpg?strip=info&#038;w=1024&#038;ssl=1 1024w\" alt=\"Discesa da Conocchia lungo il sentiero 300\" data-height=\"768\" data-id=\"3626\" data-link=\"https:\/\/altaviadeimontilattari.it\/12-caserma-della-forestale-767-m\/caserma_forestale_discesa_conocchia\/\" data-url=\"https:\/\/altaviadeimontilattari.it\/wp-content\/uploads\/2020\/11\/caserma_forestale_discesa_conocchia.jpg\" data-width=\"1024\" src=\"https:\/\/i2.wp.com\/www.altaviadeimontilattari.it\/wp-content\/uploads\/2020\/11\/caserma_forestale_discesa_conocchia.jpg?ssl=1\" data-amp-layout=\"responsive\"\/><\/figure><\/div><\/div><div class=\"tiled-gallery__row\"><div class=\"tiled-gallery__col\" style=\"flex-basis:46.90120%\"><figure class=\"tiled-gallery__item\"><img decoding=\"async\" role=\"button\" tabindex=\"0\" aria-label=\"Bild\u00a04 von 6 im Vollbildmodus \u00f6ffnen\"srcset=\"https:\/\/i2.wp.com\/www.altaviadeimontilattari.it\/wp-content\/uploads\/2020\/11\/caserma_forestale_panorama.jpg?strip=info&#038;w=600&#038;ssl=1 600w,https:\/\/i2.wp.com\/www.altaviadeimontilattari.it\/wp-content\/uploads\/2020\/11\/caserma_forestale_panorama.jpg?strip=info&#038;w=900&#038;ssl=1 900w,https:\/\/i2.wp.com\/www.altaviadeimontilattari.it\/wp-content\/uploads\/2020\/11\/caserma_forestale_panorama.jpg?strip=info&#038;w=1024&#038;ssl=1 1024w\" alt=\"Panorama su Costiera Amalfitana\" data-height=\"768\" data-id=\"3621\" data-link=\"https:\/\/altaviadeimontilattari.it\/12-caserma-della-forestale-767-m\/caserma_forestale_panorama\/\" data-url=\"https:\/\/altaviadeimontilattari.it\/wp-content\/uploads\/2020\/11\/caserma_forestale_panorama.jpg\" data-width=\"1024\" src=\"https:\/\/i2.wp.com\/www.altaviadeimontilattari.it\/wp-content\/uploads\/2020\/11\/caserma_forestale_panorama.jpg?ssl=1\" data-amp-layout=\"responsive\"\/><\/figure><figure class=\"tiled-gallery__item\"><img decoding=\"async\" role=\"button\" tabindex=\"0\" aria-label=\"Bild\u00a05 von 6 im Vollbildmodus \u00f6ffnen\"srcset=\"https:\/\/i0.wp.com\/www.altaviadeimontilattari.it\/wp-content\/uploads\/2020\/11\/caserma_forestale_panorama.png?strip=info&#038;w=600&#038;ssl=1 600w,https:\/\/i0.wp.com\/www.altaviadeimontilattari.it\/wp-content\/uploads\/2020\/11\/caserma_forestale_panorama.png?strip=info&#038;w=900&#038;ssl=1 900w,https:\/\/i0.wp.com\/www.altaviadeimontilattari.it\/wp-content\/uploads\/2020\/11\/caserma_forestale_panorama.png?strip=info&#038;w=1024&#038;ssl=1 1024w\" alt=\"Panorama su Positano e l'isola Li Galli\" data-height=\"768\" data-id=\"3622\" data-link=\"https:\/\/altaviadeimontilattari.it\/12-caserma-della-forestale-767-m\/caserma_forestale_panorama-2\/\" data-url=\"https:\/\/altaviadeimontilattari.it\/wp-content\/uploads\/2020\/11\/caserma_forestale_panorama.png\" data-width=\"1024\" src=\"https:\/\/i0.wp.com\/www.altaviadeimontilattari.it\/wp-content\/uploads\/2020\/11\/caserma_forestale_panorama.png?ssl=1\" data-amp-layout=\"responsive\"\/><\/figure><\/div><div class=\"tiled-gallery__col\" style=\"flex-basis:53.09880%\"><figure class=\"tiled-gallery__item\"><img decoding=\"async\" role=\"button\" tabindex=\"0\" aria-label=\"Bild\u00a06 von 6 im Vollbildmodus \u00f6ffnen\"srcset=\"https:\/\/i2.wp.com\/www.altaviadeimontilattari.it\/wp-content\/uploads\/2020\/11\/caserma_forestale_panorama_3.jpg?strip=info&#038;w=600&#038;ssl=1 600w,https:\/\/i2.wp.com\/www.altaviadeimontilattari.it\/wp-content\/uploads\/2020\/11\/caserma_forestale_panorama_3.jpg?strip=info&#038;w=768&#038;ssl=1 768w\" alt=\"Panorama sull'isola Li Galli\" data-height=\"1024\" data-id=\"3624\" data-link=\"https:\/\/altaviadeimontilattari.it\/12-caserma-della-forestale-767-m\/caserma_forestale_panorama_3\/\" data-url=\"https:\/\/altaviadeimontilattari.it\/wp-content\/uploads\/2020\/11\/caserma_forestale_panorama_3.jpg\" data-width=\"768\" src=\"https:\/\/i2.wp.com\/www.altaviadeimontilattari.it\/wp-content\/uploads\/2020\/11\/caserma_forestale_panorama_3.jpg?ssl=1\" data-amp-layout=\"responsive\"\/><\/figure><\/div><\/div><\/div><\/div>\r\n<div style=\"margin: 20px 0;\"><div class=\"qrcswholewtapper\" style=\"text-align:left;\"><div class=\"qrcprowrapper\"  id=\"qrcwraa2leds\"><div class=\"qrc_canvass\" id=\"qrc_cuttenpages_2\" style=\"display:inline-block\" data-text=\"https:\/\/www.altaviadeimontilattari.it\/de\/12-forstkaserne-767-m\/\"><\/div><div><a download=\"12. Forstkaserne (767 m).png\" class=\"qrcdownloads\" id=\"worign\">\r\n           <button type=\"button\" style=\"min-width:200px;background:#81ea00;color:#000;font-weight: 600;border: 1px solid #dddddd;border-radius:4px;font-size:12px;padding: 6px 0;\" class=\"uqr_code_btn\">Download QR<\/button>\r\n           <\/a><\/div><\/div><\/div><\/div>","protected":false},"excerpt":{"rendered":"<p>Abstieg von Kreuz der Conocchia erreichen Sie die Kaserne Forestale in der N\u00e4he von Agerola. Der Abstieg ist ein wenig steil zwischen Felsen und Stufen und mit einer atemberaubenden Aussicht voller wundersch\u00f6ner Wildblumen, niedriger Vegetation und Felsen. Der Blick ist erstaunt, wenn er die Insel Li Galli, Positano und die gesamte Halbinsel von Sorrent sieht.&hellip;&nbsp;<a href=\"https:\/\/www.altaviadeimontilattari.it\/de\/12-forstkaserne-767-m\/\" rel=\"bookmark\">Mehr lesen &raquo;<span class=\"screen-reader-text\">12. Forstkaserne (767 m)<\/span><\/a><\/p>\n","protected":false},"author":3,"featured_media":5041,"comment_status":"open","ping_status":"closed","sticky":false,"template":"","format":"standard","meta":{"neve_meta_sidebar":"","neve_meta_container":"","neve_meta_enable_content_width":"","neve_meta_content_width":0,"neve_meta_title_alignment":"","neve_meta_author_avatar":"","neve_post_elements_order":"","neve_meta_disable_header":"","neve_meta_disable_footer":"","neve_meta_disable_title":"","neve_meta_reading_time":"","_themeisle_gutenberg_block_has_review":false,"jetpack_post_was_ever_published":false,"_jetpack_newsletter_access":"","_jetpack_dont_email_post_to_subs":false,"_jetpack_newsletter_tier_id":0,"_jetpack_memberships_contains_paywalled_content":false,"_jetpack_memberships_contains_paid_content":false,"footnotes":""},"categories":[269],"tags":[],"class_list":["post-6524","post","type-post","status-publish","format-standard","has-post-thumbnail","hentry","category-besichtigung-der-alta-via-dei-monti-lattari"],"yoast_head":"<!-- This site is optimized with the Yoast SEO plugin v27.4 - https:\/\/yoast.com\/product\/yoast-seo-wordpress\/ -->\n<title>12. Forstkaserne (767 m) - Alta Via dei Monti Lattari<\/title>\n<meta name=\"description\" content=\"Waldkaserne in der N\u00e4he von Agerola. Die Aussicht ist erstaunt, wenn man die Insel Li Galli, Positano und die gesamte Halbinsel von Sorrento sieht.\" \/>\n<meta name=\"robots\" content=\"index, follow, max-snippet:-1, max-image-preview:large, max-video-preview:-1\" \/>\n<link rel=\"canonical\" href=\"https:\/\/www.altaviadeimontilattari.it\/de\/12-forstkaserne-767-m\/\" \/>\n<meta property=\"og:locale\" content=\"de_DE\" \/>\n<meta property=\"og:type\" content=\"article\" \/>\n<meta property=\"og:title\" content=\"12. Forstkaserne (767 m) - Alta Via dei Monti Lattari\" \/>\n<meta property=\"og:description\" content=\"Waldkaserne in der N\u00e4he von Agerola. Die Aussicht ist erstaunt, wenn man die Insel Li Galli, Positano und die gesamte Halbinsel von Sorrento sieht.\" \/>\n<meta property=\"og:url\" content=\"https:\/\/www.altaviadeimontilattari.it\/de\/12-forstkaserne-767-m\/\" \/>\n<meta property=\"og:site_name\" content=\"Alta Via dei Monti Lattari\" \/>\n<meta property=\"article:published_time\" content=\"2020-11-20T22:05:56+00:00\" \/>\n<meta property=\"article:modified_time\" content=\"2022-07-09T12:29:22+00:00\" \/>\n<meta property=\"og:image\" content=\"https:\/\/www.altaviadeimontilattari.it\/wp-content\/uploads\/2020\/11\/caserma_forestale_1024.jpg\" \/>\n\t<meta property=\"og:image:width\" content=\"1024\" \/>\n\t<meta property=\"og:image:height\" content=\"1024\" \/>\n\t<meta property=\"og:image:type\" content=\"image\/jpeg\" \/>\n<meta name=\"author\" content=\"Turismo.Ricercattiva\" \/>\n<meta name=\"twitter:card\" content=\"summary_large_image\" \/>\n<meta name=\"twitter:label1\" content=\"Verfasst von\" \/>\n\t<meta name=\"twitter:data1\" content=\"Turismo.Ricercattiva\" \/>\n\t<meta name=\"twitter:label2\" content=\"Gesch\u00e4tzte Lesezeit\" \/>\n\t<meta name=\"twitter:data2\" content=\"1\u00a0Minute\" \/>\n<script type=\"application\/ld+json\" class=\"yoast-schema-graph\">{\"@context\":\"https:\\\/\\\/schema.org\",\"@graph\":[{\"@type\":\"Article\",\"@id\":\"https:\\\/\\\/www.altaviadeimontilattari.it\\\/de\\\/12-forstkaserne-767-m\\\/#article\",\"isPartOf\":{\"@id\":\"https:\\\/\\\/www.altaviadeimontilattari.it\\\/de\\\/12-forstkaserne-767-m\\\/\"},\"author\":{\"name\":\"Turismo.Ricercattiva\",\"@id\":\"https:\\\/\\\/www.altaviadeimontilattari.it\\\/#\\\/schema\\\/person\\\/47c8033a7c6005363bf26047c156ed2c\"},\"headline\":\"12. Forstkaserne (767 m)\",\"datePublished\":\"2020-11-20T22:05:56+00:00\",\"dateModified\":\"2022-07-09T12:29:22+00:00\",\"mainEntityOfPage\":{\"@id\":\"https:\\\/\\\/www.altaviadeimontilattari.it\\\/de\\\/12-forstkaserne-767-m\\\/\"},\"wordCount\":136,\"commentCount\":0,\"publisher\":{\"@id\":\"https:\\\/\\\/www.altaviadeimontilattari.it\\\/#organization\"},\"image\":{\"@id\":\"https:\\\/\\\/www.altaviadeimontilattari.it\\\/de\\\/12-forstkaserne-767-m\\\/#primaryimage\"},\"thumbnailUrl\":\"https:\\\/\\\/i0.wp.com\\\/www.altaviadeimontilattari.it\\\/wp-content\\\/uploads\\\/2020\\\/11\\\/caserma_forestale_1024.jpg?fit=1024%2C1024&ssl=1\",\"articleSection\":[\"Besichtigung der Alta Via dei Monti Lattari\"],\"inLanguage\":\"de\",\"potentialAction\":[{\"@type\":\"CommentAction\",\"name\":\"Comment\",\"target\":[\"https:\\\/\\\/www.altaviadeimontilattari.it\\\/de\\\/12-forstkaserne-767-m\\\/#respond\"]}]},{\"@type\":\"WebPage\",\"@id\":\"https:\\\/\\\/www.altaviadeimontilattari.it\\\/de\\\/12-forstkaserne-767-m\\\/\",\"url\":\"https:\\\/\\\/www.altaviadeimontilattari.it\\\/de\\\/12-forstkaserne-767-m\\\/\",\"name\":\"12. Forstkaserne (767 m) - Alta Via dei Monti Lattari\",\"isPartOf\":{\"@id\":\"https:\\\/\\\/www.altaviadeimontilattari.it\\\/#website\"},\"primaryImageOfPage\":{\"@id\":\"https:\\\/\\\/www.altaviadeimontilattari.it\\\/de\\\/12-forstkaserne-767-m\\\/#primaryimage\"},\"image\":{\"@id\":\"https:\\\/\\\/www.altaviadeimontilattari.it\\\/de\\\/12-forstkaserne-767-m\\\/#primaryimage\"},\"thumbnailUrl\":\"https:\\\/\\\/i0.wp.com\\\/www.altaviadeimontilattari.it\\\/wp-content\\\/uploads\\\/2020\\\/11\\\/caserma_forestale_1024.jpg?fit=1024%2C1024&ssl=1\",\"datePublished\":\"2020-11-20T22:05:56+00:00\",\"dateModified\":\"2022-07-09T12:29:22+00:00\",\"description\":\"Waldkaserne in der N\u00e4he von Agerola. Die Aussicht ist erstaunt, wenn man die Insel Li Galli, Positano und die gesamte Halbinsel von Sorrento sieht.\",\"breadcrumb\":{\"@id\":\"https:\\\/\\\/www.altaviadeimontilattari.it\\\/de\\\/12-forstkaserne-767-m\\\/#breadcrumb\"},\"inLanguage\":\"de\",\"potentialAction\":[{\"@type\":\"ReadAction\",\"target\":[\"https:\\\/\\\/www.altaviadeimontilattari.it\\\/de\\\/12-forstkaserne-767-m\\\/\"]}]},{\"@type\":\"ImageObject\",\"inLanguage\":\"de\",\"@id\":\"https:\\\/\\\/www.altaviadeimontilattari.it\\\/de\\\/12-forstkaserne-767-m\\\/#primaryimage\",\"url\":\"https:\\\/\\\/i0.wp.com\\\/www.altaviadeimontilattari.it\\\/wp-content\\\/uploads\\\/2020\\\/11\\\/caserma_forestale_1024.jpg?fit=1024%2C1024&ssl=1\",\"contentUrl\":\"https:\\\/\\\/i0.wp.com\\\/www.altaviadeimontilattari.it\\\/wp-content\\\/uploads\\\/2020\\\/11\\\/caserma_forestale_1024.jpg?fit=1024%2C1024&ssl=1\",\"width\":1024,\"height\":1024},{\"@type\":\"BreadcrumbList\",\"@id\":\"https:\\\/\\\/www.altaviadeimontilattari.it\\\/de\\\/12-forstkaserne-767-m\\\/#breadcrumb\",\"itemListElement\":[{\"@type\":\"ListItem\",\"position\":1,\"name\":\"Home\",\"item\":\"https:\\\/\\\/www.altaviadeimontilattari.it\\\/es\\\/\"},{\"@type\":\"ListItem\",\"position\":2,\"name\":\"12. Forstkaserne (767 m)\"}]},{\"@type\":\"WebSite\",\"@id\":\"https:\\\/\\\/www.altaviadeimontilattari.it\\\/#website\",\"url\":\"https:\\\/\\\/www.altaviadeimontilattari.it\\\/\",\"name\":\"Alta Via dei Monti Lattari\",\"description\":\"La montagna \u00e8 un modo di vivere la vita.\",\"publisher\":{\"@id\":\"https:\\\/\\\/www.altaviadeimontilattari.it\\\/#organization\"},\"potentialAction\":[{\"@type\":\"SearchAction\",\"target\":{\"@type\":\"EntryPoint\",\"urlTemplate\":\"https:\\\/\\\/www.altaviadeimontilattari.it\\\/?s={search_term_string}\"},\"query-input\":{\"@type\":\"PropertyValueSpecification\",\"valueRequired\":true,\"valueName\":\"search_term_string\"}}],\"inLanguage\":\"de\"},{\"@type\":\"Organization\",\"@id\":\"https:\\\/\\\/www.altaviadeimontilattari.it\\\/#organization\",\"name\":\"Alta Via dei Monti Lattari\",\"url\":\"https:\\\/\\\/www.altaviadeimontilattari.it\\\/\",\"logo\":{\"@type\":\"ImageObject\",\"inLanguage\":\"de\",\"@id\":\"https:\\\/\\\/www.altaviadeimontilattari.it\\\/#\\\/schema\\\/logo\\\/image\\\/\",\"url\":\"https:\\\/\\\/i0.wp.com\\\/www.altaviadeimontilattari.it\\\/wp-content\\\/uploads\\\/2020\\\/12\\\/alta_via_monyi_lattari_logo.png?fit=325%2C100&ssl=1\",\"contentUrl\":\"https:\\\/\\\/i0.wp.com\\\/www.altaviadeimontilattari.it\\\/wp-content\\\/uploads\\\/2020\\\/12\\\/alta_via_monyi_lattari_logo.png?fit=325%2C100&ssl=1\",\"width\":325,\"height\":100,\"caption\":\"Alta Via dei Monti Lattari\"},\"image\":{\"@id\":\"https:\\\/\\\/www.altaviadeimontilattari.it\\\/#\\\/schema\\\/logo\\\/image\\\/\"}},{\"@type\":\"Person\",\"@id\":\"https:\\\/\\\/www.altaviadeimontilattari.it\\\/#\\\/schema\\\/person\\\/47c8033a7c6005363bf26047c156ed2c\",\"name\":\"Turismo.Ricercattiva\",\"image\":{\"@type\":\"ImageObject\",\"inLanguage\":\"de\",\"@id\":\"https:\\\/\\\/secure.gravatar.com\\\/avatar\\\/da245a1cae9c81db24d2b96301301cb5f0847cd0f266ee5b9deb95611bf13d92?s=96&d=mm&r=g\",\"url\":\"https:\\\/\\\/secure.gravatar.com\\\/avatar\\\/da245a1cae9c81db24d2b96301301cb5f0847cd0f266ee5b9deb95611bf13d92?s=96&d=mm&r=g\",\"contentUrl\":\"https:\\\/\\\/secure.gravatar.com\\\/avatar\\\/da245a1cae9c81db24d2b96301301cb5f0847cd0f266ee5b9deb95611bf13d92?s=96&d=mm&r=g\",\"caption\":\"Turismo.Ricercattiva\"},\"sameAs\":[\"http:\\\/\\\/turismo.ricercattiva.it\"],\"url\":\"https:\\\/\\\/www.altaviadeimontilattari.it\\\/de\\\/author\\\/turismo-ricercattiva\\\/\"}]}<\/script>\n<!-- \/ Yoast SEO plugin. -->","yoast_head_json":{"title":"12. Forstkaserne (767 m) - Alta Via dei Monti Lattari","description":"Waldkaserne in der N\u00e4he von Agerola. Die Aussicht ist erstaunt, wenn man die Insel Li Galli, Positano und die gesamte Halbinsel von Sorrento sieht.","robots":{"index":"index","follow":"follow","max-snippet":"max-snippet:-1","max-image-preview":"max-image-preview:large","max-video-preview":"max-video-preview:-1"},"canonical":"https:\/\/www.altaviadeimontilattari.it\/de\/12-forstkaserne-767-m\/","og_locale":"de_DE","og_type":"article","og_title":"12. Forstkaserne (767 m) - Alta Via dei Monti Lattari","og_description":"Waldkaserne in der N\u00e4he von Agerola. Die Aussicht ist erstaunt, wenn man die Insel Li Galli, Positano und die gesamte Halbinsel von Sorrento sieht.","og_url":"https:\/\/www.altaviadeimontilattari.it\/de\/12-forstkaserne-767-m\/","og_site_name":"Alta Via dei Monti Lattari","article_published_time":"2020-11-20T22:05:56+00:00","article_modified_time":"2022-07-09T12:29:22+00:00","og_image":[{"width":1024,"height":1024,"url":"https:\/\/www.altaviadeimontilattari.it\/wp-content\/uploads\/2020\/11\/caserma_forestale_1024.jpg","type":"image\/jpeg"}],"author":"Turismo.Ricercattiva","twitter_card":"summary_large_image","twitter_misc":{"Verfasst von":"Turismo.Ricercattiva","Gesch\u00e4tzte Lesezeit":"1\u00a0Minute"},"schema":{"@context":"https:\/\/schema.org","@graph":[{"@type":"Article","@id":"https:\/\/www.altaviadeimontilattari.it\/de\/12-forstkaserne-767-m\/#article","isPartOf":{"@id":"https:\/\/www.altaviadeimontilattari.it\/de\/12-forstkaserne-767-m\/"},"author":{"name":"Turismo.Ricercattiva","@id":"https:\/\/www.altaviadeimontilattari.it\/#\/schema\/person\/47c8033a7c6005363bf26047c156ed2c"},"headline":"12. Forstkaserne (767 m)","datePublished":"2020-11-20T22:05:56+00:00","dateModified":"2022-07-09T12:29:22+00:00","mainEntityOfPage":{"@id":"https:\/\/www.altaviadeimontilattari.it\/de\/12-forstkaserne-767-m\/"},"wordCount":136,"commentCount":0,"publisher":{"@id":"https:\/\/www.altaviadeimontilattari.it\/#organization"},"image":{"@id":"https:\/\/www.altaviadeimontilattari.it\/de\/12-forstkaserne-767-m\/#primaryimage"},"thumbnailUrl":"https:\/\/i0.wp.com\/www.altaviadeimontilattari.it\/wp-content\/uploads\/2020\/11\/caserma_forestale_1024.jpg?fit=1024%2C1024&ssl=1","articleSection":["Besichtigung der Alta Via dei Monti Lattari"],"inLanguage":"de","potentialAction":[{"@type":"CommentAction","name":"Comment","target":["https:\/\/www.altaviadeimontilattari.it\/de\/12-forstkaserne-767-m\/#respond"]}]},{"@type":"WebPage","@id":"https:\/\/www.altaviadeimontilattari.it\/de\/12-forstkaserne-767-m\/","url":"https:\/\/www.altaviadeimontilattari.it\/de\/12-forstkaserne-767-m\/","name":"12. Forstkaserne (767 m) - Alta Via dei Monti Lattari","isPartOf":{"@id":"https:\/\/www.altaviadeimontilattari.it\/#website"},"primaryImageOfPage":{"@id":"https:\/\/www.altaviadeimontilattari.it\/de\/12-forstkaserne-767-m\/#primaryimage"},"image":{"@id":"https:\/\/www.altaviadeimontilattari.it\/de\/12-forstkaserne-767-m\/#primaryimage"},"thumbnailUrl":"https:\/\/i0.wp.com\/www.altaviadeimontilattari.it\/wp-content\/uploads\/2020\/11\/caserma_forestale_1024.jpg?fit=1024%2C1024&ssl=1","datePublished":"2020-11-20T22:05:56+00:00","dateModified":"2022-07-09T12:29:22+00:00","description":"Waldkaserne in der N\u00e4he von Agerola. Die Aussicht ist erstaunt, wenn man die Insel Li Galli, Positano und die gesamte Halbinsel von Sorrento sieht.","breadcrumb":{"@id":"https:\/\/www.altaviadeimontilattari.it\/de\/12-forstkaserne-767-m\/#breadcrumb"},"inLanguage":"de","potentialAction":[{"@type":"ReadAction","target":["https:\/\/www.altaviadeimontilattari.it\/de\/12-forstkaserne-767-m\/"]}]},{"@type":"ImageObject","inLanguage":"de","@id":"https:\/\/www.altaviadeimontilattari.it\/de\/12-forstkaserne-767-m\/#primaryimage","url":"https:\/\/i0.wp.com\/www.altaviadeimontilattari.it\/wp-content\/uploads\/2020\/11\/caserma_forestale_1024.jpg?fit=1024%2C1024&ssl=1","contentUrl":"https:\/\/i0.wp.com\/www.altaviadeimontilattari.it\/wp-content\/uploads\/2020\/11\/caserma_forestale_1024.jpg?fit=1024%2C1024&ssl=1","width":1024,"height":1024},{"@type":"BreadcrumbList","@id":"https:\/\/www.altaviadeimontilattari.it\/de\/12-forstkaserne-767-m\/#breadcrumb","itemListElement":[{"@type":"ListItem","position":1,"name":"Home","item":"https:\/\/www.altaviadeimontilattari.it\/es\/"},{"@type":"ListItem","position":2,"name":"12. Forstkaserne (767 m)"}]},{"@type":"WebSite","@id":"https:\/\/www.altaviadeimontilattari.it\/#website","url":"https:\/\/www.altaviadeimontilattari.it\/","name":"Alta Via dei Monti Lattari","description":"La montagna \u00e8 un modo di vivere la vita.","publisher":{"@id":"https:\/\/www.altaviadeimontilattari.it\/#organization"},"potentialAction":[{"@type":"SearchAction","target":{"@type":"EntryPoint","urlTemplate":"https:\/\/www.altaviadeimontilattari.it\/?s={search_term_string}"},"query-input":{"@type":"PropertyValueSpecification","valueRequired":true,"valueName":"search_term_string"}}],"inLanguage":"de"},{"@type":"Organization","@id":"https:\/\/www.altaviadeimontilattari.it\/#organization","name":"Alta Via dei Monti Lattari","url":"https:\/\/www.altaviadeimontilattari.it\/","logo":{"@type":"ImageObject","inLanguage":"de","@id":"https:\/\/www.altaviadeimontilattari.it\/#\/schema\/logo\/image\/","url":"https:\/\/i0.wp.com\/www.altaviadeimontilattari.it\/wp-content\/uploads\/2020\/12\/alta_via_monyi_lattari_logo.png?fit=325%2C100&ssl=1","contentUrl":"https:\/\/i0.wp.com\/www.altaviadeimontilattari.it\/wp-content\/uploads\/2020\/12\/alta_via_monyi_lattari_logo.png?fit=325%2C100&ssl=1","width":325,"height":100,"caption":"Alta Via dei Monti Lattari"},"image":{"@id":"https:\/\/www.altaviadeimontilattari.it\/#\/schema\/logo\/image\/"}},{"@type":"Person","@id":"https:\/\/www.altaviadeimontilattari.it\/#\/schema\/person\/47c8033a7c6005363bf26047c156ed2c","name":"Turismo.Ricercattiva","image":{"@type":"ImageObject","inLanguage":"de","@id":"https:\/\/secure.gravatar.com\/avatar\/da245a1cae9c81db24d2b96301301cb5f0847cd0f266ee5b9deb95611bf13d92?s=96&d=mm&r=g","url":"https:\/\/secure.gravatar.com\/avatar\/da245a1cae9c81db24d2b96301301cb5f0847cd0f266ee5b9deb95611bf13d92?s=96&d=mm&r=g","contentUrl":"https:\/\/secure.gravatar.com\/avatar\/da245a1cae9c81db24d2b96301301cb5f0847cd0f266ee5b9deb95611bf13d92?s=96&d=mm&r=g","caption":"Turismo.Ricercattiva"},"sameAs":["http:\/\/turismo.ricercattiva.it"],"url":"https:\/\/www.altaviadeimontilattari.it\/de\/author\/turismo-ricercattiva\/"}]}},"jetpack_featured_media_url":"https:\/\/i0.wp.com\/www.altaviadeimontilattari.it\/wp-content\/uploads\/2020\/11\/caserma_forestale_1024.jpg?fit=1024%2C1024&ssl=1","jetpack-related-posts":[{"id":6164,"url":"https:\/\/www.altaviadeimontilattari.it\/de\/20-capo-muro\/","url_meta":{"origin":6524,"position":0},"title":"20.Capo Muro","author":"","date":"17. Februar 2022","format":false,"excerpt":"von Nocelle (Positano) bis zum Steinpilz von Capo Muro Dauer: 5 km Fahrzeit: 6h 00 ' Strecke - Der H\u00f6henunterschied von \u00fcber 600 Metern erfordert ein Minimum an Training. Der Boden, oft aus lockerem Material, erfordert die Verwendung von Schuhen mit gutem Halt auf dem Boden. Aufgrund der h\u00e4ufigen Windbelastung\u2026","rel":"","context":"In &quot;Wanderwege&quot;","block_context":{"text":"Wanderwege","link":"https:\/\/www.altaviadeimontilattari.it\/de\/category\/wanderwege\/"},"img":{"alt_text":"","src":"https:\/\/i0.wp.com\/www.altaviadeimontilattari.it\/wp-content\/uploads\/2022\/03\/IMG_36591.jpg?resize=350%2C200&ssl=1","width":350,"height":200,"srcset":"https:\/\/i0.wp.com\/www.altaviadeimontilattari.it\/wp-content\/uploads\/2022\/03\/IMG_36591.jpg?resize=350%2C200&ssl=1 1x, https:\/\/i0.wp.com\/www.altaviadeimontilattari.it\/wp-content\/uploads\/2022\/03\/IMG_36591.jpg?resize=525%2C300&ssl=1 1.5x, https:\/\/i0.wp.com\/www.altaviadeimontilattari.it\/wp-content\/uploads\/2022\/03\/IMG_36591.jpg?resize=700%2C400&ssl=1 2x, https:\/\/i0.wp.com\/www.altaviadeimontilattari.it\/wp-content\/uploads\/2022\/03\/IMG_36591.jpg?resize=1050%2C600&ssl=1 3x, https:\/\/i0.wp.com\/www.altaviadeimontilattari.it\/wp-content\/uploads\/2022\/03\/IMG_36591.jpg?resize=1400%2C800&ssl=1 4x"},"classes":[]},{"id":6172,"url":"https:\/\/www.altaviadeimontilattari.it\/de\/19-weg-der-goetter\/","url_meta":{"origin":6524,"position":1},"title":"19. Weg der G\u00f6tter","author":"","date":"17. Februar 2022","format":false,"excerpt":"von Bomerano (Agerola) nach Nocelle (Positano) Dauer: 5,3 km Fahrzeit: 6h 30 ' Route - Ziemlich lange Wanderung mit wenig H\u00f6henunterschied. Keine besonderen Schwierigkeiten. Anfahrt - Abfahrt von Bomerano, einem Weiler von Agerola. Erreichbar von der Abzweigung der SS Amalfik\u00fcste bei Amalfi oder von Castellammare. Logistik - Die bequemste L\u00f6sung\u2026","rel":"","context":"In &quot;Wanderwege&quot;","block_context":{"text":"Wanderwege","link":"https:\/\/www.altaviadeimontilattari.it\/de\/category\/wanderwege\/"},"img":{"alt_text":"","src":"https:\/\/i0.wp.com\/www.altaviadeimontilattari.it\/wp-content\/uploads\/2022\/03\/IMG_36581.jpg?resize=350%2C200&ssl=1","width":350,"height":200,"srcset":"https:\/\/i0.wp.com\/www.altaviadeimontilattari.it\/wp-content\/uploads\/2022\/03\/IMG_36581.jpg?resize=350%2C200&ssl=1 1x, https:\/\/i0.wp.com\/www.altaviadeimontilattari.it\/wp-content\/uploads\/2022\/03\/IMG_36581.jpg?resize=525%2C300&ssl=1 1.5x, https:\/\/i0.wp.com\/www.altaviadeimontilattari.it\/wp-content\/uploads\/2022\/03\/IMG_36581.jpg?resize=700%2C400&ssl=1 2x, https:\/\/i0.wp.com\/www.altaviadeimontilattari.it\/wp-content\/uploads\/2022\/03\/IMG_36581.jpg?resize=1050%2C600&ssl=1 3x, https:\/\/i0.wp.com\/www.altaviadeimontilattari.it\/wp-content\/uploads\/2022\/03\/IMG_36581.jpg?resize=1400%2C800&ssl=1 4x"},"classes":[]},{"id":6492,"url":"https:\/\/www.altaviadeimontilattari.it\/de\/16-malacoccola-493-m\/","url_meta":{"origin":6524,"position":2},"title":"16. Malacoccola (493 m)","author":"Turismo.Ricercattiva","date":"20. November 2020","format":false,"excerpt":"Das Vorgebirge von Malacoccola ist einer der landschaftlich interessanten Punkte am S\u00fcdhang der Halbinsel von Sorrento. Folgen Sie vom kleinen Platz Colli di Fontanelle (Teil von Sant'Agnello ) dem Pfad der Alta Via dei Monti Lattari, der bis zu einer kleinen Stra\u00dfe f\u00fchrt, die einige durchschneidet In Haarnadelkurven der Staatsstra\u00dfe\u2026","rel":"","context":"In &quot;Besichtigung der Alta Via dei Monti Lattari&quot;","block_context":{"text":"Besichtigung der Alta Via dei Monti Lattari","link":"https:\/\/www.altaviadeimontilattari.it\/de\/category\/besichtigung-der-alta-via-dei-monti-lattari\/"},"img":{"alt_text":"","src":"https:\/\/i0.wp.com\/www.altaviadeimontilattari.it\/wp-content\/uploads\/2020\/11\/malacoccola_1024.png?fit=768%2C768&ssl=1&resize=350%2C200","width":350,"height":200,"srcset":"https:\/\/i0.wp.com\/www.altaviadeimontilattari.it\/wp-content\/uploads\/2020\/11\/malacoccola_1024.png?fit=768%2C768&ssl=1&resize=350%2C200 1x, https:\/\/i0.wp.com\/www.altaviadeimontilattari.it\/wp-content\/uploads\/2020\/11\/malacoccola_1024.png?fit=768%2C768&ssl=1&resize=525%2C300 1.5x, https:\/\/i0.wp.com\/www.altaviadeimontilattari.it\/wp-content\/uploads\/2020\/11\/malacoccola_1024.png?fit=768%2C768&ssl=1&resize=700%2C400 2x"},"classes":[]},{"id":6334,"url":"https:\/\/www.altaviadeimontilattari.it\/de\/12-rund-um-das-valle-delle-ferriere\/","url_meta":{"origin":6524,"position":3},"title":"12. Rund um das Valle delle Ferriere","author":"","date":"11. Februar 2022","format":false,"excerpt":"Pontone - Minuta - Valle delle Ferriere (H\u00f6henweg) - Pogerola - Amalfi - Pontone Dauer: 10,7 km Reisezeit: 5h 30' Weg - 500 H\u00f6henmeter. Haupts\u00e4chlich durch die mediterrane Macchia mit einem Abstieg von Pogerola nach Amalfi auf einer breiten Treppe. Der Boden einiger Abschnitte des Weges und das Vorhandensein einiger\u2026","rel":"","context":"In &quot;Wanderwege&quot;","block_context":{"text":"Wanderwege","link":"https:\/\/www.altaviadeimontilattari.it\/de\/category\/wanderwege\/"},"img":{"alt_text":"","src":"https:\/\/i0.wp.com\/www.altaviadeimontilattari.it\/wp-content\/uploads\/2022\/03\/IMG_36511-scaled.jpg?resize=350%2C200&ssl=1","width":350,"height":200,"srcset":"https:\/\/i0.wp.com\/www.altaviadeimontilattari.it\/wp-content\/uploads\/2022\/03\/IMG_36511-scaled.jpg?resize=350%2C200&ssl=1 1x, https:\/\/i0.wp.com\/www.altaviadeimontilattari.it\/wp-content\/uploads\/2022\/03\/IMG_36511-scaled.jpg?resize=525%2C300&ssl=1 1.5x, https:\/\/i0.wp.com\/www.altaviadeimontilattari.it\/wp-content\/uploads\/2022\/03\/IMG_36511-scaled.jpg?resize=700%2C400&ssl=1 2x, https:\/\/i0.wp.com\/www.altaviadeimontilattari.it\/wp-content\/uploads\/2022\/03\/IMG_36511-scaled.jpg?resize=1050%2C600&ssl=1 3x, https:\/\/i0.wp.com\/www.altaviadeimontilattari.it\/wp-content\/uploads\/2022\/03\/IMG_36511-scaled.jpg?resize=1400%2C800&ssl=1 4x"},"classes":[]},{"id":6156,"url":"https:\/\/www.altaviadeimontilattari.it\/de\/21-montepertuso-pozzo-tal\/","url_meta":{"origin":6524,"position":4},"title":"21. Montepertuso &#8211; Pozzo-Tal","author":"","date":"18. Februar 2022","format":false,"excerpt":"Montepertuso - Forstkaserne - Madonna de Castello - Pozzotal - Montepertuso Dauer: 6,2 km Fahrzeit: 4h 30 ' Route - Komplexer in dem Teil, der von Santa Maria del Castello entlang des Pozzo-Tals absteigt. Der Weg wird oft zu einem schmalen Pfad entlang eines ziemlich steilen Abhangs. F\u00fcr \u201eschwieriges\u201c Gel\u00e4nde\u2026","rel":"","context":"In &quot;Wanderwege&quot;","block_context":{"text":"Wanderwege","link":"https:\/\/www.altaviadeimontilattari.it\/de\/category\/wanderwege\/"},"img":{"alt_text":"","src":"https:\/\/i0.wp.com\/www.altaviadeimontilattari.it\/wp-content\/uploads\/2022\/03\/IMG_36601.jpg?resize=350%2C200&ssl=1","width":350,"height":200,"srcset":"https:\/\/i0.wp.com\/www.altaviadeimontilattari.it\/wp-content\/uploads\/2022\/03\/IMG_36601.jpg?resize=350%2C200&ssl=1 1x, https:\/\/i0.wp.com\/www.altaviadeimontilattari.it\/wp-content\/uploads\/2022\/03\/IMG_36601.jpg?resize=525%2C300&ssl=1 1.5x, https:\/\/i0.wp.com\/www.altaviadeimontilattari.it\/wp-content\/uploads\/2022\/03\/IMG_36601.jpg?resize=700%2C400&ssl=1 2x, https:\/\/i0.wp.com\/www.altaviadeimontilattari.it\/wp-content\/uploads\/2022\/03\/IMG_36601.jpg?resize=1050%2C600&ssl=1 3x, https:\/\/i0.wp.com\/www.altaviadeimontilattari.it\/wp-content\/uploads\/2022\/03\/IMG_36601.jpg?resize=1400%2C800&ssl=1 4x"},"classes":[]},{"id":6398,"url":"https:\/\/www.altaviadeimontilattari.it\/de\/4-von-maiori-bis-erchie\/","url_meta":{"origin":6524,"position":5},"title":"4. Von Maiori bis Erchie","author":"","date":"8. Februar 2022","format":false,"excerpt":"Maiori - Heiligtum der Avvocata -Vallone San Nicola -Erchie Dauer: 8,2 km Gehzeit: 6h 30 ' Route - 840 H\u00f6henmeter und \u00fcber 9 Kilometer machen diese Route zu einer Herausforderung. Keine technischen Schwierigkeiten, aber gutes Training.\r Logistik - Mit \u00f6ffentlichen Verkehrsmitteln: mit der F\u00e4hre oder dem Bus von Salerno nach\u2026","rel":"","context":"In &quot;Wanderwege&quot;","block_context":{"text":"Wanderwege","link":"https:\/\/www.altaviadeimontilattari.it\/de\/category\/wanderwege\/"},"img":{"alt_text":"","src":"https:\/\/i0.wp.com\/www.altaviadeimontilattari.it\/wp-content\/uploads\/2022\/03\/IMG_36431-scaled.jpg?resize=350%2C200&ssl=1","width":350,"height":200,"srcset":"https:\/\/i0.wp.com\/www.altaviadeimontilattari.it\/wp-content\/uploads\/2022\/03\/IMG_36431-scaled.jpg?resize=350%2C200&ssl=1 1x, https:\/\/i0.wp.com\/www.altaviadeimontilattari.it\/wp-content\/uploads\/2022\/03\/IMG_36431-scaled.jpg?resize=525%2C300&ssl=1 1.5x, https:\/\/i0.wp.com\/www.altaviadeimontilattari.it\/wp-content\/uploads\/2022\/03\/IMG_36431-scaled.jpg?resize=700%2C400&ssl=1 2x, https:\/\/i0.wp.com\/www.altaviadeimontilattari.it\/wp-content\/uploads\/2022\/03\/IMG_36431-scaled.jpg?resize=1050%2C600&ssl=1 3x, https:\/\/i0.wp.com\/www.altaviadeimontilattari.it\/wp-content\/uploads\/2022\/03\/IMG_36431-scaled.jpg?resize=1400%2C800&ssl=1 4x"},"classes":[]}],"jetpack_shortlink":"https:\/\/wp.me\/pcGNaV-1He","jetpack_sharing_enabled":true,"_links":{"self":[{"href":"https:\/\/www.altaviadeimontilattari.it\/de\/wp-json\/wp\/v2\/posts\/6524","targetHints":{"allow":["GET"]}}],"collection":[{"href":"https:\/\/www.altaviadeimontilattari.it\/de\/wp-json\/wp\/v2\/posts"}],"about":[{"href":"https:\/\/www.altaviadeimontilattari.it\/de\/wp-json\/wp\/v2\/types\/post"}],"author":[{"embeddable":true,"href":"https:\/\/www.altaviadeimontilattari.it\/de\/wp-json\/wp\/v2\/users\/3"}],"replies":[{"embeddable":true,"href":"https:\/\/www.altaviadeimontilattari.it\/de\/wp-json\/wp\/v2\/comments?post=6524"}],"version-history":[{"count":1,"href":"https:\/\/www.altaviadeimontilattari.it\/de\/wp-json\/wp\/v2\/posts\/6524\/revisions"}],"predecessor-version":[{"id":6525,"href":"https:\/\/www.altaviadeimontilattari.it\/de\/wp-json\/wp\/v2\/posts\/6524\/revisions\/6525"}],"wp:featuredmedia":[{"embeddable":true,"href":"https:\/\/www.altaviadeimontilattari.it\/de\/wp-json\/wp\/v2\/media\/5041"}],"wp:attachment":[{"href":"https:\/\/www.altaviadeimontilattari.it\/de\/wp-json\/wp\/v2\/media?parent=6524"}],"wp:term":[{"taxonomy":"category","embeddable":true,"href":"https:\/\/www.altaviadeimontilattari.it\/de\/wp-json\/wp\/v2\/categories?post=6524"},{"taxonomy":"post_tag","embeddable":true,"href":"https:\/\/www.altaviadeimontilattari.it\/de\/wp-json\/wp\/v2\/tags?post=6524"}],"curies":[{"name":"wp","href":"https:\/\/api.w.org\/{rel}","templated":true}]}}