{"id":6612,"date":"2020-11-20T21:33:20","date_gmt":"2020-11-20T21:33:20","guid":{"rendered":"https:\/\/www.altaviadeimontilattari.it\/1-badia-di-cava-350-m\/"},"modified":"2024-06-19T22:59:24","modified_gmt":"2024-06-19T22:59:24","slug":"1-badia-di-cava-350-m","status":"publish","type":"post","link":"https:\/\/www.altaviadeimontilattari.it\/de\/1-badia-di-cava-350-m\/","title":{"rendered":"1. Badia di Cava (350 m)"},"content":{"rendered":"<p>Die erste Station der <em><strong>Reiseroute ist die Benediktinerabtei von Cava de&#8216; Tirreni<\/strong><\/em>, bekannt als <em><strong>Badia di Cava<\/strong><\/em>, gelegen im Ortsteil Corpo di Cava. Der Besuch dieses Gebetsortes gleicht einer faszinierenden Reise durch Jahrtausende der Geschichte.<\/p>\n<p>Bei der Ankunft auf dem Gel\u00e4nde der Benediktinerabtei ist der erste Eindruck, dass sie nicht sehr gro\u00df ist. Doch die Seitenansicht offenbart die ganze Gr\u00f6\u00dfe dieser auf dem Berg gelegenen Struktur.<\/p>\n<p>Die Abtei wurde 1011 von<a href=\"https:\/\/it.wikipedia.org\/wiki\/Alferio_Pappacarbone\" target=\"_blank\" rel=\"noopener\"><em><strong> Sankt Alferius Pappacarbone<\/strong><\/em><\/a> gegr\u00fcndet, der sich in die Einsiedelei der <em><strong>Arsicia-H\u00f6hle<\/strong><\/em> am Fu\u00dfe des Monte Finestra zur\u00fcckgezogen hatte. Von dieser H\u00f6hle aus expandierte das Kloster schnell und 1092 wurde die Basilika von <a href=\"https:\/\/it.wikipedia.org\/wiki\/Papa_Urbano_II\" target=\"_blank\" rel=\"noopener\"><em><strong>Papst Urban II<\/strong><\/em><\/a>. geweiht.<\/p>\n<p>Die Basilika ist f\u00fcr Besucher ge\u00f6ffnet, und es wird dringend empfohlen, die gef\u00fchrte Tour zu nutzen. W\u00e4hrend des Besuchs kann man sowohl den neuen Teil der Basilika als auch den alten Teil erkunden, der durch das Vorhandensein der Krypta und der Katakomben gepr\u00e4gt ist. Im Inneren befindet sich ein Museum, das die kirchlichen Sch\u00e4tze der Abtei ausstellt, sowie die Bibliothek und das Archiv, die weltweit f\u00fcr ihre alten Manuskripte und erhaltenen Werke bekannt sind.<\/p>\n\n<p>Alle Informationen sind auf der Website <a href=\"http:\/\/www.badiadicava.it\/\" target=\"_blank\" rel=\"noreferrer noopener\"> Badia di Cava <\/a> verf\u00fcgbar.<\/p>\n\n<div class=\"wp-block-jetpack-tiled-gallery aligncenter is-style-rectangular\"><div class=\"tiled-gallery__gallery\"><div class=\"tiled-gallery__row\"><div class=\"tiled-gallery__col\" style=\"flex-basis:54.17481%\"><figure class=\"tiled-gallery__item\"><img decoding=\"async\" role=\"button\" tabindex=\"0\" aria-label=\"Bild\u00a01 von 7 im Vollbildmodus \u00f6ffnen\"srcset=\"https:\/\/i0.wp.com\/www.altaviadeimontilattari.it\/wp-content\/uploads\/2022\/02\/badia_di_cava_2-1024x768.jpg?strip=info&#038;w=600&#038;ssl=1 600w,https:\/\/i0.wp.com\/www.altaviadeimontilattari.it\/wp-content\/uploads\/2022\/02\/badia_di_cava_2-1024x768.jpg?strip=info&#038;w=900&#038;ssl=1 900w,https:\/\/i0.wp.com\/www.altaviadeimontilattari.it\/wp-content\/uploads\/2022\/02\/badia_di_cava_2-1024x768.jpg?strip=info&#038;w=1200&#038;ssl=1 1200w,https:\/\/i0.wp.com\/www.altaviadeimontilattari.it\/wp-content\/uploads\/2022\/02\/badia_di_cava_2-1024x768.jpg?strip=info&#038;w=1365&#038;ssl=1 1365w\" alt=\"Abbazia benedettina durante la discesa iniziale\" data-height=\"1024\" data-id=\"4095\" data-link=\"https:\/\/altaviadeimontilattari.it\/1-badia-di-cava-350-m\/badia_di_cava_2\/\" data-url=\"https:\/\/altaviadeimontilattari.it\/wp-content\/uploads\/2022\/02\/badia_di_cava_2-1024x768.jpg\" data-width=\"1365\" src=\"https:\/\/i0.wp.com\/www.altaviadeimontilattari.it\/wp-content\/uploads\/2022\/02\/badia_di_cava_2-1024x768.jpg?ssl=1\" data-amp-layout=\"responsive\"\/><\/figure><\/div><div class=\"tiled-gallery__col\" style=\"flex-basis:22.90007%\"><figure class=\"tiled-gallery__item\"><img decoding=\"async\" role=\"button\" tabindex=\"0\" aria-label=\"Bild\u00a02 von 7 im Vollbildmodus \u00f6ffnen\"srcset=\"https:\/\/i0.wp.com\/www.altaviadeimontilattari.it\/wp-content\/uploads\/2022\/02\/fontana_frestola-576x1024.jpg?strip=info&#038;w=600&#038;ssl=1 600w,https:\/\/i0.wp.com\/www.altaviadeimontilattari.it\/wp-content\/uploads\/2022\/02\/fontana_frestola-576x1024.jpg?strip=info&#038;w=900&#038;ssl=1 900w,https:\/\/i0.wp.com\/www.altaviadeimontilattari.it\/wp-content\/uploads\/2022\/02\/fontana_frestola-576x1024.jpg?strip=info&#038;w=1024&#038;ssl=1 1024w\" alt=\"Fontana della Frestola\" data-height=\"1822\" data-id=\"4100\" data-link=\"https:\/\/altaviadeimontilattari.it\/1-badia-di-cava-350-m\/fontana_frestola\/\" data-url=\"https:\/\/altaviadeimontilattari.it\/wp-content\/uploads\/2022\/02\/fontana_frestola-576x1024.jpg\" data-width=\"1024\" src=\"https:\/\/i0.wp.com\/www.altaviadeimontilattari.it\/wp-content\/uploads\/2022\/02\/fontana_frestola-576x1024.jpg?ssl=1\" data-amp-layout=\"responsive\"\/><\/figure><\/div><div class=\"tiled-gallery__col\" style=\"flex-basis:22.92512%\"><figure class=\"tiled-gallery__item\"><img decoding=\"async\" role=\"button\" tabindex=\"0\" aria-label=\"Bild\u00a03 von 7 im Vollbildmodus \u00f6ffnen\"srcset=\"https:\/\/i0.wp.com\/www.altaviadeimontilattari.it\/wp-content\/uploads\/2022\/02\/badia_di_cava-576x1024.jpg?strip=info&#038;w=600&#038;ssl=1 600w,https:\/\/i0.wp.com\/www.altaviadeimontilattari.it\/wp-content\/uploads\/2022\/02\/badia_di_cava-576x1024.jpg?strip=info&#038;w=900&#038;ssl=1 900w,https:\/\/i0.wp.com\/www.altaviadeimontilattari.it\/wp-content\/uploads\/2022\/02\/badia_di_cava-576x1024.jpg?strip=info&#038;w=1024&#038;ssl=1 1024w\" alt=\"Badia di Cava de' Tirreni\" data-height=\"1820\" data-id=\"4099\" data-link=\"https:\/\/altaviadeimontilattari.it\/1-badia-di-cava-350-m\/badia_di_cava\/\" data-url=\"https:\/\/altaviadeimontilattari.it\/wp-content\/uploads\/2022\/02\/badia_di_cava-576x1024.jpg\" data-width=\"1024\" src=\"https:\/\/i0.wp.com\/www.altaviadeimontilattari.it\/wp-content\/uploads\/2022\/02\/badia_di_cava-576x1024.jpg?ssl=1\" data-amp-layout=\"responsive\"\/><\/figure><\/div><\/div><div class=\"tiled-gallery__row\"><div class=\"tiled-gallery__col\" style=\"flex-basis:38.46991%\"><figure class=\"tiled-gallery__item\"><img decoding=\"async\" role=\"button\" tabindex=\"0\" aria-label=\"Bild\u00a04 von 7 im Vollbildmodus \u00f6ffnen\"srcset=\"https:\/\/i2.wp.com\/www.altaviadeimontilattari.it\/wp-content\/uploads\/2022\/02\/badia_di_cava_3-1024x576.jpg?strip=info&#038;w=600&#038;ssl=1 600w,https:\/\/i2.wp.com\/www.altaviadeimontilattari.it\/wp-content\/uploads\/2022\/02\/badia_di_cava_3-1024x576.jpg?strip=info&#038;w=900&#038;ssl=1 900w,https:\/\/i2.wp.com\/www.altaviadeimontilattari.it\/wp-content\/uploads\/2022\/02\/badia_di_cava_3-1024x576.jpg?strip=info&#038;w=1200&#038;ssl=1 1200w,https:\/\/i2.wp.com\/www.altaviadeimontilattari.it\/wp-content\/uploads\/2022\/02\/badia_di_cava_3-1024x576.jpg?strip=info&#038;w=1500&#038;ssl=1 1500w,https:\/\/i2.wp.com\/www.altaviadeimontilattari.it\/wp-content\/uploads\/2022\/02\/badia_di_cava_3-1024x576.jpg?strip=info&#038;w=1800&#038;ssl=1 1800w,https:\/\/i2.wp.com\/www.altaviadeimontilattari.it\/wp-content\/uploads\/2022\/02\/badia_di_cava_3-1024x576.jpg?strip=info&#038;w=1820&#038;ssl=1 1820w\" alt=\"Abbazia benedettina durante la discesa iniziale\" data-height=\"1024\" data-id=\"4098\" data-link=\"https:\/\/altaviadeimontilattari.it\/1-badia-di-cava-350-m\/badia_di_cava_3\/\" data-url=\"https:\/\/altaviadeimontilattari.it\/wp-content\/uploads\/2022\/02\/badia_di_cava_3-1024x576.jpg\" data-width=\"1820\" src=\"https:\/\/i2.wp.com\/www.altaviadeimontilattari.it\/wp-content\/uploads\/2022\/02\/badia_di_cava_3-1024x576.jpg?ssl=1\" data-amp-layout=\"responsive\"\/><\/figure><\/div><div class=\"tiled-gallery__col\" style=\"flex-basis:16.32079%\"><figure class=\"tiled-gallery__item\"><img decoding=\"async\" role=\"button\" tabindex=\"0\" aria-label=\"Bild\u00a05 von 7 im Vollbildmodus \u00f6ffnen\"srcset=\"https:\/\/i0.wp.com\/www.altaviadeimontilattari.it\/wp-content\/uploads\/2022\/02\/interno_abbazia_3-768x1024.jpg?strip=info&#038;w=600&#038;ssl=1 600w,https:\/\/i0.wp.com\/www.altaviadeimontilattari.it\/wp-content\/uploads\/2022\/02\/interno_abbazia_3-768x1024.jpg?strip=info&#038;w=900&#038;ssl=1 900w,https:\/\/i0.wp.com\/www.altaviadeimontilattari.it\/wp-content\/uploads\/2022\/02\/interno_abbazia_3-768x1024.jpg?strip=info&#038;w=1024&#038;ssl=1 1024w\" alt=\"Interno dell'abbazia benedettina\" data-height=\"1365\" data-id=\"4094\" data-link=\"https:\/\/altaviadeimontilattari.it\/1-badia-di-cava-350-m\/interno_abbazia_3\/\" data-url=\"https:\/\/altaviadeimontilattari.it\/wp-content\/uploads\/2022\/02\/interno_abbazia_3-768x1024.jpg\" data-width=\"1024\" src=\"https:\/\/i0.wp.com\/www.altaviadeimontilattari.it\/wp-content\/uploads\/2022\/02\/interno_abbazia_3-768x1024.jpg?ssl=1\" data-amp-layout=\"responsive\"\/><\/figure><\/div><div class=\"tiled-gallery__col\" style=\"flex-basis:16.32079%\"><figure class=\"tiled-gallery__item\"><img decoding=\"async\" role=\"button\" tabindex=\"0\" aria-label=\"Bild\u00a06 von 7 im Vollbildmodus \u00f6ffnen\"srcset=\"https:\/\/i2.wp.com\/www.altaviadeimontilattari.it\/wp-content\/uploads\/2022\/02\/interno_abbazia_2-768x1024.jpg?strip=info&#038;w=600&#038;ssl=1 600w,https:\/\/i2.wp.com\/www.altaviadeimontilattari.it\/wp-content\/uploads\/2022\/02\/interno_abbazia_2-768x1024.jpg?strip=info&#038;w=900&#038;ssl=1 900w,https:\/\/i2.wp.com\/www.altaviadeimontilattari.it\/wp-content\/uploads\/2022\/02\/interno_abbazia_2-768x1024.jpg?strip=info&#038;w=1024&#038;ssl=1 1024w\" alt=\"Interno dell'abbazia benedettina\" data-height=\"1365\" data-id=\"4097\" data-link=\"https:\/\/altaviadeimontilattari.it\/1-badia-di-cava-350-m\/interno_abbazia_2\/\" data-url=\"https:\/\/altaviadeimontilattari.it\/wp-content\/uploads\/2022\/02\/interno_abbazia_2-768x1024.jpg\" data-width=\"1024\" src=\"https:\/\/i2.wp.com\/www.altaviadeimontilattari.it\/wp-content\/uploads\/2022\/02\/interno_abbazia_2-768x1024.jpg?ssl=1\" data-amp-layout=\"responsive\"\/><\/figure><\/div><div class=\"tiled-gallery__col\" style=\"flex-basis:28.88850%\"><figure class=\"tiled-gallery__item\"><img decoding=\"async\" role=\"button\" tabindex=\"0\" aria-label=\"Bild\u00a07 von 7 im Vollbildmodus \u00f6ffnen\"srcset=\"https:\/\/i0.wp.com\/www.altaviadeimontilattari.it\/wp-content\/uploads\/2022\/02\/interno_abbazia-1024x768.jpg?strip=info&#038;w=600&#038;ssl=1 600w,https:\/\/i0.wp.com\/www.altaviadeimontilattari.it\/wp-content\/uploads\/2022\/02\/interno_abbazia-1024x768.jpg?strip=info&#038;w=900&#038;ssl=1 900w,https:\/\/i0.wp.com\/www.altaviadeimontilattari.it\/wp-content\/uploads\/2022\/02\/interno_abbazia-1024x768.jpg?strip=info&#038;w=1200&#038;ssl=1 1200w,https:\/\/i0.wp.com\/www.altaviadeimontilattari.it\/wp-content\/uploads\/2022\/02\/interno_abbazia-1024x768.jpg?strip=info&#038;w=1365&#038;ssl=1 1365w\" alt=\"Interno dell'abbazia benedettina\" data-height=\"1024\" data-id=\"4096\" data-link=\"https:\/\/altaviadeimontilattari.it\/1-badia-di-cava-350-m\/interno_abbazia\/\" data-url=\"https:\/\/altaviadeimontilattari.it\/wp-content\/uploads\/2022\/02\/interno_abbazia-1024x768.jpg\" data-width=\"1365\" src=\"https:\/\/i0.wp.com\/www.altaviadeimontilattari.it\/wp-content\/uploads\/2022\/02\/interno_abbazia-1024x768.jpg?ssl=1\" data-amp-layout=\"responsive\"\/><\/figure><\/div><\/div><\/div><\/div>\r\n<div style=\"margin: 20px 0;\"><div class=\"qrcswholewtapper\" style=\"text-align:left;\"><div class=\"qrcprowrapper\"  id=\"qrcwraa2leds\"><div class=\"qrc_canvass\" id=\"qrc_cuttenpages_2\" style=\"display:inline-block\" data-text=\"https:\/\/www.altaviadeimontilattari.it\/de\/1-badia-di-cava-350-m\/\"><\/div><div><a download=\"1. Badia di Cava (350 m).png\" class=\"qrcdownloads\" id=\"worign\">\r\n           <button type=\"button\" style=\"min-width:200px;background:#81ea00;color:#000;font-weight: 600;border: 1px solid #dddddd;border-radius:4px;font-size:12px;padding: 6px 0;\" class=\"uqr_code_btn\">Download QR<\/button>\r\n           <\/a><\/div><\/div><\/div><\/div>","protected":false},"excerpt":{"rendered":"<p>Die erste Station ist die Badia di Cava, die sich im Bereich des Corpo di Cava di Cava de &#8218;Tirreni befindet. Ein Ort des Gebets mit tausendj\u00e4hriger Geschichte.<\/p>\n","protected":false},"author":3,"featured_media":4637,"comment_status":"open","ping_status":"closed","sticky":false,"template":"","format":"standard","meta":{"neve_meta_sidebar":"","neve_meta_container":"","neve_meta_enable_content_width":"","neve_meta_content_width":0,"neve_meta_title_alignment":"","neve_meta_author_avatar":"","neve_post_elements_order":"","neve_meta_disable_header":"","neve_meta_disable_footer":"","neve_meta_disable_title":"","neve_meta_reading_time":"","_themeisle_gutenberg_block_has_review":false,"jetpack_post_was_ever_published":false,"_jetpack_newsletter_access":"","_jetpack_dont_email_post_to_subs":false,"_jetpack_newsletter_tier_id":0,"_jetpack_memberships_contains_paywalled_content":false,"_jetpack_memberships_contains_paid_content":false,"footnotes":""},"categories":[269],"tags":[329,328,327,330],"class_list":["post-6612","post","type-post","status-publish","format-standard","has-post-thumbnail","hentry","category-besichtigung-der-alta-via-dei-monti-lattari","tag-abtei-von-steinbruch","tag-benediktinerabtei","tag-steinbruch-der-tirreni","tag-steinbruchkorper"],"yoast_head":"<!-- This site is optimized with the Yoast SEO plugin v27.4 - https:\/\/yoast.com\/product\/yoast-seo-wordpress\/ -->\n<title>1. Badia di Cava (350 m) - Alta Via dei Monti Lattari<\/title>\n<meta name=\"description\" content=\"Die erste Station ist die Badia di Cava, die sich im Bereich des Corpo di Cava di Cava de &#039;Tirreni befindet. Ein Ort des Gebets mit tausendj\u00e4hriger Geschichte\" \/>\n<meta name=\"robots\" content=\"index, follow, max-snippet:-1, max-image-preview:large, max-video-preview:-1\" \/>\n<link rel=\"canonical\" href=\"https:\/\/www.altaviadeimontilattari.it\/de\/1-badia-di-cava-350-m\/\" \/>\n<meta property=\"og:locale\" content=\"de_DE\" \/>\n<meta property=\"og:type\" content=\"article\" \/>\n<meta property=\"og:title\" content=\"1. Badia di Cava (350 m) - Alta Via dei Monti Lattari\" \/>\n<meta property=\"og:description\" content=\"Die erste Station ist die Badia di Cava, die sich im Bereich des Corpo di Cava di Cava de &#039;Tirreni befindet. Ein Ort des Gebets mit tausendj\u00e4hriger Geschichte\" \/>\n<meta property=\"og:url\" content=\"https:\/\/www.altaviadeimontilattari.it\/de\/1-badia-di-cava-350-m\/\" \/>\n<meta property=\"og:site_name\" content=\"Alta Via dei Monti Lattari\" \/>\n<meta property=\"article:published_time\" content=\"2020-11-20T21:33:20+00:00\" \/>\n<meta property=\"article:modified_time\" content=\"2024-06-19T22:59:24+00:00\" \/>\n<meta property=\"og:image\" content=\"https:\/\/www.altaviadeimontilattari.it\/wp-content\/uploads\/2020\/12\/badia_corpo_di_cava.jpg\" \/>\n\t<meta property=\"og:image:width\" content=\"1000\" \/>\n\t<meta property=\"og:image:height\" content=\"1000\" \/>\n\t<meta property=\"og:image:type\" content=\"image\/jpeg\" \/>\n<meta name=\"author\" content=\"Turismo.Ricercattiva\" \/>\n<meta name=\"twitter:card\" content=\"summary_large_image\" \/>\n<meta name=\"twitter:label1\" content=\"Verfasst von\" \/>\n\t<meta name=\"twitter:data1\" content=\"Turismo.Ricercattiva\" \/>\n\t<meta name=\"twitter:label2\" content=\"Gesch\u00e4tzte Lesezeit\" \/>\n\t<meta name=\"twitter:data2\" content=\"1\u00a0Minute\" \/>\n<script type=\"application\/ld+json\" class=\"yoast-schema-graph\">{\"@context\":\"https:\\\/\\\/schema.org\",\"@graph\":[{\"@type\":\"Article\",\"@id\":\"https:\\\/\\\/www.altaviadeimontilattari.it\\\/de\\\/1-badia-di-cava-350-m\\\/#article\",\"isPartOf\":{\"@id\":\"https:\\\/\\\/www.altaviadeimontilattari.it\\\/de\\\/1-badia-di-cava-350-m\\\/\"},\"author\":{\"name\":\"Turismo.Ricercattiva\",\"@id\":\"https:\\\/\\\/www.altaviadeimontilattari.it\\\/#\\\/schema\\\/person\\\/47c8033a7c6005363bf26047c156ed2c\"},\"headline\":\"1. Badia di Cava (350 m)\",\"datePublished\":\"2020-11-20T21:33:20+00:00\",\"dateModified\":\"2024-06-19T22:59:24+00:00\",\"mainEntityOfPage\":{\"@id\":\"https:\\\/\\\/www.altaviadeimontilattari.it\\\/de\\\/1-badia-di-cava-350-m\\\/\"},\"wordCount\":208,\"commentCount\":0,\"publisher\":{\"@id\":\"https:\\\/\\\/www.altaviadeimontilattari.it\\\/#organization\"},\"image\":{\"@id\":\"https:\\\/\\\/www.altaviadeimontilattari.it\\\/de\\\/1-badia-di-cava-350-m\\\/#primaryimage\"},\"thumbnailUrl\":\"https:\\\/\\\/i0.wp.com\\\/www.altaviadeimontilattari.it\\\/wp-content\\\/uploads\\\/2020\\\/12\\\/badia_corpo_di_cava.jpg?fit=1000%2C1000&ssl=1\",\"keywords\":[\"Abtei von Steinbruch\",\"Benediktinerabtei\",\"Steinbruch der Tirreni\",\"Steinbruchk\u00f6rper\"],\"articleSection\":[\"Besichtigung der Alta Via dei Monti Lattari\"],\"inLanguage\":\"de\",\"potentialAction\":[{\"@type\":\"CommentAction\",\"name\":\"Comment\",\"target\":[\"https:\\\/\\\/www.altaviadeimontilattari.it\\\/de\\\/1-badia-di-cava-350-m\\\/#respond\"]}]},{\"@type\":\"WebPage\",\"@id\":\"https:\\\/\\\/www.altaviadeimontilattari.it\\\/de\\\/1-badia-di-cava-350-m\\\/\",\"url\":\"https:\\\/\\\/www.altaviadeimontilattari.it\\\/de\\\/1-badia-di-cava-350-m\\\/\",\"name\":\"1. Badia di Cava (350 m) - Alta Via dei Monti Lattari\",\"isPartOf\":{\"@id\":\"https:\\\/\\\/www.altaviadeimontilattari.it\\\/#website\"},\"primaryImageOfPage\":{\"@id\":\"https:\\\/\\\/www.altaviadeimontilattari.it\\\/de\\\/1-badia-di-cava-350-m\\\/#primaryimage\"},\"image\":{\"@id\":\"https:\\\/\\\/www.altaviadeimontilattari.it\\\/de\\\/1-badia-di-cava-350-m\\\/#primaryimage\"},\"thumbnailUrl\":\"https:\\\/\\\/i0.wp.com\\\/www.altaviadeimontilattari.it\\\/wp-content\\\/uploads\\\/2020\\\/12\\\/badia_corpo_di_cava.jpg?fit=1000%2C1000&ssl=1\",\"datePublished\":\"2020-11-20T21:33:20+00:00\",\"dateModified\":\"2024-06-19T22:59:24+00:00\",\"description\":\"Die erste Station ist die Badia di Cava, die sich im Bereich des Corpo di Cava di Cava de 'Tirreni befindet. Ein Ort des Gebets mit tausendj\u00e4hriger Geschichte\",\"breadcrumb\":{\"@id\":\"https:\\\/\\\/www.altaviadeimontilattari.it\\\/de\\\/1-badia-di-cava-350-m\\\/#breadcrumb\"},\"inLanguage\":\"de\",\"potentialAction\":[{\"@type\":\"ReadAction\",\"target\":[\"https:\\\/\\\/www.altaviadeimontilattari.it\\\/de\\\/1-badia-di-cava-350-m\\\/\"]}]},{\"@type\":\"ImageObject\",\"inLanguage\":\"de\",\"@id\":\"https:\\\/\\\/www.altaviadeimontilattari.it\\\/de\\\/1-badia-di-cava-350-m\\\/#primaryimage\",\"url\":\"https:\\\/\\\/i0.wp.com\\\/www.altaviadeimontilattari.it\\\/wp-content\\\/uploads\\\/2020\\\/12\\\/badia_corpo_di_cava.jpg?fit=1000%2C1000&ssl=1\",\"contentUrl\":\"https:\\\/\\\/i0.wp.com\\\/www.altaviadeimontilattari.it\\\/wp-content\\\/uploads\\\/2020\\\/12\\\/badia_corpo_di_cava.jpg?fit=1000%2C1000&ssl=1\",\"width\":1000,\"height\":1000},{\"@type\":\"BreadcrumbList\",\"@id\":\"https:\\\/\\\/www.altaviadeimontilattari.it\\\/de\\\/1-badia-di-cava-350-m\\\/#breadcrumb\",\"itemListElement\":[{\"@type\":\"ListItem\",\"position\":1,\"name\":\"Home\",\"item\":\"https:\\\/\\\/www.altaviadeimontilattari.it\\\/es\\\/\"},{\"@type\":\"ListItem\",\"position\":2,\"name\":\"1. Badia di Cava (350 m)\"}]},{\"@type\":\"WebSite\",\"@id\":\"https:\\\/\\\/www.altaviadeimontilattari.it\\\/#website\",\"url\":\"https:\\\/\\\/www.altaviadeimontilattari.it\\\/\",\"name\":\"Alta Via dei Monti Lattari\",\"description\":\"La montagna \u00e8 un modo di vivere la vita.\",\"publisher\":{\"@id\":\"https:\\\/\\\/www.altaviadeimontilattari.it\\\/#organization\"},\"potentialAction\":[{\"@type\":\"SearchAction\",\"target\":{\"@type\":\"EntryPoint\",\"urlTemplate\":\"https:\\\/\\\/www.altaviadeimontilattari.it\\\/?s={search_term_string}\"},\"query-input\":{\"@type\":\"PropertyValueSpecification\",\"valueRequired\":true,\"valueName\":\"search_term_string\"}}],\"inLanguage\":\"de\"},{\"@type\":\"Organization\",\"@id\":\"https:\\\/\\\/www.altaviadeimontilattari.it\\\/#organization\",\"name\":\"Alta Via dei Monti Lattari\",\"url\":\"https:\\\/\\\/www.altaviadeimontilattari.it\\\/\",\"logo\":{\"@type\":\"ImageObject\",\"inLanguage\":\"de\",\"@id\":\"https:\\\/\\\/www.altaviadeimontilattari.it\\\/#\\\/schema\\\/logo\\\/image\\\/\",\"url\":\"https:\\\/\\\/i0.wp.com\\\/www.altaviadeimontilattari.it\\\/wp-content\\\/uploads\\\/2020\\\/12\\\/alta_via_monyi_lattari_logo.png?fit=325%2C100&ssl=1\",\"contentUrl\":\"https:\\\/\\\/i0.wp.com\\\/www.altaviadeimontilattari.it\\\/wp-content\\\/uploads\\\/2020\\\/12\\\/alta_via_monyi_lattari_logo.png?fit=325%2C100&ssl=1\",\"width\":325,\"height\":100,\"caption\":\"Alta Via dei Monti Lattari\"},\"image\":{\"@id\":\"https:\\\/\\\/www.altaviadeimontilattari.it\\\/#\\\/schema\\\/logo\\\/image\\\/\"}},{\"@type\":\"Person\",\"@id\":\"https:\\\/\\\/www.altaviadeimontilattari.it\\\/#\\\/schema\\\/person\\\/47c8033a7c6005363bf26047c156ed2c\",\"name\":\"Turismo.Ricercattiva\",\"image\":{\"@type\":\"ImageObject\",\"inLanguage\":\"de\",\"@id\":\"https:\\\/\\\/secure.gravatar.com\\\/avatar\\\/da245a1cae9c81db24d2b96301301cb5f0847cd0f266ee5b9deb95611bf13d92?s=96&d=mm&r=g\",\"url\":\"https:\\\/\\\/secure.gravatar.com\\\/avatar\\\/da245a1cae9c81db24d2b96301301cb5f0847cd0f266ee5b9deb95611bf13d92?s=96&d=mm&r=g\",\"contentUrl\":\"https:\\\/\\\/secure.gravatar.com\\\/avatar\\\/da245a1cae9c81db24d2b96301301cb5f0847cd0f266ee5b9deb95611bf13d92?s=96&d=mm&r=g\",\"caption\":\"Turismo.Ricercattiva\"},\"sameAs\":[\"http:\\\/\\\/turismo.ricercattiva.it\"],\"url\":\"https:\\\/\\\/www.altaviadeimontilattari.it\\\/de\\\/author\\\/turismo-ricercattiva\\\/\"}]}<\/script>\n<!-- \/ Yoast SEO plugin. -->","yoast_head_json":{"title":"1. Badia di Cava (350 m) - Alta Via dei Monti Lattari","description":"Die erste Station ist die Badia di Cava, die sich im Bereich des Corpo di Cava di Cava de 'Tirreni befindet. Ein Ort des Gebets mit tausendj\u00e4hriger Geschichte","robots":{"index":"index","follow":"follow","max-snippet":"max-snippet:-1","max-image-preview":"max-image-preview:large","max-video-preview":"max-video-preview:-1"},"canonical":"https:\/\/www.altaviadeimontilattari.it\/de\/1-badia-di-cava-350-m\/","og_locale":"de_DE","og_type":"article","og_title":"1. Badia di Cava (350 m) - Alta Via dei Monti Lattari","og_description":"Die erste Station ist die Badia di Cava, die sich im Bereich des Corpo di Cava di Cava de 'Tirreni befindet. Ein Ort des Gebets mit tausendj\u00e4hriger Geschichte","og_url":"https:\/\/www.altaviadeimontilattari.it\/de\/1-badia-di-cava-350-m\/","og_site_name":"Alta Via dei Monti Lattari","article_published_time":"2020-11-20T21:33:20+00:00","article_modified_time":"2024-06-19T22:59:24+00:00","og_image":[{"width":1000,"height":1000,"url":"https:\/\/www.altaviadeimontilattari.it\/wp-content\/uploads\/2020\/12\/badia_corpo_di_cava.jpg","type":"image\/jpeg"}],"author":"Turismo.Ricercattiva","twitter_card":"summary_large_image","twitter_misc":{"Verfasst von":"Turismo.Ricercattiva","Gesch\u00e4tzte Lesezeit":"1\u00a0Minute"},"schema":{"@context":"https:\/\/schema.org","@graph":[{"@type":"Article","@id":"https:\/\/www.altaviadeimontilattari.it\/de\/1-badia-di-cava-350-m\/#article","isPartOf":{"@id":"https:\/\/www.altaviadeimontilattari.it\/de\/1-badia-di-cava-350-m\/"},"author":{"name":"Turismo.Ricercattiva","@id":"https:\/\/www.altaviadeimontilattari.it\/#\/schema\/person\/47c8033a7c6005363bf26047c156ed2c"},"headline":"1. Badia di Cava (350 m)","datePublished":"2020-11-20T21:33:20+00:00","dateModified":"2024-06-19T22:59:24+00:00","mainEntityOfPage":{"@id":"https:\/\/www.altaviadeimontilattari.it\/de\/1-badia-di-cava-350-m\/"},"wordCount":208,"commentCount":0,"publisher":{"@id":"https:\/\/www.altaviadeimontilattari.it\/#organization"},"image":{"@id":"https:\/\/www.altaviadeimontilattari.it\/de\/1-badia-di-cava-350-m\/#primaryimage"},"thumbnailUrl":"https:\/\/i0.wp.com\/www.altaviadeimontilattari.it\/wp-content\/uploads\/2020\/12\/badia_corpo_di_cava.jpg?fit=1000%2C1000&ssl=1","keywords":["Abtei von Steinbruch","Benediktinerabtei","Steinbruch der Tirreni","Steinbruchk\u00f6rper"],"articleSection":["Besichtigung der Alta Via dei Monti Lattari"],"inLanguage":"de","potentialAction":[{"@type":"CommentAction","name":"Comment","target":["https:\/\/www.altaviadeimontilattari.it\/de\/1-badia-di-cava-350-m\/#respond"]}]},{"@type":"WebPage","@id":"https:\/\/www.altaviadeimontilattari.it\/de\/1-badia-di-cava-350-m\/","url":"https:\/\/www.altaviadeimontilattari.it\/de\/1-badia-di-cava-350-m\/","name":"1. Badia di Cava (350 m) - Alta Via dei Monti Lattari","isPartOf":{"@id":"https:\/\/www.altaviadeimontilattari.it\/#website"},"primaryImageOfPage":{"@id":"https:\/\/www.altaviadeimontilattari.it\/de\/1-badia-di-cava-350-m\/#primaryimage"},"image":{"@id":"https:\/\/www.altaviadeimontilattari.it\/de\/1-badia-di-cava-350-m\/#primaryimage"},"thumbnailUrl":"https:\/\/i0.wp.com\/www.altaviadeimontilattari.it\/wp-content\/uploads\/2020\/12\/badia_corpo_di_cava.jpg?fit=1000%2C1000&ssl=1","datePublished":"2020-11-20T21:33:20+00:00","dateModified":"2024-06-19T22:59:24+00:00","description":"Die erste Station ist die Badia di Cava, die sich im Bereich des Corpo di Cava di Cava de 'Tirreni befindet. Ein Ort des Gebets mit tausendj\u00e4hriger Geschichte","breadcrumb":{"@id":"https:\/\/www.altaviadeimontilattari.it\/de\/1-badia-di-cava-350-m\/#breadcrumb"},"inLanguage":"de","potentialAction":[{"@type":"ReadAction","target":["https:\/\/www.altaviadeimontilattari.it\/de\/1-badia-di-cava-350-m\/"]}]},{"@type":"ImageObject","inLanguage":"de","@id":"https:\/\/www.altaviadeimontilattari.it\/de\/1-badia-di-cava-350-m\/#primaryimage","url":"https:\/\/i0.wp.com\/www.altaviadeimontilattari.it\/wp-content\/uploads\/2020\/12\/badia_corpo_di_cava.jpg?fit=1000%2C1000&ssl=1","contentUrl":"https:\/\/i0.wp.com\/www.altaviadeimontilattari.it\/wp-content\/uploads\/2020\/12\/badia_corpo_di_cava.jpg?fit=1000%2C1000&ssl=1","width":1000,"height":1000},{"@type":"BreadcrumbList","@id":"https:\/\/www.altaviadeimontilattari.it\/de\/1-badia-di-cava-350-m\/#breadcrumb","itemListElement":[{"@type":"ListItem","position":1,"name":"Home","item":"https:\/\/www.altaviadeimontilattari.it\/es\/"},{"@type":"ListItem","position":2,"name":"1. Badia di Cava (350 m)"}]},{"@type":"WebSite","@id":"https:\/\/www.altaviadeimontilattari.it\/#website","url":"https:\/\/www.altaviadeimontilattari.it\/","name":"Alta Via dei Monti Lattari","description":"La montagna \u00e8 un modo di vivere la vita.","publisher":{"@id":"https:\/\/www.altaviadeimontilattari.it\/#organization"},"potentialAction":[{"@type":"SearchAction","target":{"@type":"EntryPoint","urlTemplate":"https:\/\/www.altaviadeimontilattari.it\/?s={search_term_string}"},"query-input":{"@type":"PropertyValueSpecification","valueRequired":true,"valueName":"search_term_string"}}],"inLanguage":"de"},{"@type":"Organization","@id":"https:\/\/www.altaviadeimontilattari.it\/#organization","name":"Alta Via dei Monti Lattari","url":"https:\/\/www.altaviadeimontilattari.it\/","logo":{"@type":"ImageObject","inLanguage":"de","@id":"https:\/\/www.altaviadeimontilattari.it\/#\/schema\/logo\/image\/","url":"https:\/\/i0.wp.com\/www.altaviadeimontilattari.it\/wp-content\/uploads\/2020\/12\/alta_via_monyi_lattari_logo.png?fit=325%2C100&ssl=1","contentUrl":"https:\/\/i0.wp.com\/www.altaviadeimontilattari.it\/wp-content\/uploads\/2020\/12\/alta_via_monyi_lattari_logo.png?fit=325%2C100&ssl=1","width":325,"height":100,"caption":"Alta Via dei Monti Lattari"},"image":{"@id":"https:\/\/www.altaviadeimontilattari.it\/#\/schema\/logo\/image\/"}},{"@type":"Person","@id":"https:\/\/www.altaviadeimontilattari.it\/#\/schema\/person\/47c8033a7c6005363bf26047c156ed2c","name":"Turismo.Ricercattiva","image":{"@type":"ImageObject","inLanguage":"de","@id":"https:\/\/secure.gravatar.com\/avatar\/da245a1cae9c81db24d2b96301301cb5f0847cd0f266ee5b9deb95611bf13d92?s=96&d=mm&r=g","url":"https:\/\/secure.gravatar.com\/avatar\/da245a1cae9c81db24d2b96301301cb5f0847cd0f266ee5b9deb95611bf13d92?s=96&d=mm&r=g","contentUrl":"https:\/\/secure.gravatar.com\/avatar\/da245a1cae9c81db24d2b96301301cb5f0847cd0f266ee5b9deb95611bf13d92?s=96&d=mm&r=g","caption":"Turismo.Ricercattiva"},"sameAs":["http:\/\/turismo.ricercattiva.it"],"url":"https:\/\/www.altaviadeimontilattari.it\/de\/author\/turismo-ricercattiva\/"}]}},"jetpack_featured_media_url":"https:\/\/i0.wp.com\/www.altaviadeimontilattari.it\/wp-content\/uploads\/2020\/12\/badia_corpo_di_cava.jpg?fit=1000%2C1000&ssl=1","jetpack-related-posts":[{"id":6414,"url":"https:\/\/www.altaviadeimontilattari.it\/de\/2-von-der-badia-della-santissima-trinita-oder-von-iaconti-bis-zur-wallfahrtskirche-avvocata\/","url_meta":{"origin":6612,"position":0},"title":"2. Von der Badia della Santissima Trinit\u00e0 oder von Iaconti bis zur Wallfahrtskirche Avvocata","author":"","date":"4. Februar 2022","format":false,"excerpt":"Dauer : 11,4 km Reisezeit: 7h 00 ' Route - Ohne gro\u00dfe Schwierigkeiten\r aber lang.\r Ansatz - Cava dei Tirreni\r Es ist leicht \u00fcber die Stra\u00dfe (A3) von Salerno und Neapel aus zu erreichen. Salerno wird zuerst von den K\u00fcstenorten aus erreicht. Von der Autobahnausfahrt Cava dei Tirreni bis zum\u2026","rel":"","context":"In &quot;Wanderwege&quot;","block_context":{"text":"Wanderwege","link":"https:\/\/www.altaviadeimontilattari.it\/de\/category\/wanderwege\/"},"img":{"alt_text":"","src":"https:\/\/i0.wp.com\/www.altaviadeimontilattari.it\/wp-content\/uploads\/2022\/03\/IMG_36411-scaled.jpg?resize=350%2C200&ssl=1","width":350,"height":200,"srcset":"https:\/\/i0.wp.com\/www.altaviadeimontilattari.it\/wp-content\/uploads\/2022\/03\/IMG_36411-scaled.jpg?resize=350%2C200&ssl=1 1x, https:\/\/i0.wp.com\/www.altaviadeimontilattari.it\/wp-content\/uploads\/2022\/03\/IMG_36411-scaled.jpg?resize=525%2C300&ssl=1 1.5x, https:\/\/i0.wp.com\/www.altaviadeimontilattari.it\/wp-content\/uploads\/2022\/03\/IMG_36411-scaled.jpg?resize=700%2C400&ssl=1 2x, https:\/\/i0.wp.com\/www.altaviadeimontilattari.it\/wp-content\/uploads\/2022\/03\/IMG_36411-scaled.jpg?resize=1050%2C600&ssl=1 3x, https:\/\/i0.wp.com\/www.altaviadeimontilattari.it\/wp-content\/uploads\/2022\/03\/IMG_36411-scaled.jpg?resize=1400%2C800&ssl=1 4x"},"classes":[]},{"id":6390,"url":"https:\/\/www.altaviadeimontilattari.it\/de\/5-von-maiori-zum-felsenkloster-santa-maria-de-olearia\/","url_meta":{"origin":6612,"position":1},"title":"5. Von Maiori zum Felsenkloster Santa Maria de Olearia","author":"","date":"9. Februar 2022","format":false,"excerpt":"Dauer : 4,8 km Fahrzeit: 2h 00 ' Route - Mit Ausnahme des kurzen anf\u00e4nglichen Abschnitts, der einen H\u00f6henunterschied von \u00fcber 200 m \u00fcberschreitet, ist die Schwierigkeit mit kaum mehr als einem Spaziergang vergleichbar. Logistik - Mit dem Auto oder \u00f6ffentlichen Verkehrsmitteln von Salerno: Bus oder F\u00e4hre. Mit zwei Autos:\u2026","rel":"","context":"In &quot;Wanderwege&quot;","block_context":{"text":"Wanderwege","link":"https:\/\/www.altaviadeimontilattari.it\/de\/category\/wanderwege\/"},"img":{"alt_text":"","src":"https:\/\/i0.wp.com\/www.altaviadeimontilattari.it\/wp-content\/uploads\/2022\/03\/IMG_36442-scaled.jpg?resize=350%2C200","width":350,"height":200,"srcset":"https:\/\/i0.wp.com\/www.altaviadeimontilattari.it\/wp-content\/uploads\/2022\/03\/IMG_36442-scaled.jpg?resize=350%2C200 1x, https:\/\/i0.wp.com\/www.altaviadeimontilattari.it\/wp-content\/uploads\/2022\/03\/IMG_36442-scaled.jpg?resize=525%2C300 1.5x, https:\/\/i0.wp.com\/www.altaviadeimontilattari.it\/wp-content\/uploads\/2022\/03\/IMG_36442-scaled.jpg?resize=700%2C400 2x, https:\/\/i0.wp.com\/www.altaviadeimontilattari.it\/wp-content\/uploads\/2022\/03\/IMG_36442-scaled.jpg?resize=1050%2C600 3x, https:\/\/i0.wp.com\/www.altaviadeimontilattari.it\/wp-content\/uploads\/2022\/03\/IMG_36442-scaled.jpg?resize=1400%2C800 4x"},"classes":[]},{"id":6596,"url":"https:\/\/www.altaviadeimontilattari.it\/de\/3-monte-dellavvocata-heiligtum-865-m\/","url_meta":{"origin":6612,"position":2},"title":"3. Monte dell\u2019Avvocata \u2013 Heiligtum (865 m)","author":"Turismo.Ricercattiva","date":"20. November 2020","format":false,"excerpt":"Eine Erfrischung f\u00fcr K\u00f6rper und Geist ist die Wallfahrtskirche in der N\u00e4he des Monte dell'Avvocata, die pr\u00e4zise auf einem Gipfel des Monte Falerzio aufgeh\u00e4ngt ist.","rel":"","context":"In &quot;Besichtigung der Alta Via dei Monti Lattari&quot;","block_context":{"text":"Besichtigung der Alta Via dei Monti Lattari","link":"https:\/\/www.altaviadeimontilattari.it\/de\/category\/besichtigung-der-alta-via-dei-monti-lattari\/"},"img":{"alt_text":"","src":"https:\/\/i0.wp.com\/www.altaviadeimontilattari.it\/wp-content\/uploads\/2020\/12\/monte_avvocata-1.jpg?fit=1000%2C1000&ssl=1&resize=350%2C200","width":350,"height":200,"srcset":"https:\/\/i0.wp.com\/www.altaviadeimontilattari.it\/wp-content\/uploads\/2020\/12\/monte_avvocata-1.jpg?fit=1000%2C1000&ssl=1&resize=350%2C200 1x, https:\/\/i0.wp.com\/www.altaviadeimontilattari.it\/wp-content\/uploads\/2020\/12\/monte_avvocata-1.jpg?fit=1000%2C1000&ssl=1&resize=525%2C300 1.5x, https:\/\/i0.wp.com\/www.altaviadeimontilattari.it\/wp-content\/uploads\/2020\/12\/monte_avvocata-1.jpg?fit=1000%2C1000&ssl=1&resize=700%2C400 2x"},"classes":[]},{"id":6164,"url":"https:\/\/www.altaviadeimontilattari.it\/de\/20-capo-muro\/","url_meta":{"origin":6612,"position":3},"title":"20.Capo Muro","author":"","date":"17. Februar 2022","format":false,"excerpt":"von Nocelle (Positano) bis zum Steinpilz von Capo Muro Dauer: 5 km Fahrzeit: 6h 00 ' Strecke - Der H\u00f6henunterschied von \u00fcber 600 Metern erfordert ein Minimum an Training. Der Boden, oft aus lockerem Material, erfordert die Verwendung von Schuhen mit gutem Halt auf dem Boden. Aufgrund der h\u00e4ufigen Windbelastung\u2026","rel":"","context":"In &quot;Wanderwege&quot;","block_context":{"text":"Wanderwege","link":"https:\/\/www.altaviadeimontilattari.it\/de\/category\/wanderwege\/"},"img":{"alt_text":"","src":"https:\/\/i0.wp.com\/www.altaviadeimontilattari.it\/wp-content\/uploads\/2022\/03\/IMG_36591.jpg?resize=350%2C200&ssl=1","width":350,"height":200,"srcset":"https:\/\/i0.wp.com\/www.altaviadeimontilattari.it\/wp-content\/uploads\/2022\/03\/IMG_36591.jpg?resize=350%2C200&ssl=1 1x, https:\/\/i0.wp.com\/www.altaviadeimontilattari.it\/wp-content\/uploads\/2022\/03\/IMG_36591.jpg?resize=525%2C300&ssl=1 1.5x, https:\/\/i0.wp.com\/www.altaviadeimontilattari.it\/wp-content\/uploads\/2022\/03\/IMG_36591.jpg?resize=700%2C400&ssl=1 2x, https:\/\/i0.wp.com\/www.altaviadeimontilattari.it\/wp-content\/uploads\/2022\/03\/IMG_36591.jpg?resize=1050%2C600&ssl=1 3x, https:\/\/i0.wp.com\/www.altaviadeimontilattari.it\/wp-content\/uploads\/2022\/03\/IMG_36591.jpg?resize=1400%2C800&ssl=1 4x"},"classes":[]},{"id":6140,"url":"https:\/\/www.altaviadeimontilattari.it\/de\/23-nerano-baia-di-jeranto\/","url_meta":{"origin":6612,"position":4},"title":"23. Nerano &#8211; Baia di Jeranto","author":"","date":"22. Februar 2022","format":false,"excerpt":"von Nerano zur F.A.I. von Jeranto Bay mit einem Besuch der ehemaligen ILVA-Minenanlage Dauer: 6,4 km Fahrzeit: 4h 30 ' Weg - Die Wanderung stellt keine besonderen Schwierigkeiten dar und ist sehr angenehm, da man in den Gew\u00e4ssern der bezaubernden Bucht von Jeranto baden kann. Interessant ist auch die Besichtigung\u2026","rel":"","context":"In &quot;Wanderwege&quot;","block_context":{"text":"Wanderwege","link":"https:\/\/www.altaviadeimontilattari.it\/de\/category\/wanderwege\/"},"img":{"alt_text":"","src":"https:\/\/i0.wp.com\/www.altaviadeimontilattari.it\/wp-content\/uploads\/2022\/03\/IMG_36631.jpg?resize=350%2C200&ssl=1","width":350,"height":200,"srcset":"https:\/\/i0.wp.com\/www.altaviadeimontilattari.it\/wp-content\/uploads\/2022\/03\/IMG_36631.jpg?resize=350%2C200&ssl=1 1x, https:\/\/i0.wp.com\/www.altaviadeimontilattari.it\/wp-content\/uploads\/2022\/03\/IMG_36631.jpg?resize=525%2C300&ssl=1 1.5x, https:\/\/i0.wp.com\/www.altaviadeimontilattari.it\/wp-content\/uploads\/2022\/03\/IMG_36631.jpg?resize=700%2C400&ssl=1 2x, https:\/\/i0.wp.com\/www.altaviadeimontilattari.it\/wp-content\/uploads\/2022\/03\/IMG_36631.jpg?resize=1050%2C600&ssl=1 3x, https:\/\/i0.wp.com\/www.altaviadeimontilattari.it\/wp-content\/uploads\/2022\/03\/IMG_36631.jpg?resize=1400%2C800&ssl=1 4x"},"classes":[]},{"id":6326,"url":"https:\/\/www.altaviadeimontilattari.it\/de\/13-valle-delle-ferriere\/","url_meta":{"origin":6612,"position":5},"title":"13. Valle delle Ferriere","author":"","date":"11. Februar 2022","format":false,"excerpt":"Im Hinterland von Amalfi zwischen den Ruinen von Papierfabriken und Eisenh\u00fctten Dauer: 4,5km Reisezeit: 4h 00' Weg - Ohne Schwierigkeiten. Sich n\u00e4hern - Von Salerno: Kreuzung nach Ravello und bi-vio nach Pontone. Von Neapel aus ist es auch m\u00f6glich, Ravello \u00fcber den Chiunzi-Pass (von Angri) zu erreichen Von Sorrento nach\u2026","rel":"","context":"In &quot;Wanderwege&quot;","block_context":{"text":"Wanderwege","link":"https:\/\/www.altaviadeimontilattari.it\/de\/category\/wanderwege\/"},"img":{"alt_text":"","src":"https:\/\/i0.wp.com\/www.altaviadeimontilattari.it\/wp-content\/uploads\/2022\/03\/IMG_36521.jpg?resize=350%2C200&ssl=1","width":350,"height":200,"srcset":"https:\/\/i0.wp.com\/www.altaviadeimontilattari.it\/wp-content\/uploads\/2022\/03\/IMG_36521.jpg?resize=350%2C200&ssl=1 1x, https:\/\/i0.wp.com\/www.altaviadeimontilattari.it\/wp-content\/uploads\/2022\/03\/IMG_36521.jpg?resize=525%2C300&ssl=1 1.5x, https:\/\/i0.wp.com\/www.altaviadeimontilattari.it\/wp-content\/uploads\/2022\/03\/IMG_36521.jpg?resize=700%2C400&ssl=1 2x, https:\/\/i0.wp.com\/www.altaviadeimontilattari.it\/wp-content\/uploads\/2022\/03\/IMG_36521.jpg?resize=1050%2C600&ssl=1 3x, https:\/\/i0.wp.com\/www.altaviadeimontilattari.it\/wp-content\/uploads\/2022\/03\/IMG_36521.jpg?resize=1400%2C800&ssl=1 4x"},"classes":[]}],"jetpack_shortlink":"https:\/\/wp.me\/pcGNaV-1IE","jetpack_sharing_enabled":true,"_links":{"self":[{"href":"https:\/\/www.altaviadeimontilattari.it\/de\/wp-json\/wp\/v2\/posts\/6612","targetHints":{"allow":["GET"]}}],"collection":[{"href":"https:\/\/www.altaviadeimontilattari.it\/de\/wp-json\/wp\/v2\/posts"}],"about":[{"href":"https:\/\/www.altaviadeimontilattari.it\/de\/wp-json\/wp\/v2\/types\/post"}],"author":[{"embeddable":true,"href":"https:\/\/www.altaviadeimontilattari.it\/de\/wp-json\/wp\/v2\/users\/3"}],"replies":[{"embeddable":true,"href":"https:\/\/www.altaviadeimontilattari.it\/de\/wp-json\/wp\/v2\/comments?post=6612"}],"version-history":[{"count":2,"href":"https:\/\/www.altaviadeimontilattari.it\/de\/wp-json\/wp\/v2\/posts\/6612\/revisions"}],"predecessor-version":[{"id":7368,"href":"https:\/\/www.altaviadeimontilattari.it\/de\/wp-json\/wp\/v2\/posts\/6612\/revisions\/7368"}],"wp:featuredmedia":[{"embeddable":true,"href":"https:\/\/www.altaviadeimontilattari.it\/de\/wp-json\/wp\/v2\/media\/4637"}],"wp:attachment":[{"href":"https:\/\/www.altaviadeimontilattari.it\/de\/wp-json\/wp\/v2\/media?parent=6612"}],"wp:term":[{"taxonomy":"category","embeddable":true,"href":"https:\/\/www.altaviadeimontilattari.it\/de\/wp-json\/wp\/v2\/categories?post=6612"},{"taxonomy":"post_tag","embeddable":true,"href":"https:\/\/www.altaviadeimontilattari.it\/de\/wp-json\/wp\/v2\/tags?post=6612"}],"curies":[{"name":"wp","href":"https:\/\/api.w.org\/{rel}","templated":true}]}}