{"id":6526,"date":"2020-11-20T22:05:56","date_gmt":"2020-11-20T22:05:56","guid":{"rendered":"https:\/\/www.altaviadeimontilattari.it\/12-cuartel-forestal-767-m\/"},"modified":"2022-07-09T12:30:22","modified_gmt":"2022-07-09T12:30:22","slug":"12-cuartel-forestal-767-m","status":"publish","type":"post","link":"https:\/\/www.altaviadeimontilattari.it\/es\/12-cuartel-forestal-767-m\/","title":{"rendered":"12. Cuartel Forestal (767 m)"},"content":{"rendered":"<p>Bajando de <a href=\"https:\/\/altaviadeimontilattari.it\/11-monte-molare-1444m-and-cross-della-conocchia-1314-m\/\"> <em> <strong> Cruz de la Conocchia <\/ strong> <\/em> <\/a> llegas al <em> <strong> Cuartel <\/strong> <strong> Forestale <\/strong> <\/em> ubicado cerca de <strong> Agerola. <\/strong> El descenso es un poco empinado entre rocas y escalones y con una vista impresionante llena de hermosas flores silvestres, vegetaci\u00f3n baja y rocas. La vista se asombra al ver <em> la isla de Li Galli, Positano y toda la pen\u00ednsula de Sorrento<\/em>.<\/p>\n<p>El cuartel forestal se encuentra en un paso muy importante. Desde aqu\u00ed se puede llegar al <strong> Camino de los Dioses <\/strong> hacia el sureste, hacia Nocelle, y al <strong> Camino Alto de los Dioses <\/strong>, hacia <strong> Capo Muro y Monte Tre Calli<\/strong>. Continuando hacia el oeste, contin\u00fae por la 300 hacia <strong> Santa Maria del Castello <\/strong> o baje hacia <strong> Positano <\/strong> y sus localidades como <strong> Monte Pertuso o Nocelle <\/strong>.<\/p>\n\n<div class=\"wp-block-jetpack-tiled-gallery aligncenter is-style-rectangular\"><div class=\"tiled-gallery__gallery\"><div class=\"tiled-gallery__row\"><div class=\"tiled-gallery__col\" style=\"flex-basis:66.77681%\"><figure class=\"tiled-gallery__item\"><img decoding=\"async\" role=\"button\" tabindex=\"0\" aria-label=\"Abrir la imagen 1 de 6 en pantalla completa\"srcset=\"https:\/\/i1.wp.com\/www.altaviadeimontilattari.it\/wp-content\/uploads\/2020\/11\/caserma_forestale_santa_maria_al_castello.jpg?strip=info&#038;w=600&#038;ssl=1 600w,https:\/\/i1.wp.com\/www.altaviadeimontilattari.it\/wp-content\/uploads\/2020\/11\/caserma_forestale_santa_maria_al_castello.jpg?strip=info&#038;w=900&#038;ssl=1 900w,https:\/\/i1.wp.com\/www.altaviadeimontilattari.it\/wp-content\/uploads\/2020\/11\/caserma_forestale_santa_maria_al_castello.jpg?strip=info&#038;w=1024&#038;ssl=1 1024w\" alt=\"Caserma Forestale\" data-height=\"768\" data-id=\"3623\" data-link=\"https:\/\/altaviadeimontilattari.it\/12-caserma-della-forestale-767-m\/caserma_forestale_santa_maria_al_castello\/\" data-url=\"https:\/\/altaviadeimontilattari.it\/wp-content\/uploads\/2020\/11\/caserma_forestale_santa_maria_al_castello.jpg\" data-width=\"1024\" src=\"https:\/\/i1.wp.com\/www.altaviadeimontilattari.it\/wp-content\/uploads\/2020\/11\/caserma_forestale_santa_maria_al_castello.jpg?ssl=1\" data-amp-layout=\"responsive\"\/><\/figure><\/div><div class=\"tiled-gallery__col\" style=\"flex-basis:33.22319%\"><figure class=\"tiled-gallery__item\"><img decoding=\"async\" role=\"button\" tabindex=\"0\" aria-label=\"Abrir la imagen 2 de 6 en pantalla completa\"srcset=\"https:\/\/i0.wp.com\/www.altaviadeimontilattari.it\/wp-content\/uploads\/2020\/11\/caserma_forestale_panorama_2.jpg?strip=info&#038;w=600&#038;ssl=1 600w,https:\/\/i0.wp.com\/www.altaviadeimontilattari.it\/wp-content\/uploads\/2020\/11\/caserma_forestale_panorama_2.jpg?strip=info&#038;w=900&#038;ssl=1 900w,https:\/\/i0.wp.com\/www.altaviadeimontilattari.it\/wp-content\/uploads\/2020\/11\/caserma_forestale_panorama_2.jpg?strip=info&#038;w=1024&#038;ssl=1 1024w\" alt=\"Discesa da Conocchia lungo il sentiero 300\" data-height=\"768\" data-id=\"3625\" data-link=\"https:\/\/altaviadeimontilattari.it\/12-caserma-della-forestale-767-m\/caserma_forestale_panorama_2\/\" data-url=\"https:\/\/altaviadeimontilattari.it\/wp-content\/uploads\/2020\/11\/caserma_forestale_panorama_2.jpg\" data-width=\"1024\" src=\"https:\/\/i0.wp.com\/www.altaviadeimontilattari.it\/wp-content\/uploads\/2020\/11\/caserma_forestale_panorama_2.jpg?ssl=1\" data-amp-layout=\"responsive\"\/><\/figure><figure class=\"tiled-gallery__item\"><img decoding=\"async\" role=\"button\" tabindex=\"0\" aria-label=\"Abrir la imagen 3 de 6 en pantalla completa\"srcset=\"https:\/\/i2.wp.com\/www.altaviadeimontilattari.it\/wp-content\/uploads\/2020\/11\/caserma_forestale_discesa_conocchia.jpg?strip=info&#038;w=600&#038;ssl=1 600w,https:\/\/i2.wp.com\/www.altaviadeimontilattari.it\/wp-content\/uploads\/2020\/11\/caserma_forestale_discesa_conocchia.jpg?strip=info&#038;w=900&#038;ssl=1 900w,https:\/\/i2.wp.com\/www.altaviadeimontilattari.it\/wp-content\/uploads\/2020\/11\/caserma_forestale_discesa_conocchia.jpg?strip=info&#038;w=1024&#038;ssl=1 1024w\" alt=\"Discesa da Conocchia lungo il sentiero 300\" data-height=\"768\" data-id=\"3626\" data-link=\"https:\/\/altaviadeimontilattari.it\/12-caserma-della-forestale-767-m\/caserma_forestale_discesa_conocchia\/\" data-url=\"https:\/\/altaviadeimontilattari.it\/wp-content\/uploads\/2020\/11\/caserma_forestale_discesa_conocchia.jpg\" data-width=\"1024\" src=\"https:\/\/i2.wp.com\/www.altaviadeimontilattari.it\/wp-content\/uploads\/2020\/11\/caserma_forestale_discesa_conocchia.jpg?ssl=1\" data-amp-layout=\"responsive\"\/><\/figure><\/div><\/div><div class=\"tiled-gallery__row\"><div class=\"tiled-gallery__col\" style=\"flex-basis:46.90120%\"><figure class=\"tiled-gallery__item\"><img decoding=\"async\" role=\"button\" tabindex=\"0\" aria-label=\"Abrir la imagen 4 de 6 en pantalla completa\"srcset=\"https:\/\/i2.wp.com\/www.altaviadeimontilattari.it\/wp-content\/uploads\/2020\/11\/caserma_forestale_panorama.jpg?strip=info&#038;w=600&#038;ssl=1 600w,https:\/\/i2.wp.com\/www.altaviadeimontilattari.it\/wp-content\/uploads\/2020\/11\/caserma_forestale_panorama.jpg?strip=info&#038;w=900&#038;ssl=1 900w,https:\/\/i2.wp.com\/www.altaviadeimontilattari.it\/wp-content\/uploads\/2020\/11\/caserma_forestale_panorama.jpg?strip=info&#038;w=1024&#038;ssl=1 1024w\" alt=\"Panorama su Costiera Amalfitana\" data-height=\"768\" data-id=\"3621\" data-link=\"https:\/\/altaviadeimontilattari.it\/12-caserma-della-forestale-767-m\/caserma_forestale_panorama\/\" data-url=\"https:\/\/altaviadeimontilattari.it\/wp-content\/uploads\/2020\/11\/caserma_forestale_panorama.jpg\" data-width=\"1024\" src=\"https:\/\/i2.wp.com\/www.altaviadeimontilattari.it\/wp-content\/uploads\/2020\/11\/caserma_forestale_panorama.jpg?ssl=1\" data-amp-layout=\"responsive\"\/><\/figure><figure class=\"tiled-gallery__item\"><img decoding=\"async\" role=\"button\" tabindex=\"0\" aria-label=\"Abrir la imagen 5 de 6 en pantalla completa\"srcset=\"https:\/\/i0.wp.com\/www.altaviadeimontilattari.it\/wp-content\/uploads\/2020\/11\/caserma_forestale_panorama.png?strip=info&#038;w=600&#038;ssl=1 600w,https:\/\/i0.wp.com\/www.altaviadeimontilattari.it\/wp-content\/uploads\/2020\/11\/caserma_forestale_panorama.png?strip=info&#038;w=900&#038;ssl=1 900w,https:\/\/i0.wp.com\/www.altaviadeimontilattari.it\/wp-content\/uploads\/2020\/11\/caserma_forestale_panorama.png?strip=info&#038;w=1024&#038;ssl=1 1024w\" alt=\"Panorama su Positano e l'isola Li Galli\" data-height=\"768\" data-id=\"3622\" data-link=\"https:\/\/altaviadeimontilattari.it\/12-caserma-della-forestale-767-m\/caserma_forestale_panorama-2\/\" data-url=\"https:\/\/altaviadeimontilattari.it\/wp-content\/uploads\/2020\/11\/caserma_forestale_panorama.png\" data-width=\"1024\" src=\"https:\/\/i0.wp.com\/www.altaviadeimontilattari.it\/wp-content\/uploads\/2020\/11\/caserma_forestale_panorama.png?ssl=1\" data-amp-layout=\"responsive\"\/><\/figure><\/div><div class=\"tiled-gallery__col\" style=\"flex-basis:53.09880%\"><figure class=\"tiled-gallery__item\"><img decoding=\"async\" role=\"button\" tabindex=\"0\" aria-label=\"Abrir la imagen 6 de 6 en pantalla completa\"srcset=\"https:\/\/i2.wp.com\/www.altaviadeimontilattari.it\/wp-content\/uploads\/2020\/11\/caserma_forestale_panorama_3.jpg?strip=info&#038;w=600&#038;ssl=1 600w,https:\/\/i2.wp.com\/www.altaviadeimontilattari.it\/wp-content\/uploads\/2020\/11\/caserma_forestale_panorama_3.jpg?strip=info&#038;w=768&#038;ssl=1 768w\" alt=\"Panorama sull'isola Li Galli\" data-height=\"1024\" data-id=\"3624\" data-link=\"https:\/\/altaviadeimontilattari.it\/12-caserma-della-forestale-767-m\/caserma_forestale_panorama_3\/\" data-url=\"https:\/\/altaviadeimontilattari.it\/wp-content\/uploads\/2020\/11\/caserma_forestale_panorama_3.jpg\" data-width=\"768\" src=\"https:\/\/i2.wp.com\/www.altaviadeimontilattari.it\/wp-content\/uploads\/2020\/11\/caserma_forestale_panorama_3.jpg?ssl=1\" data-amp-layout=\"responsive\"\/><\/figure><\/div><\/div><\/div><\/div>\r\n<div style=\"margin: 20px 0;\"><div class=\"qrcswholewtapper\" style=\"text-align:left;\"><div class=\"qrcprowrapper\"  id=\"qrcwraa2leds\"><div class=\"qrc_canvass\" id=\"qrc_cuttenpages_2\" style=\"display:inline-block\" data-text=\"https:\/\/www.altaviadeimontilattari.it\/es\/12-cuartel-forestal-767-m\/\"><\/div><div><a download=\"12. Cuartel Forestal (767 m).png\" class=\"qrcdownloads\" id=\"worign\">\r\n           <button type=\"button\" style=\"min-width:200px;background:#81ea00;color:#000;font-weight: 600;border: 1px solid #dddddd;border-radius:4px;font-size:12px;padding: 6px 0;\" class=\"uqr_code_btn\">Download QR<\/button>\r\n           <\/a><\/div><\/div><\/div><\/div>","protected":false},"excerpt":{"rendered":"<p>Bajando de Cruz de la Conocchia llegas al Cuartel Forestale ubicado cerca de Agerola. El descenso es un poco empinado entre rocas y escalones y con una vista impresionante llena de hermosas flores silvestres, vegetaci\u00f3n baja y rocas. La vista se asombra al ver la isla de Li Galli, Positano y toda la pen\u00ednsula de&hellip;&nbsp;<a href=\"https:\/\/www.altaviadeimontilattari.it\/es\/12-cuartel-forestal-767-m\/\" rel=\"bookmark\">Read More &raquo;<span class=\"screen-reader-text\">12. Cuartel Forestal (767 m)<\/span><\/a><\/p>\n","protected":false},"author":3,"featured_media":5042,"comment_status":"open","ping_status":"closed","sticky":false,"template":"","format":"standard","meta":{"neve_meta_sidebar":"","neve_meta_container":"","neve_meta_enable_content_width":"","neve_meta_content_width":0,"neve_meta_title_alignment":"","neve_meta_author_avatar":"","neve_post_elements_order":"","neve_meta_disable_header":"","neve_meta_disable_footer":"","neve_meta_disable_title":"","neve_meta_reading_time":"","_themeisle_gutenberg_block_has_review":false,"jetpack_post_was_ever_published":false,"_jetpack_newsletter_access":"","_jetpack_dont_email_post_to_subs":false,"_jetpack_newsletter_tier_id":0,"_jetpack_memberships_contains_paywalled_content":false,"_jetpack_memberships_contains_paid_content":false,"footnotes":""},"categories":[270],"tags":[],"class_list":["post-6526","post","type-post","status-publish","format-standard","has-post-thumbnail","hentry","category-recorrido-por-la-alta-via-dei-monti-lattari"],"yoast_head":"<!-- This site is optimized with the Yoast SEO plugin v27.4 - https:\/\/yoast.com\/product\/yoast-seo-wordpress\/ -->\n<title>12. Cuartel Forestal (767 m) - Alta Via dei Monti Lattari<\/title>\n<meta name=\"description\" content=\"Cuartel forestal ubicado cerca de Agerola. La vista se asombra al ver la isla de Li Galli, Positano y toda la pen\u00ednsula de Sorrento.\" \/>\n<meta name=\"robots\" content=\"index, follow, max-snippet:-1, max-image-preview:large, max-video-preview:-1\" \/>\n<link rel=\"canonical\" href=\"https:\/\/www.altaviadeimontilattari.it\/es\/12-cuartel-forestal-767-m\/\" \/>\n<meta property=\"og:locale\" content=\"es_ES\" \/>\n<meta property=\"og:type\" content=\"article\" \/>\n<meta property=\"og:title\" content=\"12. Cuartel Forestal (767 m) - Alta Via dei Monti Lattari\" \/>\n<meta property=\"og:description\" content=\"Cuartel forestal ubicado cerca de Agerola. La vista se asombra al ver la isla de Li Galli, Positano y toda la pen\u00ednsula de Sorrento.\" \/>\n<meta property=\"og:url\" content=\"https:\/\/www.altaviadeimontilattari.it\/es\/12-cuartel-forestal-767-m\/\" \/>\n<meta property=\"og:site_name\" content=\"Alta Via dei Monti Lattari\" \/>\n<meta property=\"article:published_time\" content=\"2020-11-20T22:05:56+00:00\" \/>\n<meta property=\"article:modified_time\" content=\"2022-07-09T12:30:22+00:00\" \/>\n<meta property=\"og:image\" content=\"https:\/\/www.altaviadeimontilattari.it\/wp-content\/uploads\/2020\/11\/caserma_forestale_1024.jpg\" \/>\n\t<meta property=\"og:image:width\" content=\"1024\" \/>\n\t<meta property=\"og:image:height\" content=\"1024\" \/>\n\t<meta property=\"og:image:type\" content=\"image\/jpeg\" \/>\n<meta name=\"author\" content=\"Turismo.Ricercattiva\" \/>\n<meta name=\"twitter:card\" content=\"summary_large_image\" \/>\n<meta name=\"twitter:label1\" content=\"Escrito por\" \/>\n\t<meta name=\"twitter:data1\" content=\"Turismo.Ricercattiva\" \/>\n\t<meta name=\"twitter:label2\" content=\"Tiempo de lectura\" \/>\n\t<meta name=\"twitter:data2\" content=\"1 minuto\" \/>\n<script type=\"application\/ld+json\" class=\"yoast-schema-graph\">{\"@context\":\"https:\\\/\\\/schema.org\",\"@graph\":[{\"@type\":\"Article\",\"@id\":\"https:\\\/\\\/www.altaviadeimontilattari.it\\\/es\\\/12-cuartel-forestal-767-m\\\/#article\",\"isPartOf\":{\"@id\":\"https:\\\/\\\/www.altaviadeimontilattari.it\\\/es\\\/12-cuartel-forestal-767-m\\\/\"},\"author\":{\"name\":\"Turismo.Ricercattiva\",\"@id\":\"https:\\\/\\\/www.altaviadeimontilattari.it\\\/#\\\/schema\\\/person\\\/47c8033a7c6005363bf26047c156ed2c\"},\"headline\":\"12. Cuartel Forestal (767 m)\",\"datePublished\":\"2020-11-20T22:05:56+00:00\",\"dateModified\":\"2022-07-09T12:30:22+00:00\",\"mainEntityOfPage\":{\"@id\":\"https:\\\/\\\/www.altaviadeimontilattari.it\\\/es\\\/12-cuartel-forestal-767-m\\\/\"},\"wordCount\":125,\"commentCount\":0,\"publisher\":{\"@id\":\"https:\\\/\\\/www.altaviadeimontilattari.it\\\/#organization\"},\"image\":{\"@id\":\"https:\\\/\\\/www.altaviadeimontilattari.it\\\/es\\\/12-cuartel-forestal-767-m\\\/#primaryimage\"},\"thumbnailUrl\":\"https:\\\/\\\/i0.wp.com\\\/www.altaviadeimontilattari.it\\\/wp-content\\\/uploads\\\/2020\\\/11\\\/caserma_forestale_1024.jpg?fit=1024%2C1024&ssl=1\",\"articleSection\":[\"Recorrido por la Alta Via dei Monti Lattari\"],\"inLanguage\":\"es\",\"potentialAction\":[{\"@type\":\"CommentAction\",\"name\":\"Comment\",\"target\":[\"https:\\\/\\\/www.altaviadeimontilattari.it\\\/es\\\/12-cuartel-forestal-767-m\\\/#respond\"]}]},{\"@type\":\"WebPage\",\"@id\":\"https:\\\/\\\/www.altaviadeimontilattari.it\\\/es\\\/12-cuartel-forestal-767-m\\\/\",\"url\":\"https:\\\/\\\/www.altaviadeimontilattari.it\\\/es\\\/12-cuartel-forestal-767-m\\\/\",\"name\":\"12. Cuartel Forestal (767 m) - Alta Via dei Monti Lattari\",\"isPartOf\":{\"@id\":\"https:\\\/\\\/www.altaviadeimontilattari.it\\\/#website\"},\"primaryImageOfPage\":{\"@id\":\"https:\\\/\\\/www.altaviadeimontilattari.it\\\/es\\\/12-cuartel-forestal-767-m\\\/#primaryimage\"},\"image\":{\"@id\":\"https:\\\/\\\/www.altaviadeimontilattari.it\\\/es\\\/12-cuartel-forestal-767-m\\\/#primaryimage\"},\"thumbnailUrl\":\"https:\\\/\\\/i0.wp.com\\\/www.altaviadeimontilattari.it\\\/wp-content\\\/uploads\\\/2020\\\/11\\\/caserma_forestale_1024.jpg?fit=1024%2C1024&ssl=1\",\"datePublished\":\"2020-11-20T22:05:56+00:00\",\"dateModified\":\"2022-07-09T12:30:22+00:00\",\"description\":\"Cuartel forestal ubicado cerca de Agerola. La vista se asombra al ver la isla de Li Galli, Positano y toda la pen\u00ednsula de Sorrento.\",\"breadcrumb\":{\"@id\":\"https:\\\/\\\/www.altaviadeimontilattari.it\\\/es\\\/12-cuartel-forestal-767-m\\\/#breadcrumb\"},\"inLanguage\":\"es\",\"potentialAction\":[{\"@type\":\"ReadAction\",\"target\":[\"https:\\\/\\\/www.altaviadeimontilattari.it\\\/es\\\/12-cuartel-forestal-767-m\\\/\"]}]},{\"@type\":\"ImageObject\",\"inLanguage\":\"es\",\"@id\":\"https:\\\/\\\/www.altaviadeimontilattari.it\\\/es\\\/12-cuartel-forestal-767-m\\\/#primaryimage\",\"url\":\"https:\\\/\\\/i0.wp.com\\\/www.altaviadeimontilattari.it\\\/wp-content\\\/uploads\\\/2020\\\/11\\\/caserma_forestale_1024.jpg?fit=1024%2C1024&ssl=1\",\"contentUrl\":\"https:\\\/\\\/i0.wp.com\\\/www.altaviadeimontilattari.it\\\/wp-content\\\/uploads\\\/2020\\\/11\\\/caserma_forestale_1024.jpg?fit=1024%2C1024&ssl=1\",\"width\":1024,\"height\":1024},{\"@type\":\"BreadcrumbList\",\"@id\":\"https:\\\/\\\/www.altaviadeimontilattari.it\\\/es\\\/12-cuartel-forestal-767-m\\\/#breadcrumb\",\"itemListElement\":[{\"@type\":\"ListItem\",\"position\":1,\"name\":\"Home\",\"item\":\"https:\\\/\\\/www.altaviadeimontilattari.it\\\/es\\\/\"},{\"@type\":\"ListItem\",\"position\":2,\"name\":\"12. Cuartel Forestal (767 m)\"}]},{\"@type\":\"WebSite\",\"@id\":\"https:\\\/\\\/www.altaviadeimontilattari.it\\\/#website\",\"url\":\"https:\\\/\\\/www.altaviadeimontilattari.it\\\/\",\"name\":\"Alta Via dei Monti Lattari\",\"description\":\"La montagna \u00e8 un modo di vivere la vita.\",\"publisher\":{\"@id\":\"https:\\\/\\\/www.altaviadeimontilattari.it\\\/#organization\"},\"potentialAction\":[{\"@type\":\"SearchAction\",\"target\":{\"@type\":\"EntryPoint\",\"urlTemplate\":\"https:\\\/\\\/www.altaviadeimontilattari.it\\\/?s={search_term_string}\"},\"query-input\":{\"@type\":\"PropertyValueSpecification\",\"valueRequired\":true,\"valueName\":\"search_term_string\"}}],\"inLanguage\":\"es\"},{\"@type\":\"Organization\",\"@id\":\"https:\\\/\\\/www.altaviadeimontilattari.it\\\/#organization\",\"name\":\"Alta Via dei Monti Lattari\",\"url\":\"https:\\\/\\\/www.altaviadeimontilattari.it\\\/\",\"logo\":{\"@type\":\"ImageObject\",\"inLanguage\":\"es\",\"@id\":\"https:\\\/\\\/www.altaviadeimontilattari.it\\\/#\\\/schema\\\/logo\\\/image\\\/\",\"url\":\"https:\\\/\\\/i0.wp.com\\\/www.altaviadeimontilattari.it\\\/wp-content\\\/uploads\\\/2020\\\/12\\\/alta_via_monyi_lattari_logo.png?fit=325%2C100&ssl=1\",\"contentUrl\":\"https:\\\/\\\/i0.wp.com\\\/www.altaviadeimontilattari.it\\\/wp-content\\\/uploads\\\/2020\\\/12\\\/alta_via_monyi_lattari_logo.png?fit=325%2C100&ssl=1\",\"width\":325,\"height\":100,\"caption\":\"Alta Via dei Monti Lattari\"},\"image\":{\"@id\":\"https:\\\/\\\/www.altaviadeimontilattari.it\\\/#\\\/schema\\\/logo\\\/image\\\/\"}},{\"@type\":\"Person\",\"@id\":\"https:\\\/\\\/www.altaviadeimontilattari.it\\\/#\\\/schema\\\/person\\\/47c8033a7c6005363bf26047c156ed2c\",\"name\":\"Turismo.Ricercattiva\",\"image\":{\"@type\":\"ImageObject\",\"inLanguage\":\"es\",\"@id\":\"https:\\\/\\\/secure.gravatar.com\\\/avatar\\\/da245a1cae9c81db24d2b96301301cb5f0847cd0f266ee5b9deb95611bf13d92?s=96&d=mm&r=g\",\"url\":\"https:\\\/\\\/secure.gravatar.com\\\/avatar\\\/da245a1cae9c81db24d2b96301301cb5f0847cd0f266ee5b9deb95611bf13d92?s=96&d=mm&r=g\",\"contentUrl\":\"https:\\\/\\\/secure.gravatar.com\\\/avatar\\\/da245a1cae9c81db24d2b96301301cb5f0847cd0f266ee5b9deb95611bf13d92?s=96&d=mm&r=g\",\"caption\":\"Turismo.Ricercattiva\"},\"sameAs\":[\"http:\\\/\\\/turismo.ricercattiva.it\"],\"url\":\"https:\\\/\\\/www.altaviadeimontilattari.it\\\/es\\\/author\\\/turismo-ricercattiva\\\/\"}]}<\/script>\n<!-- \/ Yoast SEO plugin. -->","yoast_head_json":{"title":"12. Cuartel Forestal (767 m) - Alta Via dei Monti Lattari","description":"Cuartel forestal ubicado cerca de Agerola. La vista se asombra al ver la isla de Li Galli, Positano y toda la pen\u00ednsula de Sorrento.","robots":{"index":"index","follow":"follow","max-snippet":"max-snippet:-1","max-image-preview":"max-image-preview:large","max-video-preview":"max-video-preview:-1"},"canonical":"https:\/\/www.altaviadeimontilattari.it\/es\/12-cuartel-forestal-767-m\/","og_locale":"es_ES","og_type":"article","og_title":"12. Cuartel Forestal (767 m) - Alta Via dei Monti Lattari","og_description":"Cuartel forestal ubicado cerca de Agerola. La vista se asombra al ver la isla de Li Galli, Positano y toda la pen\u00ednsula de Sorrento.","og_url":"https:\/\/www.altaviadeimontilattari.it\/es\/12-cuartel-forestal-767-m\/","og_site_name":"Alta Via dei Monti Lattari","article_published_time":"2020-11-20T22:05:56+00:00","article_modified_time":"2022-07-09T12:30:22+00:00","og_image":[{"width":1024,"height":1024,"url":"https:\/\/www.altaviadeimontilattari.it\/wp-content\/uploads\/2020\/11\/caserma_forestale_1024.jpg","type":"image\/jpeg"}],"author":"Turismo.Ricercattiva","twitter_card":"summary_large_image","twitter_misc":{"Escrito por":"Turismo.Ricercattiva","Tiempo de lectura":"1 minuto"},"schema":{"@context":"https:\/\/schema.org","@graph":[{"@type":"Article","@id":"https:\/\/www.altaviadeimontilattari.it\/es\/12-cuartel-forestal-767-m\/#article","isPartOf":{"@id":"https:\/\/www.altaviadeimontilattari.it\/es\/12-cuartel-forestal-767-m\/"},"author":{"name":"Turismo.Ricercattiva","@id":"https:\/\/www.altaviadeimontilattari.it\/#\/schema\/person\/47c8033a7c6005363bf26047c156ed2c"},"headline":"12. Cuartel Forestal (767 m)","datePublished":"2020-11-20T22:05:56+00:00","dateModified":"2022-07-09T12:30:22+00:00","mainEntityOfPage":{"@id":"https:\/\/www.altaviadeimontilattari.it\/es\/12-cuartel-forestal-767-m\/"},"wordCount":125,"commentCount":0,"publisher":{"@id":"https:\/\/www.altaviadeimontilattari.it\/#organization"},"image":{"@id":"https:\/\/www.altaviadeimontilattari.it\/es\/12-cuartel-forestal-767-m\/#primaryimage"},"thumbnailUrl":"https:\/\/i0.wp.com\/www.altaviadeimontilattari.it\/wp-content\/uploads\/2020\/11\/caserma_forestale_1024.jpg?fit=1024%2C1024&ssl=1","articleSection":["Recorrido por la Alta Via dei Monti Lattari"],"inLanguage":"es","potentialAction":[{"@type":"CommentAction","name":"Comment","target":["https:\/\/www.altaviadeimontilattari.it\/es\/12-cuartel-forestal-767-m\/#respond"]}]},{"@type":"WebPage","@id":"https:\/\/www.altaviadeimontilattari.it\/es\/12-cuartel-forestal-767-m\/","url":"https:\/\/www.altaviadeimontilattari.it\/es\/12-cuartel-forestal-767-m\/","name":"12. Cuartel Forestal (767 m) - Alta Via dei Monti Lattari","isPartOf":{"@id":"https:\/\/www.altaviadeimontilattari.it\/#website"},"primaryImageOfPage":{"@id":"https:\/\/www.altaviadeimontilattari.it\/es\/12-cuartel-forestal-767-m\/#primaryimage"},"image":{"@id":"https:\/\/www.altaviadeimontilattari.it\/es\/12-cuartel-forestal-767-m\/#primaryimage"},"thumbnailUrl":"https:\/\/i0.wp.com\/www.altaviadeimontilattari.it\/wp-content\/uploads\/2020\/11\/caserma_forestale_1024.jpg?fit=1024%2C1024&ssl=1","datePublished":"2020-11-20T22:05:56+00:00","dateModified":"2022-07-09T12:30:22+00:00","description":"Cuartel forestal ubicado cerca de Agerola. La vista se asombra al ver la isla de Li Galli, Positano y toda la pen\u00ednsula de Sorrento.","breadcrumb":{"@id":"https:\/\/www.altaviadeimontilattari.it\/es\/12-cuartel-forestal-767-m\/#breadcrumb"},"inLanguage":"es","potentialAction":[{"@type":"ReadAction","target":["https:\/\/www.altaviadeimontilattari.it\/es\/12-cuartel-forestal-767-m\/"]}]},{"@type":"ImageObject","inLanguage":"es","@id":"https:\/\/www.altaviadeimontilattari.it\/es\/12-cuartel-forestal-767-m\/#primaryimage","url":"https:\/\/i0.wp.com\/www.altaviadeimontilattari.it\/wp-content\/uploads\/2020\/11\/caserma_forestale_1024.jpg?fit=1024%2C1024&ssl=1","contentUrl":"https:\/\/i0.wp.com\/www.altaviadeimontilattari.it\/wp-content\/uploads\/2020\/11\/caserma_forestale_1024.jpg?fit=1024%2C1024&ssl=1","width":1024,"height":1024},{"@type":"BreadcrumbList","@id":"https:\/\/www.altaviadeimontilattari.it\/es\/12-cuartel-forestal-767-m\/#breadcrumb","itemListElement":[{"@type":"ListItem","position":1,"name":"Home","item":"https:\/\/www.altaviadeimontilattari.it\/es\/"},{"@type":"ListItem","position":2,"name":"12. Cuartel Forestal (767 m)"}]},{"@type":"WebSite","@id":"https:\/\/www.altaviadeimontilattari.it\/#website","url":"https:\/\/www.altaviadeimontilattari.it\/","name":"Alta Via dei Monti Lattari","description":"La montagna \u00e8 un modo di vivere la vita.","publisher":{"@id":"https:\/\/www.altaviadeimontilattari.it\/#organization"},"potentialAction":[{"@type":"SearchAction","target":{"@type":"EntryPoint","urlTemplate":"https:\/\/www.altaviadeimontilattari.it\/?s={search_term_string}"},"query-input":{"@type":"PropertyValueSpecification","valueRequired":true,"valueName":"search_term_string"}}],"inLanguage":"es"},{"@type":"Organization","@id":"https:\/\/www.altaviadeimontilattari.it\/#organization","name":"Alta Via dei Monti Lattari","url":"https:\/\/www.altaviadeimontilattari.it\/","logo":{"@type":"ImageObject","inLanguage":"es","@id":"https:\/\/www.altaviadeimontilattari.it\/#\/schema\/logo\/image\/","url":"https:\/\/i0.wp.com\/www.altaviadeimontilattari.it\/wp-content\/uploads\/2020\/12\/alta_via_monyi_lattari_logo.png?fit=325%2C100&ssl=1","contentUrl":"https:\/\/i0.wp.com\/www.altaviadeimontilattari.it\/wp-content\/uploads\/2020\/12\/alta_via_monyi_lattari_logo.png?fit=325%2C100&ssl=1","width":325,"height":100,"caption":"Alta Via dei Monti Lattari"},"image":{"@id":"https:\/\/www.altaviadeimontilattari.it\/#\/schema\/logo\/image\/"}},{"@type":"Person","@id":"https:\/\/www.altaviadeimontilattari.it\/#\/schema\/person\/47c8033a7c6005363bf26047c156ed2c","name":"Turismo.Ricercattiva","image":{"@type":"ImageObject","inLanguage":"es","@id":"https:\/\/secure.gravatar.com\/avatar\/da245a1cae9c81db24d2b96301301cb5f0847cd0f266ee5b9deb95611bf13d92?s=96&d=mm&r=g","url":"https:\/\/secure.gravatar.com\/avatar\/da245a1cae9c81db24d2b96301301cb5f0847cd0f266ee5b9deb95611bf13d92?s=96&d=mm&r=g","contentUrl":"https:\/\/secure.gravatar.com\/avatar\/da245a1cae9c81db24d2b96301301cb5f0847cd0f266ee5b9deb95611bf13d92?s=96&d=mm&r=g","caption":"Turismo.Ricercattiva"},"sameAs":["http:\/\/turismo.ricercattiva.it"],"url":"https:\/\/www.altaviadeimontilattari.it\/es\/author\/turismo-ricercattiva\/"}]}},"jetpack_featured_media_url":"https:\/\/i0.wp.com\/www.altaviadeimontilattari.it\/wp-content\/uploads\/2020\/11\/caserma_forestale_1024.jpg?fit=1024%2C1024&ssl=1","jetpack-related-posts":[{"id":6510,"url":"https:\/\/www.altaviadeimontilattari.it\/es\/14-monte-comuna-877-m\/","url_meta":{"origin":6526,"position":0},"title":"14. Monte Comuna (877 m)","author":"Turismo.Ricercattiva","date":"20 de noviembre de 2020","format":false,"excerpt":"A lo largo de la Alta via dei Monti Lattari desde el Cuartel de la Silvicultura primero llegas al pueblo de Santa Maria al Castello y luego hacia Monte Comune pasando por el Paso Preazzano. El pueblo de Santa Maria al Castello es una parada estrat\u00e9gica a lo largo de\u2026","rel":"","context":"En \u00abRecorrido por la Alta Via dei Monti Lattari\u00bb","block_context":{"text":"Recorrido por la Alta Via dei Monti Lattari","link":"https:\/\/www.altaviadeimontilattari.it\/es\/category\/recorrido-por-la-alta-via-dei-monti-lattari\/"},"img":{"alt_text":"","src":"https:\/\/i0.wp.com\/www.altaviadeimontilattari.it\/wp-content\/uploads\/2020\/11\/monte-comune.jpg?fit=1024%2C1024&ssl=1&resize=350%2C200","width":350,"height":200,"srcset":"https:\/\/i0.wp.com\/www.altaviadeimontilattari.it\/wp-content\/uploads\/2020\/11\/monte-comune.jpg?fit=1024%2C1024&ssl=1&resize=350%2C200 1x, https:\/\/i0.wp.com\/www.altaviadeimontilattari.it\/wp-content\/uploads\/2020\/11\/monte-comune.jpg?fit=1024%2C1024&ssl=1&resize=525%2C300 1.5x, https:\/\/i0.wp.com\/www.altaviadeimontilattari.it\/wp-content\/uploads\/2020\/11\/monte-comune.jpg?fit=1024%2C1024&ssl=1&resize=700%2C400 2x"},"classes":[]},{"id":6174,"url":"https:\/\/www.altaviadeimontilattari.it\/es\/19-camino-de-los-dioses\/","url_meta":{"origin":6526,"position":1},"title":"19. Camino de los Dioses","author":"","date":"17 de febrero de 2022","format":false,"excerpt":"de Bomerano (Agerola) a Nocelle (Positano) Duraci\u00f3n: 5,3 km Tiempo de viaje: 6h 30' Ruta - Caminata bastante larga con poco desnivel. Sin dificultades particulares. Aproximaci\u00f3n - Salida desde Bomerano, pedan\u00eda de Agerola. Accesible desde el cruce de la SS Amalfi Coast cerca de Amalfi o desde Castellammare. Log\u00edstica -\u2026","rel":"","context":"En \u00abCaminos\u00bb","block_context":{"text":"Caminos","link":"https:\/\/www.altaviadeimontilattari.it\/es\/category\/caminos\/"},"img":{"alt_text":"","src":"https:\/\/i0.wp.com\/www.altaviadeimontilattari.it\/wp-content\/uploads\/2022\/03\/IMG_36581.jpg?resize=350%2C200&ssl=1","width":350,"height":200,"srcset":"https:\/\/i0.wp.com\/www.altaviadeimontilattari.it\/wp-content\/uploads\/2022\/03\/IMG_36581.jpg?resize=350%2C200&ssl=1 1x, https:\/\/i0.wp.com\/www.altaviadeimontilattari.it\/wp-content\/uploads\/2022\/03\/IMG_36581.jpg?resize=525%2C300&ssl=1 1.5x, https:\/\/i0.wp.com\/www.altaviadeimontilattari.it\/wp-content\/uploads\/2022\/03\/IMG_36581.jpg?resize=700%2C400&ssl=1 2x, https:\/\/i0.wp.com\/www.altaviadeimontilattari.it\/wp-content\/uploads\/2022\/03\/IMG_36581.jpg?resize=1050%2C600&ssl=1 3x, https:\/\/i0.wp.com\/www.altaviadeimontilattari.it\/wp-content\/uploads\/2022\/03\/IMG_36581.jpg?resize=1400%2C800&ssl=1 4x"},"classes":[]},{"id":6470,"url":"https:\/\/www.altaviadeimontilattari.it\/es\/19-monte-san-costanzo-490-m\/","url_meta":{"origin":6526,"position":2},"title":"19. Monte San Costanzo (490 m)","author":"Turismo.Ricercattiva","date":"20 de noviembre de 2020","format":false,"excerpt":"Salimos de la playa de Recommone y seguimos hacia el \u00faltimo tramo de la Alta V\u00eda dei Monti Lattari. Desde el nivel del mar, desde la playa Marina del Cantone , iniciamos la subida hacia el Monte San Costanzo a 490m del mar. Seguimos Via Cantone que nos lleva desde\u2026","rel":"","context":"En \u00abRecorrido por la Alta Via dei Monti Lattari\u00bb","block_context":{"text":"Recorrido por la Alta Via dei Monti Lattari","link":"https:\/\/www.altaviadeimontilattari.it\/es\/category\/recorrido-por-la-alta-via-dei-monti-lattari\/"},"img":{"alt_text":"","src":"https:\/\/i0.wp.com\/www.altaviadeimontilattari.it\/wp-content\/uploads\/2020\/11\/IMG_20200607_162155.jpg?fit=1200%2C1200&ssl=1&resize=350%2C200","width":350,"height":200,"srcset":"https:\/\/i0.wp.com\/www.altaviadeimontilattari.it\/wp-content\/uploads\/2020\/11\/IMG_20200607_162155.jpg?fit=1200%2C1200&ssl=1&resize=350%2C200 1x, https:\/\/i0.wp.com\/www.altaviadeimontilattari.it\/wp-content\/uploads\/2020\/11\/IMG_20200607_162155.jpg?fit=1200%2C1200&ssl=1&resize=525%2C300 1.5x, https:\/\/i0.wp.com\/www.altaviadeimontilattari.it\/wp-content\/uploads\/2020\/11\/IMG_20200607_162155.jpg?fit=1200%2C1200&ssl=1&resize=700%2C400 2x, https:\/\/i0.wp.com\/www.altaviadeimontilattari.it\/wp-content\/uploads\/2020\/11\/IMG_20200607_162155.jpg?fit=1200%2C1200&ssl=1&resize=1050%2C600 3x"},"classes":[]},{"id":6518,"url":"https:\/\/www.altaviadeimontilattari.it\/es\/13-el-pueblo-de-santa-maria-al-castello-670m\/","url_meta":{"origin":6526,"position":3},"title":"13. El pueblo de Santa Maria al Castello (670m)","author":"Turismo.Ricercattiva","date":"20 de noviembre de 2020","format":false,"excerpt":"Desde la ascensi\u00f3n desde Monte Faito , Conocchia y el Molare a lo largo de su lado sur se llega a la silla antes de Monte Comune donde se encuentra el peque\u00f1o pueblo de Santa Maria al Castello , fracci\u00f3n de Vico Equense , a 670 metros sobre el nivel\u2026","rel":"","context":"En \u00abRecorrido por la Alta Via dei Monti Lattari\u00bb","block_context":{"text":"Recorrido por la Alta Via dei Monti Lattari","link":"https:\/\/www.altaviadeimontilattari.it\/es\/category\/recorrido-por-la-alta-via-dei-monti-lattari\/"},"img":{"alt_text":"","src":"https:\/\/i0.wp.com\/www.altaviadeimontilattari.it\/wp-content\/uploads\/2021\/05\/santa-maria-al-castello_3.jpg?fit=1024%2C1024&ssl=1&resize=350%2C200","width":350,"height":200,"srcset":"https:\/\/i0.wp.com\/www.altaviadeimontilattari.it\/wp-content\/uploads\/2021\/05\/santa-maria-al-castello_3.jpg?fit=1024%2C1024&ssl=1&resize=350%2C200 1x, https:\/\/i0.wp.com\/www.altaviadeimontilattari.it\/wp-content\/uploads\/2021\/05\/santa-maria-al-castello_3.jpg?fit=1024%2C1024&ssl=1&resize=525%2C300 1.5x, https:\/\/i0.wp.com\/www.altaviadeimontilattari.it\/wp-content\/uploads\/2021\/05\/santa-maria-al-castello_3.jpg?fit=1024%2C1024&ssl=1&resize=700%2C400 2x"},"classes":[]},{"id":6158,"url":"https:\/\/www.altaviadeimontilattari.it\/es\/21-montepertuso-valle-del-pozzo\/","url_meta":{"origin":6526,"position":4},"title":"21. Montepertuso &#8211; Valle del Pozzo","author":"","date":"18 de febrero de 2022","format":false,"excerpt":"Montepertuso - Cuartel Forestal - Madonna de Castello - Valle del Pozzo - Montepertuso Duraci\u00f3n: 6,2 km Tiempo de viaje: 4h 30' Ruta - M\u00e1s compleja en la parte que baja de Santa Maria del Castello por el Valle del Pozzo. El camino se reduce a menudo a una pista\u2026","rel":"","context":"En \u00abCaminos\u00bb","block_context":{"text":"Caminos","link":"https:\/\/www.altaviadeimontilattari.it\/es\/category\/caminos\/"},"img":{"alt_text":"","src":"https:\/\/i0.wp.com\/www.altaviadeimontilattari.it\/wp-content\/uploads\/2022\/03\/IMG_36601.jpg?resize=350%2C200&ssl=1","width":350,"height":200,"srcset":"https:\/\/i0.wp.com\/www.altaviadeimontilattari.it\/wp-content\/uploads\/2022\/03\/IMG_36601.jpg?resize=350%2C200&ssl=1 1x, https:\/\/i0.wp.com\/www.altaviadeimontilattari.it\/wp-content\/uploads\/2022\/03\/IMG_36601.jpg?resize=525%2C300&ssl=1 1.5x, https:\/\/i0.wp.com\/www.altaviadeimontilattari.it\/wp-content\/uploads\/2022\/03\/IMG_36601.jpg?resize=700%2C400&ssl=1 2x, https:\/\/i0.wp.com\/www.altaviadeimontilattari.it\/wp-content\/uploads\/2022\/03\/IMG_36601.jpg?resize=1050%2C600&ssl=1 3x, https:\/\/i0.wp.com\/www.altaviadeimontilattari.it\/wp-content\/uploads\/2022\/03\/IMG_36601.jpg?resize=1400%2C800&ssl=1 4x"},"classes":[]},{"id":6408,"url":"https:\/\/www.altaviadeimontilattari.it\/es\/3-desde-cetara-en-el-monti-del-demanio\/","url_meta":{"origin":6526,"position":5},"title":"3. Desde Cetara en el Monti del Demanio","author":"","date":"4 de febrero de 2022","format":false,"excerpt":"Pasando por el Monte Falerio - Capella Vecchia - Santuario de la Avvocata - Vallone San Nicola - Piano di Viesto Duraci\u00f3n: 10,0 km Tiempo de viaje: 6h 30' Ruta - Caminata bastante larga con un desnivel de 900 metros. M\u00e1s adecuado para el senderista habitual y entrenado.\r Aproximaci\u00f3n -\u2026","rel":"","context":"En \u00abCaminos\u00bb","block_context":{"text":"Caminos","link":"https:\/\/www.altaviadeimontilattari.it\/es\/category\/caminos\/"},"img":{"alt_text":"","src":"https:\/\/i0.wp.com\/www.altaviadeimontilattari.it\/wp-content\/uploads\/2022\/03\/IMG_36421-scaled.jpg?resize=350%2C200&ssl=1","width":350,"height":200,"srcset":"https:\/\/i0.wp.com\/www.altaviadeimontilattari.it\/wp-content\/uploads\/2022\/03\/IMG_36421-scaled.jpg?resize=350%2C200&ssl=1 1x, https:\/\/i0.wp.com\/www.altaviadeimontilattari.it\/wp-content\/uploads\/2022\/03\/IMG_36421-scaled.jpg?resize=525%2C300&ssl=1 1.5x, https:\/\/i0.wp.com\/www.altaviadeimontilattari.it\/wp-content\/uploads\/2022\/03\/IMG_36421-scaled.jpg?resize=700%2C400&ssl=1 2x, https:\/\/i0.wp.com\/www.altaviadeimontilattari.it\/wp-content\/uploads\/2022\/03\/IMG_36421-scaled.jpg?resize=1050%2C600&ssl=1 3x, https:\/\/i0.wp.com\/www.altaviadeimontilattari.it\/wp-content\/uploads\/2022\/03\/IMG_36421-scaled.jpg?resize=1400%2C800&ssl=1 4x"},"classes":[]}],"jetpack_shortlink":"https:\/\/wp.me\/pcGNaV-1Hg","jetpack_sharing_enabled":true,"_links":{"self":[{"href":"https:\/\/www.altaviadeimontilattari.it\/es\/wp-json\/wp\/v2\/posts\/6526","targetHints":{"allow":["GET"]}}],"collection":[{"href":"https:\/\/www.altaviadeimontilattari.it\/es\/wp-json\/wp\/v2\/posts"}],"about":[{"href":"https:\/\/www.altaviadeimontilattari.it\/es\/wp-json\/wp\/v2\/types\/post"}],"author":[{"embeddable":true,"href":"https:\/\/www.altaviadeimontilattari.it\/es\/wp-json\/wp\/v2\/users\/3"}],"replies":[{"embeddable":true,"href":"https:\/\/www.altaviadeimontilattari.it\/es\/wp-json\/wp\/v2\/comments?post=6526"}],"version-history":[{"count":1,"href":"https:\/\/www.altaviadeimontilattari.it\/es\/wp-json\/wp\/v2\/posts\/6526\/revisions"}],"predecessor-version":[{"id":6527,"href":"https:\/\/www.altaviadeimontilattari.it\/es\/wp-json\/wp\/v2\/posts\/6526\/revisions\/6527"}],"wp:featuredmedia":[{"embeddable":true,"href":"https:\/\/www.altaviadeimontilattari.it\/es\/wp-json\/wp\/v2\/media\/5042"}],"wp:attachment":[{"href":"https:\/\/www.altaviadeimontilattari.it\/es\/wp-json\/wp\/v2\/media?parent=6526"}],"wp:term":[{"taxonomy":"category","embeddable":true,"href":"https:\/\/www.altaviadeimontilattari.it\/es\/wp-json\/wp\/v2\/categories?post=6526"},{"taxonomy":"post_tag","embeddable":true,"href":"https:\/\/www.altaviadeimontilattari.it\/es\/wp-json\/wp\/v2\/tags?post=6526"}],"curies":[{"name":"wp","href":"https:\/\/api.w.org\/{rel}","templated":true}]}}