{"id":6431,"date":"2020-12-06T15:14:42","date_gmt":"2020-12-06T15:14:42","guid":{"rendered":"https:\/\/www.altaviadeimontilattari.it\/monte-avvocata-e-veduta-sulla-costiera\/"},"modified":"2020-12-06T15:14:42","modified_gmt":"2020-12-06T15:14:42","slug":"monte-avvocata-e-veduta-sulla-costiera","status":"publish","type":"post","link":"https:\/\/www.altaviadeimontilattari.it\/fr\/monte-avvocata-e-veduta-sulla-costiera\/","title":{"rendered":"Monte Avvocata e veduta sulla costiera"},"content":{"rendered":"<div style=\"margin: 20px 0;\"><div class=\"qrcswholewtapper\" style=\"text-align:left;\"><div class=\"qrcprowrapper\"  id=\"qrcwraa2leds\"><div class=\"qrc_canvass\" id=\"qrc_cuttenpages_2\" style=\"display:inline-block\" data-text=\"https:\/\/www.altaviadeimontilattari.it\/fr\/monte-avvocata-e-veduta-sulla-costiera\/\"><\/div><div><a download=\"Monte Avvocata e veduta sulla costiera.png\" class=\"qrcdownloads\" id=\"worign\">\r\n           <button type=\"button\" style=\"min-width:200px;background:#81ea00;color:#000;font-weight: 600;border: 1px solid #dddddd;border-radius:4px;font-size:12px;padding: 6px 0;\" class=\"uqr_code_btn\">Download QR<\/button>\r\n           <\/a><\/div><\/div><\/div><\/div>","protected":false},"excerpt":{"rendered":"<p>Download QR<\/p>\n","protected":false},"author":3,"featured_media":4584,"comment_status":"open","ping_status":"closed","sticky":false,"template":"","format":"standard","meta":{"neve_meta_sidebar":"","neve_meta_container":"","neve_meta_enable_content_width":"","neve_meta_content_width":0,"neve_meta_title_alignment":"","neve_meta_author_avatar":"","neve_post_elements_order":"","neve_meta_disable_header":"","neve_meta_disable_footer":"","neve_meta_disable_title":"","neve_meta_reading_time":"","_themeisle_gutenberg_block_has_review":false,"jetpack_post_was_ever_published":false,"_jetpack_newsletter_access":"","_jetpack_dont_email_post_to_subs":false,"_jetpack_newsletter_tier_id":0,"_jetpack_memberships_contains_paywalled_content":false,"_jetpack_memberships_contains_paid_content":false,"footnotes":""},"categories":[264],"tags":[],"class_list":["post-6431","post","type-post","status-publish","format-standard","has-post-thumbnail","hentry","category-slider-fr"],"yoast_head":"<!-- This site is optimized with the Yoast SEO plugin v27.4 - https:\/\/yoast.com\/product\/yoast-seo-wordpress\/ -->\n<title>Monte Avvocata e veduta sulla costiera - Alta Via dei Monti Lattari<\/title>\n<meta name=\"robots\" content=\"index, follow, max-snippet:-1, max-image-preview:large, max-video-preview:-1\" \/>\n<link rel=\"canonical\" href=\"https:\/\/www.altaviadeimontilattari.it\/monte-avvocata-e-veduta-sulla-costiera\/\" \/>\n<meta property=\"og:locale\" content=\"fr_FR\" \/>\n<meta property=\"og:type\" content=\"article\" \/>\n<meta property=\"og:title\" content=\"Monte Avvocata e veduta sulla costiera - Alta Via dei Monti Lattari\" \/>\n<meta property=\"og:description\" content=\"Download QR\" \/>\n<meta property=\"og:url\" content=\"https:\/\/www.altaviadeimontilattari.it\/monte-avvocata-e-veduta-sulla-costiera\/\" \/>\n<meta property=\"og:site_name\" content=\"Alta Via dei Monti Lattari\" \/>\n<meta property=\"article:published_time\" content=\"2020-12-06T15:14:42+00:00\" \/>\n<meta name=\"author\" content=\"Turismo.Ricercattiva\" \/>\n<meta name=\"twitter:card\" content=\"summary_large_image\" \/>\n<meta name=\"twitter:label1\" content=\"\u00c9crit par\" \/>\n\t<meta name=\"twitter:data1\" content=\"Turismo.Ricercattiva\" \/>\n<script type=\"application\/ld+json\" class=\"yoast-schema-graph\">{\"@context\":\"https:\\\/\\\/schema.org\",\"@graph\":[{\"@type\":\"Article\",\"@id\":\"https:\\\/\\\/www.altaviadeimontilattari.it\\\/monte-avvocata-e-veduta-sulla-costiera\\\/#article\",\"isPartOf\":{\"@id\":\"https:\\\/\\\/www.altaviadeimontilattari.it\\\/monte-avvocata-e-veduta-sulla-costiera\\\/\"},\"author\":{\"name\":\"Turismo.Ricercattiva\",\"@id\":\"https:\\\/\\\/www.altaviadeimontilattari.it\\\/#\\\/schema\\\/person\\\/47c8033a7c6005363bf26047c156ed2c\"},\"headline\":\"Monte Avvocata e veduta sulla costiera\",\"datePublished\":\"2020-12-06T15:14:42+00:00\",\"mainEntityOfPage\":{\"@id\":\"https:\\\/\\\/www.altaviadeimontilattari.it\\\/monte-avvocata-e-veduta-sulla-costiera\\\/\"},\"wordCount\":6,\"commentCount\":0,\"publisher\":{\"@id\":\"https:\\\/\\\/www.altaviadeimontilattari.it\\\/#organization\"},\"image\":{\"@id\":\"https:\\\/\\\/www.altaviadeimontilattari.it\\\/monte-avvocata-e-veduta-sulla-costiera\\\/#primaryimage\"},\"thumbnailUrl\":\"https:\\\/\\\/i0.wp.com\\\/www.altaviadeimontilattari.it\\\/wp-content\\\/uploads\\\/2017\\\/01\\\/monte_avvocata_costiera_amalfitana_2.jpg?fit=1900%2C1000&ssl=1\",\"articleSection\":[\"slider\"],\"inLanguage\":\"fr-FR\",\"potentialAction\":[{\"@type\":\"CommentAction\",\"name\":\"Comment\",\"target\":[\"https:\\\/\\\/www.altaviadeimontilattari.it\\\/monte-avvocata-e-veduta-sulla-costiera\\\/#respond\"]}]},{\"@type\":\"WebPage\",\"@id\":\"https:\\\/\\\/www.altaviadeimontilattari.it\\\/monte-avvocata-e-veduta-sulla-costiera\\\/\",\"url\":\"https:\\\/\\\/www.altaviadeimontilattari.it\\\/monte-avvocata-e-veduta-sulla-costiera\\\/\",\"name\":\"Monte Avvocata e veduta sulla costiera - Alta Via dei Monti Lattari\",\"isPartOf\":{\"@id\":\"https:\\\/\\\/www.altaviadeimontilattari.it\\\/#website\"},\"primaryImageOfPage\":{\"@id\":\"https:\\\/\\\/www.altaviadeimontilattari.it\\\/monte-avvocata-e-veduta-sulla-costiera\\\/#primaryimage\"},\"image\":{\"@id\":\"https:\\\/\\\/www.altaviadeimontilattari.it\\\/monte-avvocata-e-veduta-sulla-costiera\\\/#primaryimage\"},\"thumbnailUrl\":\"https:\\\/\\\/i0.wp.com\\\/www.altaviadeimontilattari.it\\\/wp-content\\\/uploads\\\/2017\\\/01\\\/monte_avvocata_costiera_amalfitana_2.jpg?fit=1900%2C1000&ssl=1\",\"datePublished\":\"2020-12-06T15:14:42+00:00\",\"breadcrumb\":{\"@id\":\"https:\\\/\\\/www.altaviadeimontilattari.it\\\/monte-avvocata-e-veduta-sulla-costiera\\\/#breadcrumb\"},\"inLanguage\":\"fr-FR\",\"potentialAction\":[{\"@type\":\"ReadAction\",\"target\":[\"https:\\\/\\\/www.altaviadeimontilattari.it\\\/monte-avvocata-e-veduta-sulla-costiera\\\/\"]}]},{\"@type\":\"ImageObject\",\"inLanguage\":\"fr-FR\",\"@id\":\"https:\\\/\\\/www.altaviadeimontilattari.it\\\/monte-avvocata-e-veduta-sulla-costiera\\\/#primaryimage\",\"url\":\"https:\\\/\\\/i0.wp.com\\\/www.altaviadeimontilattari.it\\\/wp-content\\\/uploads\\\/2017\\\/01\\\/monte_avvocata_costiera_amalfitana_2.jpg?fit=1900%2C1000&ssl=1\",\"contentUrl\":\"https:\\\/\\\/i0.wp.com\\\/www.altaviadeimontilattari.it\\\/wp-content\\\/uploads\\\/2017\\\/01\\\/monte_avvocata_costiera_amalfitana_2.jpg?fit=1900%2C1000&ssl=1\",\"width\":1900,\"height\":1000},{\"@type\":\"BreadcrumbList\",\"@id\":\"https:\\\/\\\/www.altaviadeimontilattari.it\\\/monte-avvocata-e-veduta-sulla-costiera\\\/#breadcrumb\",\"itemListElement\":[{\"@type\":\"ListItem\",\"position\":1,\"name\":\"Home\",\"item\":\"https:\\\/\\\/www.altaviadeimontilattari.it\\\/es\\\/\"},{\"@type\":\"ListItem\",\"position\":2,\"name\":\"Monte Avvocata e veduta sulla costiera\"}]},{\"@type\":\"WebSite\",\"@id\":\"https:\\\/\\\/www.altaviadeimontilattari.it\\\/#website\",\"url\":\"https:\\\/\\\/www.altaviadeimontilattari.it\\\/\",\"name\":\"Alta Via dei Monti Lattari\",\"description\":\"La montagna \u00e8 un modo di vivere la vita.\",\"publisher\":{\"@id\":\"https:\\\/\\\/www.altaviadeimontilattari.it\\\/#organization\"},\"potentialAction\":[{\"@type\":\"SearchAction\",\"target\":{\"@type\":\"EntryPoint\",\"urlTemplate\":\"https:\\\/\\\/www.altaviadeimontilattari.it\\\/?s={search_term_string}\"},\"query-input\":{\"@type\":\"PropertyValueSpecification\",\"valueRequired\":true,\"valueName\":\"search_term_string\"}}],\"inLanguage\":\"fr-FR\"},{\"@type\":\"Organization\",\"@id\":\"https:\\\/\\\/www.altaviadeimontilattari.it\\\/#organization\",\"name\":\"Alta Via dei Monti Lattari\",\"url\":\"https:\\\/\\\/www.altaviadeimontilattari.it\\\/\",\"logo\":{\"@type\":\"ImageObject\",\"inLanguage\":\"fr-FR\",\"@id\":\"https:\\\/\\\/www.altaviadeimontilattari.it\\\/#\\\/schema\\\/logo\\\/image\\\/\",\"url\":\"https:\\\/\\\/i0.wp.com\\\/www.altaviadeimontilattari.it\\\/wp-content\\\/uploads\\\/2020\\\/12\\\/alta_via_monyi_lattari_logo.png?fit=325%2C100&ssl=1\",\"contentUrl\":\"https:\\\/\\\/i0.wp.com\\\/www.altaviadeimontilattari.it\\\/wp-content\\\/uploads\\\/2020\\\/12\\\/alta_via_monyi_lattari_logo.png?fit=325%2C100&ssl=1\",\"width\":325,\"height\":100,\"caption\":\"Alta Via dei Monti Lattari\"},\"image\":{\"@id\":\"https:\\\/\\\/www.altaviadeimontilattari.it\\\/#\\\/schema\\\/logo\\\/image\\\/\"}},{\"@type\":\"Person\",\"@id\":\"https:\\\/\\\/www.altaviadeimontilattari.it\\\/#\\\/schema\\\/person\\\/47c8033a7c6005363bf26047c156ed2c\",\"name\":\"Turismo.Ricercattiva\",\"image\":{\"@type\":\"ImageObject\",\"inLanguage\":\"fr-FR\",\"@id\":\"https:\\\/\\\/secure.gravatar.com\\\/avatar\\\/da245a1cae9c81db24d2b96301301cb5f0847cd0f266ee5b9deb95611bf13d92?s=96&d=mm&r=g\",\"url\":\"https:\\\/\\\/secure.gravatar.com\\\/avatar\\\/da245a1cae9c81db24d2b96301301cb5f0847cd0f266ee5b9deb95611bf13d92?s=96&d=mm&r=g\",\"contentUrl\":\"https:\\\/\\\/secure.gravatar.com\\\/avatar\\\/da245a1cae9c81db24d2b96301301cb5f0847cd0f266ee5b9deb95611bf13d92?s=96&d=mm&r=g\",\"caption\":\"Turismo.Ricercattiva\"},\"sameAs\":[\"http:\\\/\\\/turismo.ricercattiva.it\"],\"url\":\"https:\\\/\\\/www.altaviadeimontilattari.it\\\/fr\\\/author\\\/turismo-ricercattiva\\\/\"}]}<\/script>\n<!-- \/ Yoast SEO plugin. -->","yoast_head_json":{"title":"Monte Avvocata e veduta sulla costiera - Alta Via dei Monti Lattari","robots":{"index":"index","follow":"follow","max-snippet":"max-snippet:-1","max-image-preview":"max-image-preview:large","max-video-preview":"max-video-preview:-1"},"canonical":"https:\/\/www.altaviadeimontilattari.it\/monte-avvocata-e-veduta-sulla-costiera\/","og_locale":"fr_FR","og_type":"article","og_title":"Monte Avvocata e veduta sulla costiera - Alta Via dei Monti Lattari","og_description":"Download QR","og_url":"https:\/\/www.altaviadeimontilattari.it\/monte-avvocata-e-veduta-sulla-costiera\/","og_site_name":"Alta Via dei Monti Lattari","article_published_time":"2020-12-06T15:14:42+00:00","author":"Turismo.Ricercattiva","twitter_card":"summary_large_image","twitter_misc":{"\u00c9crit par":"Turismo.Ricercattiva"},"schema":{"@context":"https:\/\/schema.org","@graph":[{"@type":"Article","@id":"https:\/\/www.altaviadeimontilattari.it\/monte-avvocata-e-veduta-sulla-costiera\/#article","isPartOf":{"@id":"https:\/\/www.altaviadeimontilattari.it\/monte-avvocata-e-veduta-sulla-costiera\/"},"author":{"name":"Turismo.Ricercattiva","@id":"https:\/\/www.altaviadeimontilattari.it\/#\/schema\/person\/47c8033a7c6005363bf26047c156ed2c"},"headline":"Monte Avvocata e veduta sulla costiera","datePublished":"2020-12-06T15:14:42+00:00","mainEntityOfPage":{"@id":"https:\/\/www.altaviadeimontilattari.it\/monte-avvocata-e-veduta-sulla-costiera\/"},"wordCount":6,"commentCount":0,"publisher":{"@id":"https:\/\/www.altaviadeimontilattari.it\/#organization"},"image":{"@id":"https:\/\/www.altaviadeimontilattari.it\/monte-avvocata-e-veduta-sulla-costiera\/#primaryimage"},"thumbnailUrl":"https:\/\/i0.wp.com\/www.altaviadeimontilattari.it\/wp-content\/uploads\/2017\/01\/monte_avvocata_costiera_amalfitana_2.jpg?fit=1900%2C1000&ssl=1","articleSection":["slider"],"inLanguage":"fr-FR","potentialAction":[{"@type":"CommentAction","name":"Comment","target":["https:\/\/www.altaviadeimontilattari.it\/monte-avvocata-e-veduta-sulla-costiera\/#respond"]}]},{"@type":"WebPage","@id":"https:\/\/www.altaviadeimontilattari.it\/monte-avvocata-e-veduta-sulla-costiera\/","url":"https:\/\/www.altaviadeimontilattari.it\/monte-avvocata-e-veduta-sulla-costiera\/","name":"Monte Avvocata e veduta sulla costiera - Alta Via dei Monti Lattari","isPartOf":{"@id":"https:\/\/www.altaviadeimontilattari.it\/#website"},"primaryImageOfPage":{"@id":"https:\/\/www.altaviadeimontilattari.it\/monte-avvocata-e-veduta-sulla-costiera\/#primaryimage"},"image":{"@id":"https:\/\/www.altaviadeimontilattari.it\/monte-avvocata-e-veduta-sulla-costiera\/#primaryimage"},"thumbnailUrl":"https:\/\/i0.wp.com\/www.altaviadeimontilattari.it\/wp-content\/uploads\/2017\/01\/monte_avvocata_costiera_amalfitana_2.jpg?fit=1900%2C1000&ssl=1","datePublished":"2020-12-06T15:14:42+00:00","breadcrumb":{"@id":"https:\/\/www.altaviadeimontilattari.it\/monte-avvocata-e-veduta-sulla-costiera\/#breadcrumb"},"inLanguage":"fr-FR","potentialAction":[{"@type":"ReadAction","target":["https:\/\/www.altaviadeimontilattari.it\/monte-avvocata-e-veduta-sulla-costiera\/"]}]},{"@type":"ImageObject","inLanguage":"fr-FR","@id":"https:\/\/www.altaviadeimontilattari.it\/monte-avvocata-e-veduta-sulla-costiera\/#primaryimage","url":"https:\/\/i0.wp.com\/www.altaviadeimontilattari.it\/wp-content\/uploads\/2017\/01\/monte_avvocata_costiera_amalfitana_2.jpg?fit=1900%2C1000&ssl=1","contentUrl":"https:\/\/i0.wp.com\/www.altaviadeimontilattari.it\/wp-content\/uploads\/2017\/01\/monte_avvocata_costiera_amalfitana_2.jpg?fit=1900%2C1000&ssl=1","width":1900,"height":1000},{"@type":"BreadcrumbList","@id":"https:\/\/www.altaviadeimontilattari.it\/monte-avvocata-e-veduta-sulla-costiera\/#breadcrumb","itemListElement":[{"@type":"ListItem","position":1,"name":"Home","item":"https:\/\/www.altaviadeimontilattari.it\/es\/"},{"@type":"ListItem","position":2,"name":"Monte Avvocata e veduta sulla costiera"}]},{"@type":"WebSite","@id":"https:\/\/www.altaviadeimontilattari.it\/#website","url":"https:\/\/www.altaviadeimontilattari.it\/","name":"Alta Via dei Monti Lattari","description":"La montagna \u00e8 un modo di vivere la vita.","publisher":{"@id":"https:\/\/www.altaviadeimontilattari.it\/#organization"},"potentialAction":[{"@type":"SearchAction","target":{"@type":"EntryPoint","urlTemplate":"https:\/\/www.altaviadeimontilattari.it\/?s={search_term_string}"},"query-input":{"@type":"PropertyValueSpecification","valueRequired":true,"valueName":"search_term_string"}}],"inLanguage":"fr-FR"},{"@type":"Organization","@id":"https:\/\/www.altaviadeimontilattari.it\/#organization","name":"Alta Via dei Monti Lattari","url":"https:\/\/www.altaviadeimontilattari.it\/","logo":{"@type":"ImageObject","inLanguage":"fr-FR","@id":"https:\/\/www.altaviadeimontilattari.it\/#\/schema\/logo\/image\/","url":"https:\/\/i0.wp.com\/www.altaviadeimontilattari.it\/wp-content\/uploads\/2020\/12\/alta_via_monyi_lattari_logo.png?fit=325%2C100&ssl=1","contentUrl":"https:\/\/i0.wp.com\/www.altaviadeimontilattari.it\/wp-content\/uploads\/2020\/12\/alta_via_monyi_lattari_logo.png?fit=325%2C100&ssl=1","width":325,"height":100,"caption":"Alta Via dei Monti Lattari"},"image":{"@id":"https:\/\/www.altaviadeimontilattari.it\/#\/schema\/logo\/image\/"}},{"@type":"Person","@id":"https:\/\/www.altaviadeimontilattari.it\/#\/schema\/person\/47c8033a7c6005363bf26047c156ed2c","name":"Turismo.Ricercattiva","image":{"@type":"ImageObject","inLanguage":"fr-FR","@id":"https:\/\/secure.gravatar.com\/avatar\/da245a1cae9c81db24d2b96301301cb5f0847cd0f266ee5b9deb95611bf13d92?s=96&d=mm&r=g","url":"https:\/\/secure.gravatar.com\/avatar\/da245a1cae9c81db24d2b96301301cb5f0847cd0f266ee5b9deb95611bf13d92?s=96&d=mm&r=g","contentUrl":"https:\/\/secure.gravatar.com\/avatar\/da245a1cae9c81db24d2b96301301cb5f0847cd0f266ee5b9deb95611bf13d92?s=96&d=mm&r=g","caption":"Turismo.Ricercattiva"},"sameAs":["http:\/\/turismo.ricercattiva.it"],"url":"https:\/\/www.altaviadeimontilattari.it\/fr\/author\/turismo-ricercattiva\/"}]}},"jetpack_featured_media_url":"https:\/\/i0.wp.com\/www.altaviadeimontilattari.it\/wp-content\/uploads\/2017\/01\/monte_avvocata_costiera_amalfitana_2.jpg?fit=1900%2C1000&ssl=1","jetpack-related-posts":[{"id":221,"url":"https:\/\/www.altaviadeimontilattari.it\/monte-avvocata-e-veduta-sulla-costiera\/","url_meta":{"origin":6431,"position":0},"title":"Monte Avvocata e veduta sulla costiera","author":"Turismo.Ricercattiva","date":"6 d\u00e9cembre 2020","format":false,"excerpt":"","rel":"","context":"Dans &quot;slider&quot;","block_context":{"text":"slider","link":"https:\/\/www.altaviadeimontilattari.it\/category\/slider\/"},"img":{"alt_text":"","src":"https:\/\/i0.wp.com\/www.altaviadeimontilattari.it\/wp-content\/uploads\/2017\/01\/monte_avvocata_costiera_amalfitana_2.jpg?fit=1200%2C632&ssl=1&resize=350%2C200","width":350,"height":200,"srcset":"https:\/\/i0.wp.com\/www.altaviadeimontilattari.it\/wp-content\/uploads\/2017\/01\/monte_avvocata_costiera_amalfitana_2.jpg?fit=1200%2C632&ssl=1&resize=350%2C200 1x, https:\/\/i0.wp.com\/www.altaviadeimontilattari.it\/wp-content\/uploads\/2017\/01\/monte_avvocata_costiera_amalfitana_2.jpg?fit=1200%2C632&ssl=1&resize=525%2C300 1.5x, https:\/\/i0.wp.com\/www.altaviadeimontilattari.it\/wp-content\/uploads\/2017\/01\/monte_avvocata_costiera_amalfitana_2.jpg?fit=1200%2C632&ssl=1&resize=700%2C400 2x, https:\/\/i0.wp.com\/www.altaviadeimontilattari.it\/wp-content\/uploads\/2017\/01\/monte_avvocata_costiera_amalfitana_2.jpg?fit=1200%2C632&ssl=1&resize=1050%2C600 3x"},"classes":[]},{"id":6430,"url":"https:\/\/www.altaviadeimontilattari.it\/en\/monte-avvocata-e-veduta-sulla-costiera\/","url_meta":{"origin":6431,"position":1},"title":"Monte Avvocata e veduta sulla costiera","author":"Turismo.Ricercattiva","date":"6 d\u00e9cembre 2020","format":false,"excerpt":"","rel":"","context":"Dans &quot;slider&quot;","block_context":{"text":"slider","link":"https:\/\/www.altaviadeimontilattari.it\/en\/category\/slider-en\/"},"img":{"alt_text":"","src":"https:\/\/i0.wp.com\/www.altaviadeimontilattari.it\/wp-content\/uploads\/2017\/01\/monte_avvocata_costiera_amalfitana_2.jpg?fit=1200%2C632&ssl=1&resize=350%2C200","width":350,"height":200,"srcset":"https:\/\/i0.wp.com\/www.altaviadeimontilattari.it\/wp-content\/uploads\/2017\/01\/monte_avvocata_costiera_amalfitana_2.jpg?fit=1200%2C632&ssl=1&resize=350%2C200 1x, https:\/\/i0.wp.com\/www.altaviadeimontilattari.it\/wp-content\/uploads\/2017\/01\/monte_avvocata_costiera_amalfitana_2.jpg?fit=1200%2C632&ssl=1&resize=525%2C300 1.5x, https:\/\/i0.wp.com\/www.altaviadeimontilattari.it\/wp-content\/uploads\/2017\/01\/monte_avvocata_costiera_amalfitana_2.jpg?fit=1200%2C632&ssl=1&resize=700%2C400 2x, https:\/\/i0.wp.com\/www.altaviadeimontilattari.it\/wp-content\/uploads\/2017\/01\/monte_avvocata_costiera_amalfitana_2.jpg?fit=1200%2C632&ssl=1&resize=1050%2C600 3x"},"classes":[]},{"id":6432,"url":"https:\/\/www.altaviadeimontilattari.it\/de\/monte-avvocata-e-veduta-sulla-costiera\/","url_meta":{"origin":6431,"position":2},"title":"Monte Avvocata e veduta sulla costiera","author":"Turismo.Ricercattiva","date":"6 d\u00e9cembre 2020","format":false,"excerpt":"","rel":"","context":"Dans &quot;slider&quot;","block_context":{"text":"slider","link":"https:\/\/www.altaviadeimontilattari.it\/de\/category\/slider-de\/"},"img":{"alt_text":"","src":"https:\/\/i0.wp.com\/www.altaviadeimontilattari.it\/wp-content\/uploads\/2017\/01\/monte_avvocata_costiera_amalfitana_2.jpg?fit=1200%2C632&ssl=1&resize=350%2C200","width":350,"height":200,"srcset":"https:\/\/i0.wp.com\/www.altaviadeimontilattari.it\/wp-content\/uploads\/2017\/01\/monte_avvocata_costiera_amalfitana_2.jpg?fit=1200%2C632&ssl=1&resize=350%2C200 1x, https:\/\/i0.wp.com\/www.altaviadeimontilattari.it\/wp-content\/uploads\/2017\/01\/monte_avvocata_costiera_amalfitana_2.jpg?fit=1200%2C632&ssl=1&resize=525%2C300 1.5x, https:\/\/i0.wp.com\/www.altaviadeimontilattari.it\/wp-content\/uploads\/2017\/01\/monte_avvocata_costiera_amalfitana_2.jpg?fit=1200%2C632&ssl=1&resize=700%2C400 2x, https:\/\/i0.wp.com\/www.altaviadeimontilattari.it\/wp-content\/uploads\/2017\/01\/monte_avvocata_costiera_amalfitana_2.jpg?fit=1200%2C632&ssl=1&resize=1050%2C600 3x"},"classes":[]},{"id":6434,"url":"https:\/\/www.altaviadeimontilattari.it\/es\/monte-avvocata-e-veduta-sulla-costiera\/","url_meta":{"origin":6431,"position":3},"title":"Monte Avvocata e veduta sulla costiera","author":"Turismo.Ricercattiva","date":"6 d\u00e9cembre 2020","format":false,"excerpt":"","rel":"","context":"Dans &quot;slider&quot;","block_context":{"text":"slider","link":"https:\/\/www.altaviadeimontilattari.it\/es\/category\/slider-es\/"},"img":{"alt_text":"","src":"https:\/\/i0.wp.com\/www.altaviadeimontilattari.it\/wp-content\/uploads\/2017\/01\/monte_avvocata_costiera_amalfitana_2.jpg?fit=1200%2C632&ssl=1&resize=350%2C200","width":350,"height":200,"srcset":"https:\/\/i0.wp.com\/www.altaviadeimontilattari.it\/wp-content\/uploads\/2017\/01\/monte_avvocata_costiera_amalfitana_2.jpg?fit=1200%2C632&ssl=1&resize=350%2C200 1x, https:\/\/i0.wp.com\/www.altaviadeimontilattari.it\/wp-content\/uploads\/2017\/01\/monte_avvocata_costiera_amalfitana_2.jpg?fit=1200%2C632&ssl=1&resize=525%2C300 1.5x, https:\/\/i0.wp.com\/www.altaviadeimontilattari.it\/wp-content\/uploads\/2017\/01\/monte_avvocata_costiera_amalfitana_2.jpg?fit=1200%2C632&ssl=1&resize=700%2C400 2x, https:\/\/i0.wp.com\/www.altaviadeimontilattari.it\/wp-content\/uploads\/2017\/01\/monte_avvocata_costiera_amalfitana_2.jpg?fit=1200%2C632&ssl=1&resize=1050%2C600 3x"},"classes":[]},{"id":31,"url":"https:\/\/www.altaviadeimontilattari.it\/3-monte-dellavvocata-santuario-865-m\/","url_meta":{"origin":6431,"position":4},"title":"3. Monte dell\u2019Avvocata \u2013 Santuario (865 m)","author":"Turismo.Ricercattiva","date":"20 novembre 2020","format":false,"excerpt":"Tappa di ristoro per il corpo e lo spirito \u00e8 il Santuario vicino il monte dell'Avvocata, precisamente sospeso a picco sul monte Falerzio.","rel":"","context":"Dans &quot;Tour dell'Alta Via dei Monti Lattari&quot;","block_context":{"text":"Tour dell'Alta Via dei Monti Lattari","link":"https:\/\/www.altaviadeimontilattari.it\/category\/tour-alta-via-dei-monti-lattari\/"},"img":{"alt_text":"","src":"https:\/\/i0.wp.com\/www.altaviadeimontilattari.it\/wp-content\/uploads\/2020\/12\/monte_avvocata-1.jpg?fit=1000%2C1000&ssl=1&resize=350%2C200","width":350,"height":200,"srcset":"https:\/\/i0.wp.com\/www.altaviadeimontilattari.it\/wp-content\/uploads\/2020\/12\/monte_avvocata-1.jpg?fit=1000%2C1000&ssl=1&resize=350%2C200 1x, https:\/\/i0.wp.com\/www.altaviadeimontilattari.it\/wp-content\/uploads\/2020\/12\/monte_avvocata-1.jpg?fit=1000%2C1000&ssl=1&resize=525%2C300 1.5x, https:\/\/i0.wp.com\/www.altaviadeimontilattari.it\/wp-content\/uploads\/2020\/12\/monte_avvocata-1.jpg?fit=1000%2C1000&ssl=1&resize=700%2C400 2x"},"classes":[]},{"id":43,"url":"https:\/\/www.altaviadeimontilattari.it\/10-santuario-di-san-michele-1261-m\/","url_meta":{"origin":6431,"position":5},"title":"10. Santuario di San Michele (1261 m)","author":"Turismo.Ricercattiva","date":"20 novembre 2020","format":false,"excerpt":"Il percorso 300 CAI si incrocia con il sentiero 350 CAI appena si arriva a localit\u00e0 Castellone sul Monte Faito. Facendo un breve fuori percorso si pu\u00f2 giungere al santuario di San Michele. E' una delle attrazioni della penisola sorrentina. La struttura \u00e8 ubicata sul punto pi\u00f9 alto del Monte\u2026","rel":"","context":"Dans &quot;Tour dell'Alta Via dei Monti Lattari&quot;","block_context":{"text":"Tour dell'Alta Via dei Monti Lattari","link":"https:\/\/www.altaviadeimontilattari.it\/category\/tour-alta-via-dei-monti-lattari\/"},"img":{"alt_text":"","src":"https:\/\/i0.wp.com\/www.altaviadeimontilattari.it\/wp-content\/uploads\/2020\/11\/monte-Faito-e-Santuario-di-San-Michele.jpg?fit=512%2C512&ssl=1&resize=350%2C200","width":350,"height":200},"classes":[]}],"jetpack_shortlink":"https:\/\/wp.me\/pcGNaV-1FJ","jetpack_sharing_enabled":true,"_links":{"self":[{"href":"https:\/\/www.altaviadeimontilattari.it\/fr\/wp-json\/wp\/v2\/posts\/6431","targetHints":{"allow":["GET"]}}],"collection":[{"href":"https:\/\/www.altaviadeimontilattari.it\/fr\/wp-json\/wp\/v2\/posts"}],"about":[{"href":"https:\/\/www.altaviadeimontilattari.it\/fr\/wp-json\/wp\/v2\/types\/post"}],"author":[{"embeddable":true,"href":"https:\/\/www.altaviadeimontilattari.it\/fr\/wp-json\/wp\/v2\/users\/3"}],"replies":[{"embeddable":true,"href":"https:\/\/www.altaviadeimontilattari.it\/fr\/wp-json\/wp\/v2\/comments?post=6431"}],"version-history":[{"count":0,"href":"https:\/\/www.altaviadeimontilattari.it\/fr\/wp-json\/wp\/v2\/posts\/6431\/revisions"}],"wp:featuredmedia":[{"embeddable":true,"href":"https:\/\/www.altaviadeimontilattari.it\/fr\/wp-json\/wp\/v2\/media\/4584"}],"wp:attachment":[{"href":"https:\/\/www.altaviadeimontilattari.it\/fr\/wp-json\/wp\/v2\/media?parent=6431"}],"wp:term":[{"taxonomy":"category","embeddable":true,"href":"https:\/\/www.altaviadeimontilattari.it\/fr\/wp-json\/wp\/v2\/categories?post=6431"},{"taxonomy":"post_tag","embeddable":true,"href":"https:\/\/www.altaviadeimontilattari.it\/fr\/wp-json\/wp\/v2\/tags?post=6431"}],"curies":[{"name":"wp","href":"https:\/\/api.w.org\/{rel}","templated":true}]}}