{"id":6482,"date":"2020-11-20T22:11:13","date_gmt":"2020-11-20T22:11:13","guid":{"rendered":"https:\/\/www.altaviadeimontilattari.it\/17-torca-352-m\/"},"modified":"2022-07-09T11:56:33","modified_gmt":"2022-07-09T11:56:33","slug":"17-torca-352-m","status":"publish","type":"post","link":"https:\/\/www.altaviadeimontilattari.it\/fr\/17-torca-352-m\/","title":{"rendered":"17. Tor\u00e7a (352 m)"},"content":{"rendered":"<p>En arrivant du promontoire <a href=\"https:\/\/altaviadeimontilattari.it\/16-malacoccola-493-m\/\"> <strong> Malacoccola <\/strong> <\/a> le long de l&rsquo;Alta Via traversant des terres cultiv\u00e9es d&rsquo;oliviers et orti vous atteignez les premi\u00e8res ruelles du petit village de <strong> Torca <\/strong>, une fraction de <strong> Massa Lubrense <\/strong>.<\/p>\n<p>Vous atteignez la place principale o\u00f9 se trouve l&rsquo; <strong>\u00e9glise de San Tommaso Apostolo <\/strong> et la villa municipale o\u00f9 se trouve \u00e9galement une fontaine pour se rafra\u00eechir.<\/p>\n<p>En suivant les panneaux du CAI pr\u00e9sents \u00e9galement dans le village, ils quittent les rues en suivant le chemin qui m\u00e8ne au <strong> Fjord de Crapolla. <\/strong><\/p>\n<p>Le chemin surplombe la mer et vous am\u00e8ne \u00e0 un banc de pierre au lieu-dit <strong> <em> \u00ab La Guardia <\/em> <\/strong> \u00bb, un endroit merveilleux pour son panorama spectaculaire. D&rsquo;un c\u00f4t\u00e9, vous pouvez voir la tour de guet sarrasine de Torca, juste \u00e0 la base du <strong> mont Torca <\/strong>, qui est montr\u00e9e sur les <strong> \u00eeles de Li Galli <\/strong> et devant il y a le tr\u00e8s &lsquo;<strong> \u00cele d&rsquo;Isca <\/strong>. Peu de temps apr\u00e8s, il y a un carrefour o\u00f9 les marches qui m\u00e8nent \u00e0 gauche commencent vers le fjord de <strong> Crapolla <\/strong>. Ne les empruntez que si vous souhaitez descendre (puis monter) les 700 marches suppl\u00e9mentaires pour atteindre sa petite plage de galets. Cela vaut la peine d&rsquo;y aller en tant qu&rsquo;excursion s\u00e9par\u00e9e.<\/p>\n<p>En continuant sur la 300, vous arrivez \u00e0 une fantastique pin\u00e8de surplombant la mer d&rsquo;o\u00f9 vous pouvez voir toute la p\u00e9ninsule de Sorrente et vous arrivez \u00e0 <a href = \"https:\/\/altaviadeimontilattari.it\/4-18-recommone-0-m\/ \" > <strong> Plage de la Recommone <\/strong> <\/a>.<\/p>\n\n<div class=\"wp-block-jetpack-tiled-gallery aligncenter is-style-rectangular\"><div class=\"tiled-gallery__gallery\"><div class=\"tiled-gallery__row\"><div class=\"tiled-gallery__col\" style=\"flex-basis:65.46598%\"><figure class=\"tiled-gallery__item\"><img decoding=\"async\" role=\"button\" tabindex=\"0\" aria-label=\"Ouvrir l\u2019image 1 sur 11 en plein \u00e9cran\"srcset=\"https:\/\/i0.wp.com\/www.altaviadeimontilattari.it\/wp-content\/uploads\/2021\/12\/Torca-chiesa-di-san-Tommaso.jpg?strip=info&#038;w=600&#038;ssl=1 600w,https:\/\/i0.wp.com\/www.altaviadeimontilattari.it\/wp-content\/uploads\/2021\/12\/Torca-chiesa-di-san-Tommaso.jpg?strip=info&#038;w=900&#038;ssl=1 900w,https:\/\/i0.wp.com\/www.altaviadeimontilattari.it\/wp-content\/uploads\/2021\/12\/Torca-chiesa-di-san-Tommaso.jpg?strip=info&#038;w=1024&#038;ssl=1 1024w\" alt=\"Torca - Chiesa di San Tommaso\" data-height=\"768\" data-id=\"3813\" data-link=\"https:\/\/altaviadeimontilattari.it\/4-17-torca-352-m\/torca-chiesa-di-san-tommaso\/\" data-url=\"https:\/\/altaviadeimontilattari.it\/wp-content\/uploads\/2021\/12\/Torca-chiesa-di-san-Tommaso.jpg\" data-width=\"1024\" src=\"https:\/\/i0.wp.com\/www.altaviadeimontilattari.it\/wp-content\/uploads\/2021\/12\/Torca-chiesa-di-san-Tommaso.jpg?ssl=1\" data-amp-layout=\"responsive\"\/><\/figure><\/div><div class=\"tiled-gallery__col\" style=\"flex-basis:34.53402%\"><figure class=\"tiled-gallery__item\"><img decoding=\"async\" role=\"button\" tabindex=\"0\" aria-label=\"Ouvrir l\u2019image 2 sur 11 en plein \u00e9cran\"srcset=\"https:\/\/i2.wp.com\/www.altaviadeimontilattari.it\/wp-content\/uploads\/2021\/12\/indicazioni_300.jpg?strip=info&#038;w=600&#038;ssl=1 600w,https:\/\/i2.wp.com\/www.altaviadeimontilattari.it\/wp-content\/uploads\/2021\/12\/indicazioni_300.jpg?strip=info&#038;w=900&#038;ssl=1 900w,https:\/\/i2.wp.com\/www.altaviadeimontilattari.it\/wp-content\/uploads\/2021\/12\/indicazioni_300.jpg?strip=info&#038;w=1024&#038;ssl=1 1024w\" alt=\"Indicazioni 300 per Fiordo di Crapolla e Punta Campanella\" data-height=\"680\" data-id=\"3821\" data-link=\"https:\/\/altaviadeimontilattari.it\/4-17-torca-352-m\/indicazioni_300\/\" data-url=\"https:\/\/altaviadeimontilattari.it\/wp-content\/uploads\/2021\/12\/indicazioni_300.jpg\" data-width=\"1024\" src=\"https:\/\/i2.wp.com\/www.altaviadeimontilattari.it\/wp-content\/uploads\/2021\/12\/indicazioni_300.jpg?ssl=1\" data-amp-layout=\"responsive\"\/><\/figure><figure class=\"tiled-gallery__item\"><img decoding=\"async\" role=\"button\" tabindex=\"0\" aria-label=\"Ouvrir l\u2019image 3 sur 11 en plein \u00e9cran\"srcset=\"https:\/\/i2.wp.com\/www.altaviadeimontilattari.it\/wp-content\/uploads\/2021\/12\/panorama_localita_la_guradio_torca.jpg?strip=info&#038;w=600&#038;ssl=1 600w,https:\/\/i2.wp.com\/www.altaviadeimontilattari.it\/wp-content\/uploads\/2021\/12\/panorama_localita_la_guradio_torca.jpg?strip=info&#038;w=900&#038;ssl=1 900w,https:\/\/i2.wp.com\/www.altaviadeimontilattari.it\/wp-content\/uploads\/2021\/12\/panorama_localita_la_guradio_torca.jpg?strip=info&#038;w=1024&#038;ssl=1 1024w\" alt=\"Isola di Isca da localit\u00e0 La Guardia\" data-height=\"768\" data-id=\"3820\" data-link=\"https:\/\/altaviadeimontilattari.it\/4-17-torca-352-m\/panorama_localita_la_guradio_torca\/\" data-url=\"https:\/\/altaviadeimontilattari.it\/wp-content\/uploads\/2021\/12\/panorama_localita_la_guradio_torca.jpg\" data-width=\"1024\" src=\"https:\/\/i2.wp.com\/www.altaviadeimontilattari.it\/wp-content\/uploads\/2021\/12\/panorama_localita_la_guradio_torca.jpg?ssl=1\" data-amp-layout=\"responsive\"\/><\/figure><\/div><\/div><div class=\"tiled-gallery__row\"><div class=\"tiled-gallery__col\" style=\"flex-basis:41.39608%\"><figure class=\"tiled-gallery__item\"><img decoding=\"async\" role=\"button\" tabindex=\"0\" aria-label=\"Ouvrir l\u2019image 4 sur 11 en plein \u00e9cran\"srcset=\"https:\/\/i2.wp.com\/www.altaviadeimontilattari.it\/wp-content\/uploads\/2021\/12\/panorama_localita_la_guradio_torca_2.jpg?strip=info&#038;w=600&#038;ssl=1 600w,https:\/\/i2.wp.com\/www.altaviadeimontilattari.it\/wp-content\/uploads\/2021\/12\/panorama_localita_la_guradio_torca_2.jpg?strip=info&#038;w=900&#038;ssl=1 900w,https:\/\/i2.wp.com\/www.altaviadeimontilattari.it\/wp-content\/uploads\/2021\/12\/panorama_localita_la_guradio_torca_2.jpg?strip=info&#038;w=1024&#038;ssl=1 1024w\" alt=\"Torre Torca e isole Li Galli da localit\u00e0 La Guardia\" data-height=\"768\" data-id=\"3819\" data-link=\"https:\/\/altaviadeimontilattari.it\/4-17-torca-352-m\/panorama_localita_la_guradio_torca_2\/\" data-url=\"https:\/\/altaviadeimontilattari.it\/wp-content\/uploads\/2021\/12\/panorama_localita_la_guradio_torca_2.jpg\" data-width=\"1024\" src=\"https:\/\/i2.wp.com\/www.altaviadeimontilattari.it\/wp-content\/uploads\/2021\/12\/panorama_localita_la_guradio_torca_2.jpg?ssl=1\" data-amp-layout=\"responsive\"\/><\/figure><figure class=\"tiled-gallery__item\"><img decoding=\"async\" role=\"button\" tabindex=\"0\" aria-label=\"Ouvrir l\u2019image 5 sur 11 en plein \u00e9cran\"srcset=\"https:\/\/i2.wp.com\/www.altaviadeimontilattari.it\/wp-content\/uploads\/2021\/12\/vista_fiordo_di_crapolla.jpg?strip=info&#038;w=600&#038;ssl=1 600w,https:\/\/i2.wp.com\/www.altaviadeimontilattari.it\/wp-content\/uploads\/2021\/12\/vista_fiordo_di_crapolla.jpg?strip=info&#038;w=900&#038;ssl=1 900w,https:\/\/i2.wp.com\/www.altaviadeimontilattari.it\/wp-content\/uploads\/2021\/12\/vista_fiordo_di_crapolla.jpg?strip=info&#038;w=1024&#038;ssl=1 1024w\" alt=\"Veduta del Fiordo di Crapolla\" data-height=\"575\" data-id=\"3815\" data-link=\"https:\/\/altaviadeimontilattari.it\/4-17-torca-352-m\/vista_fiordo_di_crapolla\/\" data-url=\"https:\/\/altaviadeimontilattari.it\/wp-content\/uploads\/2021\/12\/vista_fiordo_di_crapolla.jpg\" data-width=\"1024\" src=\"https:\/\/i2.wp.com\/www.altaviadeimontilattari.it\/wp-content\/uploads\/2021\/12\/vista_fiordo_di_crapolla.jpg?ssl=1\" data-amp-layout=\"responsive\"\/><\/figure><\/div><div class=\"tiled-gallery__col\" style=\"flex-basis:58.60392%\"><figure class=\"tiled-gallery__item\"><img decoding=\"async\" role=\"button\" tabindex=\"0\" aria-label=\"Ouvrir l\u2019image 6 sur 11 en plein \u00e9cran\"srcset=\"https:\/\/i1.wp.com\/www.altaviadeimontilattari.it\/wp-content\/uploads\/2021\/12\/fiordo_crapolla.jpg?strip=info&#038;w=600&#038;ssl=1 600w,https:\/\/i1.wp.com\/www.altaviadeimontilattari.it\/wp-content\/uploads\/2021\/12\/fiordo_crapolla.jpg?strip=info&#038;w=900&#038;ssl=1 900w,https:\/\/i1.wp.com\/www.altaviadeimontilattari.it\/wp-content\/uploads\/2021\/12\/fiordo_crapolla.jpg?strip=info&#038;w=1024&#038;ssl=1 1024w\" alt=\"Fiordo di Crapolla\" data-height=\"955\" data-id=\"3814\" data-link=\"https:\/\/altaviadeimontilattari.it\/4-17-torca-352-m\/fiordo_crapolla\/\" data-url=\"https:\/\/altaviadeimontilattari.it\/wp-content\/uploads\/2021\/12\/fiordo_crapolla.jpg\" data-width=\"1024\" src=\"https:\/\/i1.wp.com\/www.altaviadeimontilattari.it\/wp-content\/uploads\/2021\/12\/fiordo_crapolla.jpg?ssl=1\" data-amp-layout=\"responsive\"\/><\/figure><\/div><\/div><div class=\"tiled-gallery__row\"><div class=\"tiled-gallery__col\" style=\"flex-basis:47.57065%\"><figure class=\"tiled-gallery__item\"><img decoding=\"async\" role=\"button\" tabindex=\"0\" aria-label=\"Ouvrir l\u2019image 7 sur 11 en plein \u00e9cran\"srcset=\"https:\/\/i2.wp.com\/www.altaviadeimontilattari.it\/wp-content\/uploads\/2021\/12\/fiordo_di_crapolla_cappella_san_pietro.jpg?strip=info&#038;w=600&#038;ssl=1 600w,https:\/\/i2.wp.com\/www.altaviadeimontilattari.it\/wp-content\/uploads\/2021\/12\/fiordo_di_crapolla_cappella_san_pietro.jpg?strip=info&#038;w=900&#038;ssl=1 900w,https:\/\/i2.wp.com\/www.altaviadeimontilattari.it\/wp-content\/uploads\/2021\/12\/fiordo_di_crapolla_cappella_san_pietro.jpg?strip=info&#038;w=1024&#038;ssl=1 1024w\" alt=\"Fiordo di Crapolla - Cappella di San Pietro\" data-height=\"752\" data-id=\"3818\" data-link=\"https:\/\/altaviadeimontilattari.it\/4-17-torca-352-m\/fiordo_di_crapolla_cappella_san_pietro\/\" data-url=\"https:\/\/altaviadeimontilattari.it\/wp-content\/uploads\/2021\/12\/fiordo_di_crapolla_cappella_san_pietro.jpg\" data-width=\"1024\" src=\"https:\/\/i2.wp.com\/www.altaviadeimontilattari.it\/wp-content\/uploads\/2021\/12\/fiordo_di_crapolla_cappella_san_pietro.jpg?ssl=1\" data-amp-layout=\"responsive\"\/><\/figure><\/div><div class=\"tiled-gallery__col\" style=\"flex-basis:52.42935%\"><figure class=\"tiled-gallery__item\"><img decoding=\"async\" role=\"button\" tabindex=\"0\" aria-label=\"Ouvrir l\u2019image 8 sur 11 en plein \u00e9cran\"srcset=\"https:\/\/i1.wp.com\/www.altaviadeimontilattari.it\/wp-content\/uploads\/2021\/06\/torca4-1024x682.jpg?strip=info&#038;w=600&#038;ssl=1 600w,https:\/\/i1.wp.com\/www.altaviadeimontilattari.it\/wp-content\/uploads\/2021\/06\/torca4-1024x682.jpg?strip=info&#038;w=900&#038;ssl=1 900w,https:\/\/i1.wp.com\/www.altaviadeimontilattari.it\/wp-content\/uploads\/2021\/06\/torca4-1024x682.jpg?strip=info&#038;w=1153&#038;ssl=1 1153w\" alt=\"Fiordo di Crapolla\" data-height=\"768\" data-id=\"3754\" data-link=\"https:\/\/altaviadeimontilattari.it\/4-17-torca-352-m\/torca4\/\" data-url=\"https:\/\/altaviadeimontilattari.it\/wp-content\/uploads\/2021\/06\/torca4-1024x682.jpg\" data-width=\"1153\" src=\"https:\/\/i1.wp.com\/www.altaviadeimontilattari.it\/wp-content\/uploads\/2021\/06\/torca4-1024x682.jpg?ssl=1\" data-amp-layout=\"responsive\"\/><\/figure><\/div><\/div><div class=\"tiled-gallery__row\"><div class=\"tiled-gallery__col\" style=\"flex-basis:100.00000%\"><figure class=\"tiled-gallery__item\"><img decoding=\"async\" role=\"button\" tabindex=\"0\" aria-label=\"Ouvrir l\u2019image 9 sur 11 en plein \u00e9cran\"srcset=\"https:\/\/i1.wp.com\/www.altaviadeimontilattari.it\/wp-content\/uploads\/2021\/06\/torca-1024x468.jpg?strip=info&#038;w=600&#038;ssl=1 600w,https:\/\/i1.wp.com\/www.altaviadeimontilattari.it\/wp-content\/uploads\/2021\/06\/torca-1024x468.jpg?strip=info&#038;w=900&#038;ssl=1 900w,https:\/\/i1.wp.com\/www.altaviadeimontilattari.it\/wp-content\/uploads\/2021\/06\/torca-1024x468.jpg?strip=info&#038;w=1131&#038;ssl=1 1131w\" alt=\"Panorama dal sentiero 300CAI\" data-height=\"517\" data-id=\"3752\" data-link=\"https:\/\/altaviadeimontilattari.it\/4-17-torca-352-m\/torca\/\" data-url=\"https:\/\/altaviadeimontilattari.it\/wp-content\/uploads\/2021\/06\/torca-1024x468.jpg\" data-width=\"1131\" src=\"https:\/\/i1.wp.com\/www.altaviadeimontilattari.it\/wp-content\/uploads\/2021\/06\/torca-1024x468.jpg?ssl=1\" data-amp-layout=\"responsive\"\/><\/figure><\/div><\/div><div class=\"tiled-gallery__row\"><div class=\"tiled-gallery__col\" style=\"flex-basis:50.00000%\"><figure class=\"tiled-gallery__item\"><img decoding=\"async\" role=\"button\" tabindex=\"0\" aria-label=\"Ouvrir l\u2019image 10 sur 11 en plein \u00e9cran\"srcset=\"https:\/\/i2.wp.com\/www.altaviadeimontilattari.it\/wp-content\/uploads\/2021\/12\/300_pineta.jpg?strip=info&#038;w=600&#038;ssl=1 600w,https:\/\/i2.wp.com\/www.altaviadeimontilattari.it\/wp-content\/uploads\/2021\/12\/300_pineta.jpg?strip=info&#038;w=900&#038;ssl=1 900w,https:\/\/i2.wp.com\/www.altaviadeimontilattari.it\/wp-content\/uploads\/2021\/12\/300_pineta.jpg?strip=info&#038;w=1024&#038;ssl=1 1024w\" alt=\"Sentiero 300CAI in localit\u00e0 Pineta\" data-height=\"575\" data-id=\"3817\" data-link=\"https:\/\/altaviadeimontilattari.it\/4-17-torca-352-m\/300_pineta\/\" data-url=\"https:\/\/altaviadeimontilattari.it\/wp-content\/uploads\/2021\/12\/300_pineta.jpg\" data-width=\"1024\" src=\"https:\/\/i2.wp.com\/www.altaviadeimontilattari.it\/wp-content\/uploads\/2021\/12\/300_pineta.jpg?ssl=1\" data-amp-layout=\"responsive\"\/><\/figure><\/div><div class=\"tiled-gallery__col\" style=\"flex-basis:50.00000%\"><figure class=\"tiled-gallery__item\"><img decoding=\"async\" role=\"button\" tabindex=\"0\" aria-label=\"Ouvrir l\u2019image 11 sur 11 en plein \u00e9cran\"srcset=\"https:\/\/i2.wp.com\/www.altaviadeimontilattari.it\/wp-content\/uploads\/2021\/12\/300_pineta_2.jpg?strip=info&#038;w=600&#038;ssl=1 600w,https:\/\/i2.wp.com\/www.altaviadeimontilattari.it\/wp-content\/uploads\/2021\/12\/300_pineta_2.jpg?strip=info&#038;w=900&#038;ssl=1 900w,https:\/\/i2.wp.com\/www.altaviadeimontilattari.it\/wp-content\/uploads\/2021\/12\/300_pineta_2.jpg?strip=info&#038;w=1024&#038;ssl=1 1024w\" alt=\"Sentiero 300CAI in localit\u00e0 Pineta\" data-height=\"575\" data-id=\"3816\" data-link=\"https:\/\/altaviadeimontilattari.it\/4-17-torca-352-m\/300_pineta_2\/\" data-url=\"https:\/\/altaviadeimontilattari.it\/wp-content\/uploads\/2021\/12\/300_pineta_2.jpg\" data-width=\"1024\" src=\"https:\/\/i2.wp.com\/www.altaviadeimontilattari.it\/wp-content\/uploads\/2021\/12\/300_pineta_2.jpg?ssl=1\" data-amp-layout=\"responsive\"\/><\/figure><\/div><\/div><\/div><\/div>\r\n<div style=\"margin: 20px 0;\"><div class=\"qrcswholewtapper\" style=\"text-align:left;\"><div class=\"qrcprowrapper\"  id=\"qrcwraa2leds\"><div class=\"qrc_canvass\" id=\"qrc_cuttenpages_2\" style=\"display:inline-block\" data-text=\"https:\/\/www.altaviadeimontilattari.it\/fr\/17-torca-352-m\/\"><\/div><div><a download=\"17. Tor\u00e7a (352 m).png\" class=\"qrcdownloads\" id=\"worign\">\r\n           <button type=\"button\" style=\"min-width:200px;background:#81ea00;color:#000;font-weight: 600;border: 1px solid #dddddd;border-radius:4px;font-size:12px;padding: 6px 0;\" class=\"uqr_code_btn\">Download QR<\/button>\r\n           <\/a><\/div><\/div><\/div><\/div>","protected":false},"excerpt":{"rendered":"<p>En arrivant du promontoire Malacoccola le long de l&rsquo;Alta Via traversant des terres cultiv\u00e9es d&rsquo;oliviers et orti vous atteignez les premi\u00e8res ruelles du petit village de Torca , une fraction de Massa Lubrense . Vous atteignez la place principale o\u00f9 se trouve l&rsquo; \u00e9glise de San Tommaso Apostolo et la villa municipale o\u00f9 se trouve&hellip;&nbsp;<a href=\"https:\/\/www.altaviadeimontilattari.it\/fr\/17-torca-352-m\/\" rel=\"bookmark\">Read More &raquo;<span class=\"screen-reader-text\">17. Tor\u00e7a (352 m)<\/span><\/a><\/p>\n","protected":false},"author":3,"featured_media":5268,"comment_status":"open","ping_status":"closed","sticky":false,"template":"","format":"standard","meta":{"neve_meta_sidebar":"","neve_meta_container":"","neve_meta_enable_content_width":"","neve_meta_content_width":0,"neve_meta_title_alignment":"","neve_meta_author_avatar":"","neve_post_elements_order":"","neve_meta_disable_header":"","neve_meta_disable_footer":"","neve_meta_disable_title":"","neve_meta_reading_time":"","_themeisle_gutenberg_block_has_review":false,"jetpack_post_was_ever_published":false,"_jetpack_newsletter_access":"","_jetpack_dont_email_post_to_subs":false,"_jetpack_newsletter_tier_id":0,"_jetpack_memberships_contains_paywalled_content":false,"_jetpack_memberships_contains_paid_content":false,"footnotes":""},"categories":[268],"tags":[],"class_list":["post-6482","post","type-post","status-publish","format-standard","has-post-thumbnail","hentry","category-visite-de-lalta-via-dei-monti-lattari"],"yoast_head":"<!-- This site is optimized with the Yoast SEO plugin v27.4 - https:\/\/yoast.com\/product\/yoast-seo-wordpress\/ -->\n<title>17. Tor\u00e7a (352 m) - Alta Via dei Monti Lattari<\/title>\n<meta name=\"description\" content=\"Du promontoire de Malacoccola, vous atteignez les premi\u00e8res ruelles du petit village de Torca, un hameau de Massa Lubrense.\" \/>\n<meta name=\"robots\" content=\"index, follow, max-snippet:-1, max-image-preview:large, max-video-preview:-1\" \/>\n<link rel=\"canonical\" href=\"https:\/\/www.altaviadeimontilattari.it\/fr\/17-torca-352-m\/\" \/>\n<meta property=\"og:locale\" content=\"fr_FR\" \/>\n<meta property=\"og:type\" content=\"article\" \/>\n<meta property=\"og:title\" content=\"17. Tor\u00e7a (352 m) - Alta Via dei Monti Lattari\" \/>\n<meta property=\"og:description\" content=\"Du promontoire de Malacoccola, vous atteignez les premi\u00e8res ruelles du petit village de Torca, un hameau de Massa Lubrense.\" \/>\n<meta property=\"og:url\" content=\"https:\/\/www.altaviadeimontilattari.it\/fr\/17-torca-352-m\/\" \/>\n<meta property=\"og:site_name\" content=\"Alta Via dei Monti Lattari\" \/>\n<meta property=\"article:published_time\" content=\"2020-11-20T22:11:13+00:00\" \/>\n<meta property=\"article:modified_time\" content=\"2022-07-09T11:56:33+00:00\" \/>\n<meta property=\"og:image\" content=\"https:\/\/www.altaviadeimontilattari.it\/wp-content\/uploads\/2020\/11\/portada-torca.jpg\" \/>\n\t<meta property=\"og:image:width\" content=\"600\" \/>\n\t<meta property=\"og:image:height\" content=\"600\" \/>\n\t<meta property=\"og:image:type\" content=\"image\/jpeg\" \/>\n<meta name=\"author\" content=\"Turismo.Ricercattiva\" \/>\n<meta name=\"twitter:card\" content=\"summary_large_image\" \/>\n<meta name=\"twitter:label1\" content=\"\u00c9crit par\" \/>\n\t<meta name=\"twitter:data1\" content=\"Turismo.Ricercattiva\" \/>\n\t<meta name=\"twitter:label2\" content=\"Dur\u00e9e de lecture estim\u00e9e\" \/>\n\t<meta name=\"twitter:data2\" content=\"1 minute\" \/>\n<script type=\"application\/ld+json\" class=\"yoast-schema-graph\">{\"@context\":\"https:\\\/\\\/schema.org\",\"@graph\":[{\"@type\":\"Article\",\"@id\":\"https:\\\/\\\/www.altaviadeimontilattari.it\\\/fr\\\/17-torca-352-m\\\/#article\",\"isPartOf\":{\"@id\":\"https:\\\/\\\/www.altaviadeimontilattari.it\\\/fr\\\/17-torca-352-m\\\/\"},\"author\":{\"name\":\"Turismo.Ricercattiva\",\"@id\":\"https:\\\/\\\/www.altaviadeimontilattari.it\\\/#\\\/schema\\\/person\\\/47c8033a7c6005363bf26047c156ed2c\"},\"headline\":\"17. Tor\u00e7a (352 m)\",\"datePublished\":\"2020-11-20T22:11:13+00:00\",\"dateModified\":\"2022-07-09T11:56:33+00:00\",\"mainEntityOfPage\":{\"@id\":\"https:\\\/\\\/www.altaviadeimontilattari.it\\\/fr\\\/17-torca-352-m\\\/\"},\"wordCount\":248,\"commentCount\":0,\"publisher\":{\"@id\":\"https:\\\/\\\/www.altaviadeimontilattari.it\\\/#organization\"},\"image\":{\"@id\":\"https:\\\/\\\/www.altaviadeimontilattari.it\\\/fr\\\/17-torca-352-m\\\/#primaryimage\"},\"thumbnailUrl\":\"https:\\\/\\\/i0.wp.com\\\/www.altaviadeimontilattari.it\\\/wp-content\\\/uploads\\\/2020\\\/11\\\/portada-torca.jpg?fit=600%2C600&ssl=1\",\"articleSection\":[\"Visite de l'Alta Via dei Monti Lattari\"],\"inLanguage\":\"fr-FR\",\"potentialAction\":[{\"@type\":\"CommentAction\",\"name\":\"Comment\",\"target\":[\"https:\\\/\\\/www.altaviadeimontilattari.it\\\/fr\\\/17-torca-352-m\\\/#respond\"]}]},{\"@type\":\"WebPage\",\"@id\":\"https:\\\/\\\/www.altaviadeimontilattari.it\\\/fr\\\/17-torca-352-m\\\/\",\"url\":\"https:\\\/\\\/www.altaviadeimontilattari.it\\\/fr\\\/17-torca-352-m\\\/\",\"name\":\"17. Tor\u00e7a (352 m) - Alta Via dei Monti Lattari\",\"isPartOf\":{\"@id\":\"https:\\\/\\\/www.altaviadeimontilattari.it\\\/#website\"},\"primaryImageOfPage\":{\"@id\":\"https:\\\/\\\/www.altaviadeimontilattari.it\\\/fr\\\/17-torca-352-m\\\/#primaryimage\"},\"image\":{\"@id\":\"https:\\\/\\\/www.altaviadeimontilattari.it\\\/fr\\\/17-torca-352-m\\\/#primaryimage\"},\"thumbnailUrl\":\"https:\\\/\\\/i0.wp.com\\\/www.altaviadeimontilattari.it\\\/wp-content\\\/uploads\\\/2020\\\/11\\\/portada-torca.jpg?fit=600%2C600&ssl=1\",\"datePublished\":\"2020-11-20T22:11:13+00:00\",\"dateModified\":\"2022-07-09T11:56:33+00:00\",\"description\":\"Du promontoire de Malacoccola, vous atteignez les premi\u00e8res ruelles du petit village de Torca, un hameau de Massa Lubrense.\",\"breadcrumb\":{\"@id\":\"https:\\\/\\\/www.altaviadeimontilattari.it\\\/fr\\\/17-torca-352-m\\\/#breadcrumb\"},\"inLanguage\":\"fr-FR\",\"potentialAction\":[{\"@type\":\"ReadAction\",\"target\":[\"https:\\\/\\\/www.altaviadeimontilattari.it\\\/fr\\\/17-torca-352-m\\\/\"]}]},{\"@type\":\"ImageObject\",\"inLanguage\":\"fr-FR\",\"@id\":\"https:\\\/\\\/www.altaviadeimontilattari.it\\\/fr\\\/17-torca-352-m\\\/#primaryimage\",\"url\":\"https:\\\/\\\/i0.wp.com\\\/www.altaviadeimontilattari.it\\\/wp-content\\\/uploads\\\/2020\\\/11\\\/portada-torca.jpg?fit=600%2C600&ssl=1\",\"contentUrl\":\"https:\\\/\\\/i0.wp.com\\\/www.altaviadeimontilattari.it\\\/wp-content\\\/uploads\\\/2020\\\/11\\\/portada-torca.jpg?fit=600%2C600&ssl=1\",\"width\":600,\"height\":600},{\"@type\":\"BreadcrumbList\",\"@id\":\"https:\\\/\\\/www.altaviadeimontilattari.it\\\/fr\\\/17-torca-352-m\\\/#breadcrumb\",\"itemListElement\":[{\"@type\":\"ListItem\",\"position\":1,\"name\":\"Home\",\"item\":\"https:\\\/\\\/www.altaviadeimontilattari.it\\\/es\\\/\"},{\"@type\":\"ListItem\",\"position\":2,\"name\":\"17. Tor\u00e7a (352 m)\"}]},{\"@type\":\"WebSite\",\"@id\":\"https:\\\/\\\/www.altaviadeimontilattari.it\\\/#website\",\"url\":\"https:\\\/\\\/www.altaviadeimontilattari.it\\\/\",\"name\":\"Alta Via dei Monti Lattari\",\"description\":\"La montagna \u00e8 un modo di vivere la vita.\",\"publisher\":{\"@id\":\"https:\\\/\\\/www.altaviadeimontilattari.it\\\/#organization\"},\"potentialAction\":[{\"@type\":\"SearchAction\",\"target\":{\"@type\":\"EntryPoint\",\"urlTemplate\":\"https:\\\/\\\/www.altaviadeimontilattari.it\\\/?s={search_term_string}\"},\"query-input\":{\"@type\":\"PropertyValueSpecification\",\"valueRequired\":true,\"valueName\":\"search_term_string\"}}],\"inLanguage\":\"fr-FR\"},{\"@type\":\"Organization\",\"@id\":\"https:\\\/\\\/www.altaviadeimontilattari.it\\\/#organization\",\"name\":\"Alta Via dei Monti Lattari\",\"url\":\"https:\\\/\\\/www.altaviadeimontilattari.it\\\/\",\"logo\":{\"@type\":\"ImageObject\",\"inLanguage\":\"fr-FR\",\"@id\":\"https:\\\/\\\/www.altaviadeimontilattari.it\\\/#\\\/schema\\\/logo\\\/image\\\/\",\"url\":\"https:\\\/\\\/i0.wp.com\\\/www.altaviadeimontilattari.it\\\/wp-content\\\/uploads\\\/2020\\\/12\\\/alta_via_monyi_lattari_logo.png?fit=325%2C100&ssl=1\",\"contentUrl\":\"https:\\\/\\\/i0.wp.com\\\/www.altaviadeimontilattari.it\\\/wp-content\\\/uploads\\\/2020\\\/12\\\/alta_via_monyi_lattari_logo.png?fit=325%2C100&ssl=1\",\"width\":325,\"height\":100,\"caption\":\"Alta Via dei Monti Lattari\"},\"image\":{\"@id\":\"https:\\\/\\\/www.altaviadeimontilattari.it\\\/#\\\/schema\\\/logo\\\/image\\\/\"}},{\"@type\":\"Person\",\"@id\":\"https:\\\/\\\/www.altaviadeimontilattari.it\\\/#\\\/schema\\\/person\\\/47c8033a7c6005363bf26047c156ed2c\",\"name\":\"Turismo.Ricercattiva\",\"image\":{\"@type\":\"ImageObject\",\"inLanguage\":\"fr-FR\",\"@id\":\"https:\\\/\\\/secure.gravatar.com\\\/avatar\\\/da245a1cae9c81db24d2b96301301cb5f0847cd0f266ee5b9deb95611bf13d92?s=96&d=mm&r=g\",\"url\":\"https:\\\/\\\/secure.gravatar.com\\\/avatar\\\/da245a1cae9c81db24d2b96301301cb5f0847cd0f266ee5b9deb95611bf13d92?s=96&d=mm&r=g\",\"contentUrl\":\"https:\\\/\\\/secure.gravatar.com\\\/avatar\\\/da245a1cae9c81db24d2b96301301cb5f0847cd0f266ee5b9deb95611bf13d92?s=96&d=mm&r=g\",\"caption\":\"Turismo.Ricercattiva\"},\"sameAs\":[\"http:\\\/\\\/turismo.ricercattiva.it\"],\"url\":\"https:\\\/\\\/www.altaviadeimontilattari.it\\\/fr\\\/author\\\/turismo-ricercattiva\\\/\"}]}<\/script>\n<!-- \/ Yoast SEO plugin. -->","yoast_head_json":{"title":"17. Tor\u00e7a (352 m) - Alta Via dei Monti Lattari","description":"Du promontoire de Malacoccola, vous atteignez les premi\u00e8res ruelles du petit village de Torca, un hameau de Massa Lubrense.","robots":{"index":"index","follow":"follow","max-snippet":"max-snippet:-1","max-image-preview":"max-image-preview:large","max-video-preview":"max-video-preview:-1"},"canonical":"https:\/\/www.altaviadeimontilattari.it\/fr\/17-torca-352-m\/","og_locale":"fr_FR","og_type":"article","og_title":"17. Tor\u00e7a (352 m) - Alta Via dei Monti Lattari","og_description":"Du promontoire de Malacoccola, vous atteignez les premi\u00e8res ruelles du petit village de Torca, un hameau de Massa Lubrense.","og_url":"https:\/\/www.altaviadeimontilattari.it\/fr\/17-torca-352-m\/","og_site_name":"Alta Via dei Monti Lattari","article_published_time":"2020-11-20T22:11:13+00:00","article_modified_time":"2022-07-09T11:56:33+00:00","og_image":[{"width":600,"height":600,"url":"https:\/\/www.altaviadeimontilattari.it\/wp-content\/uploads\/2020\/11\/portada-torca.jpg","type":"image\/jpeg"}],"author":"Turismo.Ricercattiva","twitter_card":"summary_large_image","twitter_misc":{"\u00c9crit par":"Turismo.Ricercattiva","Dur\u00e9e de lecture estim\u00e9e":"1 minute"},"schema":{"@context":"https:\/\/schema.org","@graph":[{"@type":"Article","@id":"https:\/\/www.altaviadeimontilattari.it\/fr\/17-torca-352-m\/#article","isPartOf":{"@id":"https:\/\/www.altaviadeimontilattari.it\/fr\/17-torca-352-m\/"},"author":{"name":"Turismo.Ricercattiva","@id":"https:\/\/www.altaviadeimontilattari.it\/#\/schema\/person\/47c8033a7c6005363bf26047c156ed2c"},"headline":"17. Tor\u00e7a (352 m)","datePublished":"2020-11-20T22:11:13+00:00","dateModified":"2022-07-09T11:56:33+00:00","mainEntityOfPage":{"@id":"https:\/\/www.altaviadeimontilattari.it\/fr\/17-torca-352-m\/"},"wordCount":248,"commentCount":0,"publisher":{"@id":"https:\/\/www.altaviadeimontilattari.it\/#organization"},"image":{"@id":"https:\/\/www.altaviadeimontilattari.it\/fr\/17-torca-352-m\/#primaryimage"},"thumbnailUrl":"https:\/\/i0.wp.com\/www.altaviadeimontilattari.it\/wp-content\/uploads\/2020\/11\/portada-torca.jpg?fit=600%2C600&ssl=1","articleSection":["Visite de l'Alta Via dei Monti Lattari"],"inLanguage":"fr-FR","potentialAction":[{"@type":"CommentAction","name":"Comment","target":["https:\/\/www.altaviadeimontilattari.it\/fr\/17-torca-352-m\/#respond"]}]},{"@type":"WebPage","@id":"https:\/\/www.altaviadeimontilattari.it\/fr\/17-torca-352-m\/","url":"https:\/\/www.altaviadeimontilattari.it\/fr\/17-torca-352-m\/","name":"17. Tor\u00e7a (352 m) - Alta Via dei Monti Lattari","isPartOf":{"@id":"https:\/\/www.altaviadeimontilattari.it\/#website"},"primaryImageOfPage":{"@id":"https:\/\/www.altaviadeimontilattari.it\/fr\/17-torca-352-m\/#primaryimage"},"image":{"@id":"https:\/\/www.altaviadeimontilattari.it\/fr\/17-torca-352-m\/#primaryimage"},"thumbnailUrl":"https:\/\/i0.wp.com\/www.altaviadeimontilattari.it\/wp-content\/uploads\/2020\/11\/portada-torca.jpg?fit=600%2C600&ssl=1","datePublished":"2020-11-20T22:11:13+00:00","dateModified":"2022-07-09T11:56:33+00:00","description":"Du promontoire de Malacoccola, vous atteignez les premi\u00e8res ruelles du petit village de Torca, un hameau de Massa Lubrense.","breadcrumb":{"@id":"https:\/\/www.altaviadeimontilattari.it\/fr\/17-torca-352-m\/#breadcrumb"},"inLanguage":"fr-FR","potentialAction":[{"@type":"ReadAction","target":["https:\/\/www.altaviadeimontilattari.it\/fr\/17-torca-352-m\/"]}]},{"@type":"ImageObject","inLanguage":"fr-FR","@id":"https:\/\/www.altaviadeimontilattari.it\/fr\/17-torca-352-m\/#primaryimage","url":"https:\/\/i0.wp.com\/www.altaviadeimontilattari.it\/wp-content\/uploads\/2020\/11\/portada-torca.jpg?fit=600%2C600&ssl=1","contentUrl":"https:\/\/i0.wp.com\/www.altaviadeimontilattari.it\/wp-content\/uploads\/2020\/11\/portada-torca.jpg?fit=600%2C600&ssl=1","width":600,"height":600},{"@type":"BreadcrumbList","@id":"https:\/\/www.altaviadeimontilattari.it\/fr\/17-torca-352-m\/#breadcrumb","itemListElement":[{"@type":"ListItem","position":1,"name":"Home","item":"https:\/\/www.altaviadeimontilattari.it\/es\/"},{"@type":"ListItem","position":2,"name":"17. Tor\u00e7a (352 m)"}]},{"@type":"WebSite","@id":"https:\/\/www.altaviadeimontilattari.it\/#website","url":"https:\/\/www.altaviadeimontilattari.it\/","name":"Alta Via dei Monti Lattari","description":"La montagna \u00e8 un modo di vivere la vita.","publisher":{"@id":"https:\/\/www.altaviadeimontilattari.it\/#organization"},"potentialAction":[{"@type":"SearchAction","target":{"@type":"EntryPoint","urlTemplate":"https:\/\/www.altaviadeimontilattari.it\/?s={search_term_string}"},"query-input":{"@type":"PropertyValueSpecification","valueRequired":true,"valueName":"search_term_string"}}],"inLanguage":"fr-FR"},{"@type":"Organization","@id":"https:\/\/www.altaviadeimontilattari.it\/#organization","name":"Alta Via dei Monti Lattari","url":"https:\/\/www.altaviadeimontilattari.it\/","logo":{"@type":"ImageObject","inLanguage":"fr-FR","@id":"https:\/\/www.altaviadeimontilattari.it\/#\/schema\/logo\/image\/","url":"https:\/\/i0.wp.com\/www.altaviadeimontilattari.it\/wp-content\/uploads\/2020\/12\/alta_via_monyi_lattari_logo.png?fit=325%2C100&ssl=1","contentUrl":"https:\/\/i0.wp.com\/www.altaviadeimontilattari.it\/wp-content\/uploads\/2020\/12\/alta_via_monyi_lattari_logo.png?fit=325%2C100&ssl=1","width":325,"height":100,"caption":"Alta Via dei Monti Lattari"},"image":{"@id":"https:\/\/www.altaviadeimontilattari.it\/#\/schema\/logo\/image\/"}},{"@type":"Person","@id":"https:\/\/www.altaviadeimontilattari.it\/#\/schema\/person\/47c8033a7c6005363bf26047c156ed2c","name":"Turismo.Ricercattiva","image":{"@type":"ImageObject","inLanguage":"fr-FR","@id":"https:\/\/secure.gravatar.com\/avatar\/da245a1cae9c81db24d2b96301301cb5f0847cd0f266ee5b9deb95611bf13d92?s=96&d=mm&r=g","url":"https:\/\/secure.gravatar.com\/avatar\/da245a1cae9c81db24d2b96301301cb5f0847cd0f266ee5b9deb95611bf13d92?s=96&d=mm&r=g","contentUrl":"https:\/\/secure.gravatar.com\/avatar\/da245a1cae9c81db24d2b96301301cb5f0847cd0f266ee5b9deb95611bf13d92?s=96&d=mm&r=g","caption":"Turismo.Ricercattiva"},"sameAs":["http:\/\/turismo.ricercattiva.it"],"url":"https:\/\/www.altaviadeimontilattari.it\/fr\/author\/turismo-ricercattiva\/"}]}},"jetpack_featured_media_url":"https:\/\/i0.wp.com\/www.altaviadeimontilattari.it\/wp-content\/uploads\/2020\/11\/portada-torca.jpg?fit=600%2C600&ssl=1","jetpack-related-posts":[{"id":6474,"url":"https:\/\/www.altaviadeimontilattari.it\/fr\/18-recommune-0-m\/","url_meta":{"origin":6482,"position":0},"title":"18. R\u00e9commune (0 m)","author":"Turismo.Ricercattiva","date":"20 novembre 2020","format":false,"excerpt":"Continuer le long du chemin 300 CAI de Torca , apr\u00e8s avoir travers\u00e9 la pin\u00e8de sur la c\u00f4te, vous atteignez la baie de Recommone , un coin pittoresque de la c\u00f4te amalfitaine bien prot\u00e9g\u00e9 du vent. Avant de descendre vers la plage, quand on est encore en altitude, le chemin\u2026","rel":"","context":"Dans &quot;Visite de l'Alta Via dei Monti Lattari&quot;","block_context":{"text":"Visite de l'Alta Via dei Monti Lattari","link":"https:\/\/www.altaviadeimontilattari.it\/fr\/category\/visite-de-lalta-via-dei-monti-lattari\/"},"img":{"alt_text":"","src":"https:\/\/i0.wp.com\/www.altaviadeimontilattari.it\/wp-content\/uploads\/2020\/11\/recommone_tour.png?fit=1024%2C1024&ssl=1&resize=350%2C200","width":350,"height":200,"srcset":"https:\/\/i0.wp.com\/www.altaviadeimontilattari.it\/wp-content\/uploads\/2020\/11\/recommone_tour.png?fit=1024%2C1024&ssl=1&resize=350%2C200 1x, https:\/\/i0.wp.com\/www.altaviadeimontilattari.it\/wp-content\/uploads\/2020\/11\/recommone_tour.png?fit=1024%2C1024&ssl=1&resize=525%2C300 1.5x, https:\/\/i0.wp.com\/www.altaviadeimontilattari.it\/wp-content\/uploads\/2020\/11\/recommone_tour.png?fit=1024%2C1024&ssl=1&resize=700%2C400 2x"},"classes":[]},{"id":6308,"url":"https:\/\/www.altaviadeimontilattari.it\/fr\/15-de-conca-dei-marini-a-cospita\/","url_meta":{"origin":6482,"position":1},"title":"15 De Conca dei Marini \u00e0 Cospita","author":"","date":"17 f\u00e9vrier 2022","format":false,"excerpt":"Du couvent de Santa Rosa \u00e0 Conca de Marini aux ruines du couvent de Cospita, en passant par San Lazzaro Dur\u00e9e: 7,5 km Temps de voyage: 6h 30' Itin\u00e9raire - Sur l'ensemble du parcours, le d\u00e9nivel\u00e9 \u00e0 affronter est d'environ 600 m\u00e8tres. R\u00e9ductible \u00e0 partir de San Lazzaro. Tron\u00e7on expos\u00e9\u2026","rel":"","context":"Dans &quot;Les sentiers&quot;","block_context":{"text":"Les sentiers","link":"https:\/\/www.altaviadeimontilattari.it\/fr\/category\/les-sentiers\/"},"img":{"alt_text":"","src":"https:\/\/i0.wp.com\/www.altaviadeimontilattari.it\/wp-content\/uploads\/2022\/03\/IMG_36541-scaled.jpg?resize=350%2C200&ssl=1","width":350,"height":200,"srcset":"https:\/\/i0.wp.com\/www.altaviadeimontilattari.it\/wp-content\/uploads\/2022\/03\/IMG_36541-scaled.jpg?resize=350%2C200&ssl=1 1x, https:\/\/i0.wp.com\/www.altaviadeimontilattari.it\/wp-content\/uploads\/2022\/03\/IMG_36541-scaled.jpg?resize=525%2C300&ssl=1 1.5x, https:\/\/i0.wp.com\/www.altaviadeimontilattari.it\/wp-content\/uploads\/2022\/03\/IMG_36541-scaled.jpg?resize=700%2C400&ssl=1 2x, https:\/\/i0.wp.com\/www.altaviadeimontilattari.it\/wp-content\/uploads\/2022\/03\/IMG_36541-scaled.jpg?resize=1050%2C600&ssl=1 3x, https:\/\/i0.wp.com\/www.altaviadeimontilattari.it\/wp-content\/uploads\/2022\/03\/IMG_36541-scaled.jpg?resize=1400%2C800&ssl=1 4x"},"classes":[]},{"id":6396,"url":"https:\/\/www.altaviadeimontilattari.it\/fr\/4-de-maiori-a-erchie\/","url_meta":{"origin":6482,"position":2},"title":"4. De Maiori \u00e0 Erchie","author":"","date":"8 f\u00e9vrier 2022","format":false,"excerpt":"Maiori - Sanctuaire de l'Avvocata -Vallone San Nicola -Erchie Dur\u00e9e : 8,2 km Temps de voyage : 6h 30' Itin\u00e9raire - 840 m\u00e8tres de d\u00e9nivel\u00e9 et plus de 9 kilom\u00e8tres \u00e0 parcourir rendent cet itin\u00e9raire difficile. Pas de difficult\u00e9s techniques mais bon entra\u00eenement.\r Logistique - En transports en commun :\u2026","rel":"","context":"Dans &quot;Les sentiers&quot;","block_context":{"text":"Les sentiers","link":"https:\/\/www.altaviadeimontilattari.it\/fr\/category\/les-sentiers\/"},"img":{"alt_text":"","src":"https:\/\/i0.wp.com\/www.altaviadeimontilattari.it\/wp-content\/uploads\/2022\/03\/IMG_36431-scaled.jpg?resize=350%2C200&ssl=1","width":350,"height":200,"srcset":"https:\/\/i0.wp.com\/www.altaviadeimontilattari.it\/wp-content\/uploads\/2022\/03\/IMG_36431-scaled.jpg?resize=350%2C200&ssl=1 1x, https:\/\/i0.wp.com\/www.altaviadeimontilattari.it\/wp-content\/uploads\/2022\/03\/IMG_36431-scaled.jpg?resize=525%2C300&ssl=1 1.5x, https:\/\/i0.wp.com\/www.altaviadeimontilattari.it\/wp-content\/uploads\/2022\/03\/IMG_36431-scaled.jpg?resize=700%2C400&ssl=1 2x, https:\/\/i0.wp.com\/www.altaviadeimontilattari.it\/wp-content\/uploads\/2022\/03\/IMG_36431-scaled.jpg?resize=1050%2C600&ssl=1 3x, https:\/\/i0.wp.com\/www.altaviadeimontilattari.it\/wp-content\/uploads\/2022\/03\/IMG_36431-scaled.jpg?resize=1400%2C800&ssl=1 4x"},"classes":[]},{"id":6578,"url":"https:\/\/www.altaviadeimontilattari.it\/fr\/5-mont-finestra-1145-m\/","url_meta":{"origin":6482,"position":3},"title":"5. Mont Finestra (1145 m)","author":"Turismo.Ricercattiva","date":"20 novembre 2020","format":false,"excerpt":"Monte Finestra est une \u00e9tape fondamentale de notre itin\u00e9raire avec un panorama magnifique.","rel":"","context":"Dans &quot;Visite de l'Alta Via dei Monti Lattari&quot;","block_context":{"text":"Visite de l'Alta Via dei Monti Lattari","link":"https:\/\/www.altaviadeimontilattari.it\/fr\/category\/visite-de-lalta-via-dei-monti-lattari\/"},"img":{"alt_text":"","src":"https:\/\/i0.wp.com\/www.altaviadeimontilattari.it\/wp-content\/uploads\/2020\/12\/monte_finestra.jpg?fit=1000%2C1000&ssl=1&resize=350%2C200","width":350,"height":200,"srcset":"https:\/\/i0.wp.com\/www.altaviadeimontilattari.it\/wp-content\/uploads\/2020\/12\/monte_finestra.jpg?fit=1000%2C1000&ssl=1&resize=350%2C200 1x, https:\/\/i0.wp.com\/www.altaviadeimontilattari.it\/wp-content\/uploads\/2020\/12\/monte_finestra.jpg?fit=1000%2C1000&ssl=1&resize=525%2C300 1.5x, https:\/\/i0.wp.com\/www.altaviadeimontilattari.it\/wp-content\/uploads\/2020\/12\/monte_finestra.jpg?fit=1000%2C1000&ssl=1&resize=700%2C400 2x"},"classes":[]},{"id":6466,"url":"https:\/\/www.altaviadeimontilattari.it\/fr\/19-mont-san-costanzo-490-m\/","url_meta":{"origin":6482,"position":4},"title":"19. Mont San Costanzo (490 m)","author":"Turismo.Ricercattiva","date":"20 novembre 2020","format":false,"excerpt":"Nous quittons la plage de Recommone et continuons vers le dernier tron\u00e7on de l'Alta Via dei Monti Lattari. Depuis le niveau de la mer, depuis la plage Marina del Cantone , nous commen\u00e7ons la mont\u00e9e vers Monte San Costanzo \u00e0 490m de la mer. Nous suivons la Via Cantone qui\u2026","rel":"","context":"Dans &quot;Visite de l'Alta Via dei Monti Lattari&quot;","block_context":{"text":"Visite de l'Alta Via dei Monti Lattari","link":"https:\/\/www.altaviadeimontilattari.it\/fr\/category\/visite-de-lalta-via-dei-monti-lattari\/"},"img":{"alt_text":"","src":"https:\/\/i0.wp.com\/www.altaviadeimontilattari.it\/wp-content\/uploads\/2020\/11\/IMG_20200607_162155.jpg?fit=1200%2C1200&ssl=1&resize=350%2C200","width":350,"height":200,"srcset":"https:\/\/i0.wp.com\/www.altaviadeimontilattari.it\/wp-content\/uploads\/2020\/11\/IMG_20200607_162155.jpg?fit=1200%2C1200&ssl=1&resize=350%2C200 1x, https:\/\/i0.wp.com\/www.altaviadeimontilattari.it\/wp-content\/uploads\/2020\/11\/IMG_20200607_162155.jpg?fit=1200%2C1200&ssl=1&resize=525%2C300 1.5x, https:\/\/i0.wp.com\/www.altaviadeimontilattari.it\/wp-content\/uploads\/2020\/11\/IMG_20200607_162155.jpg?fit=1200%2C1200&ssl=1&resize=700%2C400 2x, https:\/\/i0.wp.com\/www.altaviadeimontilattari.it\/wp-content\/uploads\/2020\/11\/IMG_20200607_162155.jpg?fit=1200%2C1200&ssl=1&resize=1050%2C600 3x"},"classes":[]},{"id":6372,"url":"https:\/\/www.altaviadeimontilattari.it\/fr\/7-du-majeur-au-mineur\/","url_meta":{"origin":6482,"position":5},"title":"7. Du majeur au mineur","author":"","date":"9 f\u00e9vrier 2022","format":false,"excerpt":"Passage par le couvent de San Nicola, la vall\u00e9e du Sambuco et visite de la villa romaine. Dur\u00e9e\u00a0: 10,7\u00a0km Temps de trajet : 4h30' Itin\u00e9raire - Hors le court tron\u00e7on initial, qui d\u00e9passe un d\u00e9nivel\u00e9 de plus de 200 m\u00e8tres, la difficult\u00e9 est comparable \u00e0 un peu plus qu'une marche.\u2026","rel":"","context":"Dans &quot;Les sentiers&quot;","block_context":{"text":"Les sentiers","link":"https:\/\/www.altaviadeimontilattari.it\/fr\/category\/les-sentiers\/"},"img":{"alt_text":"","src":"https:\/\/i0.wp.com\/www.altaviadeimontilattari.it\/wp-content\/uploads\/2022\/03\/IMG_36461-scaled.jpg?resize=350%2C200&ssl=1","width":350,"height":200,"srcset":"https:\/\/i0.wp.com\/www.altaviadeimontilattari.it\/wp-content\/uploads\/2022\/03\/IMG_36461-scaled.jpg?resize=350%2C200&ssl=1 1x, https:\/\/i0.wp.com\/www.altaviadeimontilattari.it\/wp-content\/uploads\/2022\/03\/IMG_36461-scaled.jpg?resize=525%2C300&ssl=1 1.5x, https:\/\/i0.wp.com\/www.altaviadeimontilattari.it\/wp-content\/uploads\/2022\/03\/IMG_36461-scaled.jpg?resize=700%2C400&ssl=1 2x, https:\/\/i0.wp.com\/www.altaviadeimontilattari.it\/wp-content\/uploads\/2022\/03\/IMG_36461-scaled.jpg?resize=1050%2C600&ssl=1 3x, https:\/\/i0.wp.com\/www.altaviadeimontilattari.it\/wp-content\/uploads\/2022\/03\/IMG_36461-scaled.jpg?resize=1400%2C800&ssl=1 4x"},"classes":[]}],"jetpack_shortlink":"https:\/\/wp.me\/pcGNaV-1Gy","jetpack_sharing_enabled":true,"_links":{"self":[{"href":"https:\/\/www.altaviadeimontilattari.it\/fr\/wp-json\/wp\/v2\/posts\/6482","targetHints":{"allow":["GET"]}}],"collection":[{"href":"https:\/\/www.altaviadeimontilattari.it\/fr\/wp-json\/wp\/v2\/posts"}],"about":[{"href":"https:\/\/www.altaviadeimontilattari.it\/fr\/wp-json\/wp\/v2\/types\/post"}],"author":[{"embeddable":true,"href":"https:\/\/www.altaviadeimontilattari.it\/fr\/wp-json\/wp\/v2\/users\/3"}],"replies":[{"embeddable":true,"href":"https:\/\/www.altaviadeimontilattari.it\/fr\/wp-json\/wp\/v2\/comments?post=6482"}],"version-history":[{"count":1,"href":"https:\/\/www.altaviadeimontilattari.it\/fr\/wp-json\/wp\/v2\/posts\/6482\/revisions"}],"predecessor-version":[{"id":6483,"href":"https:\/\/www.altaviadeimontilattari.it\/fr\/wp-json\/wp\/v2\/posts\/6482\/revisions\/6483"}],"wp:featuredmedia":[{"embeddable":true,"href":"https:\/\/www.altaviadeimontilattari.it\/fr\/wp-json\/wp\/v2\/media\/5268"}],"wp:attachment":[{"href":"https:\/\/www.altaviadeimontilattari.it\/fr\/wp-json\/wp\/v2\/media?parent=6482"}],"wp:term":[{"taxonomy":"category","embeddable":true,"href":"https:\/\/www.altaviadeimontilattari.it\/fr\/wp-json\/wp\/v2\/categories?post=6482"},{"taxonomy":"post_tag","embeddable":true,"href":"https:\/\/www.altaviadeimontilattari.it\/fr\/wp-json\/wp\/v2\/tags?post=6482"}],"curies":[{"name":"wp","href":"https:\/\/api.w.org\/{rel}","templated":true}]}}