{"id":6490,"date":"2020-11-20T22:10:15","date_gmt":"2020-11-20T22:10:15","guid":{"rendered":"https:\/\/www.altaviadeimontilattari.it\/16-malacoque-493-m\/"},"modified":"2022-07-09T12:02:16","modified_gmt":"2022-07-09T12:02:16","slug":"16-malacoque-493-m","status":"publish","type":"post","link":"https:\/\/www.altaviadeimontilattari.it\/fr\/16-malacoque-493-m\/","title":{"rendered":"16. Malacoque (493 m)"},"content":{"rendered":"<p>Le promontoire de <strong> <em> Malacoccola <\/em> <\/strong> est l&rsquo;un des points d&rsquo;int\u00e9r\u00eat paysager situ\u00e9 le long du versant sud de la p\u00e9ninsule de Sorrente. De la petite place des <strong> Colli di Fontanelle <\/strong> (fraction de <b> Sant&rsquo;Agnello <\/b>), suivez le chemin de l&rsquo;Alta Via dei Monti Lattari qui continue vers une petite route qui traverse quelques virages en \u00e9pingle \u00e0 cheveux de la route nationale, vous atteignez le virage le plus haut pr\u00e8s d&rsquo;un sanctuaire dans la roche o\u00f9 vous reprenez le chemin.<\/p>\n<p>L&rsquo;itin\u00e9raire passe par des ch\u00e2taigneraies, des arbustes, des fleurs et des parfums. Montez ensuite une l\u00e9g\u00e8re mont\u00e9e jusqu&rsquo;au promontoire de <em> <strong> Malacoccola <\/strong> <\/em>, un endroit o\u00f9 vous pourrez admirer le golfe de Salerne. Le point culminant est <em> <strong> Pizzitiello <\/strong> <\/em> \u00e0 489 m et d\u00e8s que la descente commence, vous trouverez la bifurcation <em> <strong> pour Punta S. Elia. <\/strong> <\/em> En prenant le carrefour, vous descendez une descente quelque peu inaccessible qui vous permet d&rsquo;atteindre la soi-disant <em> <strong> \u00ab\u00a0Torre di Sant&rsquo;Elia\u00a0\u00bb, <\/strong> <\/em> en continuant vous traversez une propri\u00e9t\u00e9 priv\u00e9e o\u00f9 se trouvait autrefois une ancienne ferme puis continuez \u00e0 descendre jusqu&rsquo;\u00e0 atteindre la mer sur les rochers. De l\u00e0, pour les plus intr\u00e9pides, il est possible de profiter d&rsquo;un bon bain rafra\u00eechissant puis de retourner sur l&rsquo;Alta Via.<\/p>\n<p>Depuis le promontoire, le chemin continue en forte descente jusqu&rsquo;\u00e0 la ch\u00eanaie pubescente puis sur un plateau, un tron\u00e7on de chemin tr\u00e8s agr\u00e9able \u00e0 emprunter jusqu&rsquo;\u00e0 Torca.<\/p>\n\n<div class=\"wp-block-jetpack-tiled-gallery aligncenter is-style-rectangular\"><div class=\"tiled-gallery__gallery\"><div class=\"tiled-gallery__row\"><div class=\"tiled-gallery__col\" style=\"flex-basis:100.00000%\"><figure class=\"tiled-gallery__item\"><img decoding=\"async\" role=\"button\" tabindex=\"0\" aria-label=\"Ouvrir l\u2019image 1 sur 6 en plein \u00e9cran\"srcset=\"https:\/\/i0.wp.com\/www.altaviadeimontilattari.it\/wp-content\/uploads\/2021\/08\/sant_elia_porta.png?strip=info&#038;w=600&#038;ssl=1 600w,https:\/\/i0.wp.com\/www.altaviadeimontilattari.it\/wp-content\/uploads\/2021\/08\/sant_elia_porta.png?strip=info&#038;w=900&#038;ssl=1 900w,https:\/\/i0.wp.com\/www.altaviadeimontilattari.it\/wp-content\/uploads\/2021\/08\/sant_elia_porta.png?strip=info&#038;w=1024&#038;ssl=1 1024w\" alt=\"Punta Sant'Elia Masseria\" data-height=\"282\" data-id=\"3776\" data-link=\"https:\/\/altaviadeimontilattari.it\/16-malacoccola-493-m\/sant_elia_porta\/\" data-url=\"https:\/\/altaviadeimontilattari.it\/wp-content\/uploads\/2021\/08\/sant_elia_porta.png\" data-width=\"1024\" src=\"https:\/\/i0.wp.com\/www.altaviadeimontilattari.it\/wp-content\/uploads\/2021\/08\/sant_elia_porta.png?ssl=1\" data-amp-layout=\"responsive\"\/><\/figure><\/div><\/div><div class=\"tiled-gallery__row\"><div class=\"tiled-gallery__col\" style=\"flex-basis:53.93811%\"><figure class=\"tiled-gallery__item\"><img decoding=\"async\" role=\"button\" tabindex=\"0\" aria-label=\"Ouvrir l\u2019image 2 sur 6 en plein \u00e9cran\"srcset=\"https:\/\/i0.wp.com\/www.altaviadeimontilattari.it\/wp-content\/uploads\/2021\/08\/sant_elia_masseria.png?strip=info&#038;w=576&#038;ssl=1 576w\" alt=\"Punta Sant'Elia Masseria\" data-height=\"1024\" data-id=\"3777\" data-link=\"https:\/\/altaviadeimontilattari.it\/16-malacoccola-493-m\/sant_elia_masseria\/\" data-url=\"https:\/\/altaviadeimontilattari.it\/wp-content\/uploads\/2021\/08\/sant_elia_masseria.png\" data-width=\"576\" src=\"https:\/\/i0.wp.com\/www.altaviadeimontilattari.it\/wp-content\/uploads\/2021\/08\/sant_elia_masseria.png?ssl=1\" data-amp-layout=\"responsive\"\/><\/figure><\/div><div class=\"tiled-gallery__col\" style=\"flex-basis:46.06189%\"><figure class=\"tiled-gallery__item\"><img decoding=\"async\" role=\"button\" tabindex=\"0\" aria-label=\"Ouvrir l\u2019image 3 sur 6 en plein \u00e9cran\"srcset=\"https:\/\/i1.wp.com\/www.altaviadeimontilattari.it\/wp-content\/uploads\/2021\/08\/sant_elia_torre.png?strip=info&#038;w=600&#038;ssl=1 600w,https:\/\/i1.wp.com\/www.altaviadeimontilattari.it\/wp-content\/uploads\/2021\/08\/sant_elia_torre.png?strip=info&#038;w=900&#038;ssl=1 900w,https:\/\/i1.wp.com\/www.altaviadeimontilattari.it\/wp-content\/uploads\/2021\/08\/sant_elia_torre.png?strip=info&#038;w=1024&#038;ssl=1 1024w\" alt=\"Torre a Punta Sant'Elia\" data-height=\"768\" data-id=\"3778\" data-link=\"https:\/\/altaviadeimontilattari.it\/16-malacoccola-493-m\/sant_elia_torre\/\" data-url=\"https:\/\/altaviadeimontilattari.it\/wp-content\/uploads\/2021\/08\/sant_elia_torre.png\" data-width=\"1024\" src=\"https:\/\/i1.wp.com\/www.altaviadeimontilattari.it\/wp-content\/uploads\/2021\/08\/sant_elia_torre.png?ssl=1\" data-amp-layout=\"responsive\"\/><\/figure><figure class=\"tiled-gallery__item\"><img decoding=\"async\" role=\"button\" tabindex=\"0\" aria-label=\"Ouvrir l\u2019image 4 sur 6 en plein \u00e9cran\"srcset=\"https:\/\/i0.wp.com\/www.altaviadeimontilattari.it\/wp-content\/uploads\/2021\/08\/sant_elia_discesa_mare.png?strip=info&#038;w=600&#038;ssl=1 600w,https:\/\/i0.wp.com\/www.altaviadeimontilattari.it\/wp-content\/uploads\/2021\/08\/sant_elia_discesa_mare.png?strip=info&#038;w=900&#038;ssl=1 900w,https:\/\/i0.wp.com\/www.altaviadeimontilattari.it\/wp-content\/uploads\/2021\/08\/sant_elia_discesa_mare.png?strip=info&#038;w=1024&#038;ssl=1 1024w\" alt=\"Punta Sant'Elia\" data-height=\"768\" data-id=\"3779\" data-link=\"https:\/\/altaviadeimontilattari.it\/16-malacoccola-493-m\/sant_elia_discesa_mare\/\" data-url=\"https:\/\/altaviadeimontilattari.it\/wp-content\/uploads\/2021\/08\/sant_elia_discesa_mare.png\" data-width=\"1024\" src=\"https:\/\/i0.wp.com\/www.altaviadeimontilattari.it\/wp-content\/uploads\/2021\/08\/sant_elia_discesa_mare.png?ssl=1\" data-amp-layout=\"responsive\"\/><\/figure><figure class=\"tiled-gallery__item\"><img decoding=\"async\" role=\"button\" tabindex=\"0\" aria-label=\"Ouvrir l\u2019image 5 sur 6 en plein \u00e9cran\"srcset=\"https:\/\/i1.wp.com\/www.altaviadeimontilattari.it\/wp-content\/uploads\/2021\/08\/malacoccola_panorama_2.png?strip=info&#038;w=600&#038;ssl=1 600w,https:\/\/i1.wp.com\/www.altaviadeimontilattari.it\/wp-content\/uploads\/2021\/08\/malacoccola_panorama_2.png?strip=info&#038;w=900&#038;ssl=1 900w,https:\/\/i1.wp.com\/www.altaviadeimontilattari.it\/wp-content\/uploads\/2021\/08\/malacoccola_panorama_2.png?strip=info&#038;w=1024&#038;ssl=1 1024w\" alt=\"Panorama da promontorio Malacoccola\" data-height=\"576\" data-id=\"3780\" data-link=\"https:\/\/altaviadeimontilattari.it\/16-malacoccola-493-m\/malacoccola_panorama_2\/\" data-url=\"https:\/\/altaviadeimontilattari.it\/wp-content\/uploads\/2021\/08\/malacoccola_panorama_2.png\" data-width=\"1024\" src=\"https:\/\/i1.wp.com\/www.altaviadeimontilattari.it\/wp-content\/uploads\/2021\/08\/malacoccola_panorama_2.png?ssl=1\" data-amp-layout=\"responsive\"\/><\/figure><\/div><\/div><div class=\"tiled-gallery__row\"><div class=\"tiled-gallery__col\" style=\"flex-basis:100.00000%\"><figure class=\"tiled-gallery__item\"><img decoding=\"async\" role=\"button\" tabindex=\"0\" aria-label=\"Ouvrir l\u2019image 6 sur 6 en plein \u00e9cran\"srcset=\"https:\/\/i1.wp.com\/www.altaviadeimontilattari.it\/wp-content\/uploads\/2021\/08\/malacoccola_panorama.png?strip=info&#038;w=600&#038;ssl=1 600w,https:\/\/i1.wp.com\/www.altaviadeimontilattari.it\/wp-content\/uploads\/2021\/08\/malacoccola_panorama.png?strip=info&#038;w=900&#038;ssl=1 900w,https:\/\/i1.wp.com\/www.altaviadeimontilattari.it\/wp-content\/uploads\/2021\/08\/malacoccola_panorama.png?strip=info&#038;w=1024&#038;ssl=1 1024w\" alt=\"Panorama da promontorio Malacoccola\" data-height=\"576\" data-id=\"3781\" data-link=\"https:\/\/altaviadeimontilattari.it\/16-malacoccola-493-m\/malacoccola_panorama\/\" data-url=\"https:\/\/altaviadeimontilattari.it\/wp-content\/uploads\/2021\/08\/malacoccola_panorama.png\" data-width=\"1024\" src=\"https:\/\/i1.wp.com\/www.altaviadeimontilattari.it\/wp-content\/uploads\/2021\/08\/malacoccola_panorama.png?ssl=1\" data-amp-layout=\"responsive\"\/><\/figure><\/div><\/div><\/div><\/div>\r\n<div style=\"margin: 20px 0;\"><div class=\"qrcswholewtapper\" style=\"text-align:left;\"><div class=\"qrcprowrapper\"  id=\"qrcwraa2leds\"><div class=\"qrc_canvass\" id=\"qrc_cuttenpages_2\" style=\"display:inline-block\" data-text=\"https:\/\/www.altaviadeimontilattari.it\/fr\/16-malacoque-493-m\/\"><\/div><div><a download=\"16. Malacoque (493 m).png\" class=\"qrcdownloads\" id=\"worign\">\r\n           <button type=\"button\" style=\"min-width:200px;background:#81ea00;color:#000;font-weight: 600;border: 1px solid #dddddd;border-radius:4px;font-size:12px;padding: 6px 0;\" class=\"uqr_code_btn\">Download QR<\/button>\r\n           <\/a><\/div><\/div><\/div><\/div>","protected":false},"excerpt":{"rendered":"<p>Le promontoire de Malacoccola est l&rsquo;un des points d&rsquo;int\u00e9r\u00eat paysager situ\u00e9 le long du versant sud de la p\u00e9ninsule de Sorrente. De la petite place des Colli di Fontanelle (fraction de Sant&rsquo;Agnello ), suivez le chemin de l&rsquo;Alta Via dei Monti Lattari qui continue vers une petite route qui traverse quelques virages en \u00e9pingle \u00e0&hellip;&nbsp;<a href=\"https:\/\/www.altaviadeimontilattari.it\/fr\/16-malacoque-493-m\/\" rel=\"bookmark\">Read More &raquo;<span class=\"screen-reader-text\">16. Malacoque (493 m)<\/span><\/a><\/p>\n","protected":false},"author":3,"featured_media":5308,"comment_status":"open","ping_status":"closed","sticky":false,"template":"","format":"standard","meta":{"neve_meta_sidebar":"","neve_meta_container":"","neve_meta_enable_content_width":"","neve_meta_content_width":0,"neve_meta_title_alignment":"","neve_meta_author_avatar":"","neve_post_elements_order":"","neve_meta_disable_header":"","neve_meta_disable_footer":"","neve_meta_disable_title":"","neve_meta_reading_time":"","_themeisle_gutenberg_block_has_review":false,"jetpack_post_was_ever_published":false,"_jetpack_newsletter_access":"","_jetpack_dont_email_post_to_subs":false,"_jetpack_newsletter_tier_id":0,"_jetpack_memberships_contains_paywalled_content":false,"_jetpack_memberships_contains_paid_content":false,"footnotes":""},"categories":[268],"tags":[],"class_list":["post-6490","post","type-post","status-publish","format-standard","has-post-thumbnail","hentry","category-visite-de-lalta-via-dei-monti-lattari"],"yoast_head":"<!-- This site is optimized with the Yoast SEO plugin v27.4 - https:\/\/yoast.com\/product\/yoast-seo-wordpress\/ -->\n<title>16. Malacoque (493 m) - Alta Via dei Monti Lattari<\/title>\n<meta name=\"description\" content=\"Le promontoire de Malacoccola est l&#039;un des points d&#039;int\u00e9r\u00eat paysager situ\u00e9 le long du versant sud de la p\u00e9ninsule de Sorrente.\" \/>\n<meta name=\"robots\" content=\"index, follow, max-snippet:-1, max-image-preview:large, max-video-preview:-1\" \/>\n<link rel=\"canonical\" href=\"https:\/\/www.altaviadeimontilattari.it\/fr\/16-malacoque-493-m\/\" \/>\n<meta property=\"og:locale\" content=\"fr_FR\" \/>\n<meta property=\"og:type\" content=\"article\" \/>\n<meta property=\"og:title\" content=\"16. Malacoque (493 m) - Alta Via dei Monti Lattari\" \/>\n<meta property=\"og:description\" content=\"Le promontoire de Malacoccola est l&#039;un des points d&#039;int\u00e9r\u00eat paysager situ\u00e9 le long du versant sud de la p\u00e9ninsule de Sorrente.\" \/>\n<meta property=\"og:url\" content=\"https:\/\/www.altaviadeimontilattari.it\/fr\/16-malacoque-493-m\/\" \/>\n<meta property=\"og:site_name\" content=\"Alta Via dei Monti Lattari\" \/>\n<meta property=\"article:published_time\" content=\"2020-11-20T22:10:15+00:00\" \/>\n<meta property=\"article:modified_time\" content=\"2022-07-09T12:02:16+00:00\" \/>\n<meta property=\"og:image\" content=\"https:\/\/www.altaviadeimontilattari.it\/wp-content\/uploads\/2020\/11\/malacoccola_1024.png\" \/>\n\t<meta property=\"og:image:width\" content=\"768\" \/>\n\t<meta property=\"og:image:height\" content=\"768\" \/>\n\t<meta property=\"og:image:type\" content=\"image\/png\" \/>\n<meta name=\"author\" content=\"Turismo.Ricercattiva\" \/>\n<meta name=\"twitter:card\" content=\"summary_large_image\" \/>\n<meta name=\"twitter:label1\" content=\"\u00c9crit par\" \/>\n\t<meta name=\"twitter:data1\" content=\"Turismo.Ricercattiva\" \/>\n\t<meta name=\"twitter:label2\" content=\"Dur\u00e9e de lecture estim\u00e9e\" \/>\n\t<meta name=\"twitter:data2\" content=\"1 minute\" \/>\n<script type=\"application\/ld+json\" class=\"yoast-schema-graph\">{\"@context\":\"https:\\\/\\\/schema.org\",\"@graph\":[{\"@type\":\"Article\",\"@id\":\"https:\\\/\\\/www.altaviadeimontilattari.it\\\/fr\\\/16-malacoque-493-m\\\/#article\",\"isPartOf\":{\"@id\":\"https:\\\/\\\/www.altaviadeimontilattari.it\\\/fr\\\/16-malacoque-493-m\\\/\"},\"author\":{\"name\":\"Turismo.Ricercattiva\",\"@id\":\"https:\\\/\\\/www.altaviadeimontilattari.it\\\/#\\\/schema\\\/person\\\/47c8033a7c6005363bf26047c156ed2c\"},\"headline\":\"16. Malacoque (493 m)\",\"datePublished\":\"2020-11-20T22:10:15+00:00\",\"dateModified\":\"2022-07-09T12:02:16+00:00\",\"mainEntityOfPage\":{\"@id\":\"https:\\\/\\\/www.altaviadeimontilattari.it\\\/fr\\\/16-malacoque-493-m\\\/\"},\"wordCount\":249,\"commentCount\":0,\"publisher\":{\"@id\":\"https:\\\/\\\/www.altaviadeimontilattari.it\\\/#organization\"},\"image\":{\"@id\":\"https:\\\/\\\/www.altaviadeimontilattari.it\\\/fr\\\/16-malacoque-493-m\\\/#primaryimage\"},\"thumbnailUrl\":\"https:\\\/\\\/i0.wp.com\\\/www.altaviadeimontilattari.it\\\/wp-content\\\/uploads\\\/2020\\\/11\\\/malacoccola_1024.png?fit=768%2C768&ssl=1\",\"articleSection\":[\"Visite de l'Alta Via dei Monti Lattari\"],\"inLanguage\":\"fr-FR\",\"potentialAction\":[{\"@type\":\"CommentAction\",\"name\":\"Comment\",\"target\":[\"https:\\\/\\\/www.altaviadeimontilattari.it\\\/fr\\\/16-malacoque-493-m\\\/#respond\"]}]},{\"@type\":\"WebPage\",\"@id\":\"https:\\\/\\\/www.altaviadeimontilattari.it\\\/fr\\\/16-malacoque-493-m\\\/\",\"url\":\"https:\\\/\\\/www.altaviadeimontilattari.it\\\/fr\\\/16-malacoque-493-m\\\/\",\"name\":\"16. Malacoque (493 m) - Alta Via dei Monti Lattari\",\"isPartOf\":{\"@id\":\"https:\\\/\\\/www.altaviadeimontilattari.it\\\/#website\"},\"primaryImageOfPage\":{\"@id\":\"https:\\\/\\\/www.altaviadeimontilattari.it\\\/fr\\\/16-malacoque-493-m\\\/#primaryimage\"},\"image\":{\"@id\":\"https:\\\/\\\/www.altaviadeimontilattari.it\\\/fr\\\/16-malacoque-493-m\\\/#primaryimage\"},\"thumbnailUrl\":\"https:\\\/\\\/i0.wp.com\\\/www.altaviadeimontilattari.it\\\/wp-content\\\/uploads\\\/2020\\\/11\\\/malacoccola_1024.png?fit=768%2C768&ssl=1\",\"datePublished\":\"2020-11-20T22:10:15+00:00\",\"dateModified\":\"2022-07-09T12:02:16+00:00\",\"description\":\"Le promontoire de Malacoccola est l'un des points d'int\u00e9r\u00eat paysager situ\u00e9 le long du versant sud de la p\u00e9ninsule de Sorrente.\",\"breadcrumb\":{\"@id\":\"https:\\\/\\\/www.altaviadeimontilattari.it\\\/fr\\\/16-malacoque-493-m\\\/#breadcrumb\"},\"inLanguage\":\"fr-FR\",\"potentialAction\":[{\"@type\":\"ReadAction\",\"target\":[\"https:\\\/\\\/www.altaviadeimontilattari.it\\\/fr\\\/16-malacoque-493-m\\\/\"]}]},{\"@type\":\"ImageObject\",\"inLanguage\":\"fr-FR\",\"@id\":\"https:\\\/\\\/www.altaviadeimontilattari.it\\\/fr\\\/16-malacoque-493-m\\\/#primaryimage\",\"url\":\"https:\\\/\\\/i0.wp.com\\\/www.altaviadeimontilattari.it\\\/wp-content\\\/uploads\\\/2020\\\/11\\\/malacoccola_1024.png?fit=768%2C768&ssl=1\",\"contentUrl\":\"https:\\\/\\\/i0.wp.com\\\/www.altaviadeimontilattari.it\\\/wp-content\\\/uploads\\\/2020\\\/11\\\/malacoccola_1024.png?fit=768%2C768&ssl=1\",\"width\":768,\"height\":768},{\"@type\":\"BreadcrumbList\",\"@id\":\"https:\\\/\\\/www.altaviadeimontilattari.it\\\/fr\\\/16-malacoque-493-m\\\/#breadcrumb\",\"itemListElement\":[{\"@type\":\"ListItem\",\"position\":1,\"name\":\"Home\",\"item\":\"https:\\\/\\\/www.altaviadeimontilattari.it\\\/es\\\/\"},{\"@type\":\"ListItem\",\"position\":2,\"name\":\"16. Malacoque (493 m)\"}]},{\"@type\":\"WebSite\",\"@id\":\"https:\\\/\\\/www.altaviadeimontilattari.it\\\/#website\",\"url\":\"https:\\\/\\\/www.altaviadeimontilattari.it\\\/\",\"name\":\"Alta Via dei Monti Lattari\",\"description\":\"La montagna \u00e8 un modo di vivere la vita.\",\"publisher\":{\"@id\":\"https:\\\/\\\/www.altaviadeimontilattari.it\\\/#organization\"},\"potentialAction\":[{\"@type\":\"SearchAction\",\"target\":{\"@type\":\"EntryPoint\",\"urlTemplate\":\"https:\\\/\\\/www.altaviadeimontilattari.it\\\/?s={search_term_string}\"},\"query-input\":{\"@type\":\"PropertyValueSpecification\",\"valueRequired\":true,\"valueName\":\"search_term_string\"}}],\"inLanguage\":\"fr-FR\"},{\"@type\":\"Organization\",\"@id\":\"https:\\\/\\\/www.altaviadeimontilattari.it\\\/#organization\",\"name\":\"Alta Via dei Monti Lattari\",\"url\":\"https:\\\/\\\/www.altaviadeimontilattari.it\\\/\",\"logo\":{\"@type\":\"ImageObject\",\"inLanguage\":\"fr-FR\",\"@id\":\"https:\\\/\\\/www.altaviadeimontilattari.it\\\/#\\\/schema\\\/logo\\\/image\\\/\",\"url\":\"https:\\\/\\\/i0.wp.com\\\/www.altaviadeimontilattari.it\\\/wp-content\\\/uploads\\\/2020\\\/12\\\/alta_via_monyi_lattari_logo.png?fit=325%2C100&ssl=1\",\"contentUrl\":\"https:\\\/\\\/i0.wp.com\\\/www.altaviadeimontilattari.it\\\/wp-content\\\/uploads\\\/2020\\\/12\\\/alta_via_monyi_lattari_logo.png?fit=325%2C100&ssl=1\",\"width\":325,\"height\":100,\"caption\":\"Alta Via dei Monti Lattari\"},\"image\":{\"@id\":\"https:\\\/\\\/www.altaviadeimontilattari.it\\\/#\\\/schema\\\/logo\\\/image\\\/\"}},{\"@type\":\"Person\",\"@id\":\"https:\\\/\\\/www.altaviadeimontilattari.it\\\/#\\\/schema\\\/person\\\/47c8033a7c6005363bf26047c156ed2c\",\"name\":\"Turismo.Ricercattiva\",\"image\":{\"@type\":\"ImageObject\",\"inLanguage\":\"fr-FR\",\"@id\":\"https:\\\/\\\/secure.gravatar.com\\\/avatar\\\/da245a1cae9c81db24d2b96301301cb5f0847cd0f266ee5b9deb95611bf13d92?s=96&d=mm&r=g\",\"url\":\"https:\\\/\\\/secure.gravatar.com\\\/avatar\\\/da245a1cae9c81db24d2b96301301cb5f0847cd0f266ee5b9deb95611bf13d92?s=96&d=mm&r=g\",\"contentUrl\":\"https:\\\/\\\/secure.gravatar.com\\\/avatar\\\/da245a1cae9c81db24d2b96301301cb5f0847cd0f266ee5b9deb95611bf13d92?s=96&d=mm&r=g\",\"caption\":\"Turismo.Ricercattiva\"},\"sameAs\":[\"http:\\\/\\\/turismo.ricercattiva.it\"],\"url\":\"https:\\\/\\\/www.altaviadeimontilattari.it\\\/fr\\\/author\\\/turismo-ricercattiva\\\/\"}]}<\/script>\n<!-- \/ Yoast SEO plugin. -->","yoast_head_json":{"title":"16. Malacoque (493 m) - Alta Via dei Monti Lattari","description":"Le promontoire de Malacoccola est l'un des points d'int\u00e9r\u00eat paysager situ\u00e9 le long du versant sud de la p\u00e9ninsule de Sorrente.","robots":{"index":"index","follow":"follow","max-snippet":"max-snippet:-1","max-image-preview":"max-image-preview:large","max-video-preview":"max-video-preview:-1"},"canonical":"https:\/\/www.altaviadeimontilattari.it\/fr\/16-malacoque-493-m\/","og_locale":"fr_FR","og_type":"article","og_title":"16. Malacoque (493 m) - Alta Via dei Monti Lattari","og_description":"Le promontoire de Malacoccola est l'un des points d'int\u00e9r\u00eat paysager situ\u00e9 le long du versant sud de la p\u00e9ninsule de Sorrente.","og_url":"https:\/\/www.altaviadeimontilattari.it\/fr\/16-malacoque-493-m\/","og_site_name":"Alta Via dei Monti Lattari","article_published_time":"2020-11-20T22:10:15+00:00","article_modified_time":"2022-07-09T12:02:16+00:00","og_image":[{"width":768,"height":768,"url":"https:\/\/www.altaviadeimontilattari.it\/wp-content\/uploads\/2020\/11\/malacoccola_1024.png","type":"image\/png"}],"author":"Turismo.Ricercattiva","twitter_card":"summary_large_image","twitter_misc":{"\u00c9crit par":"Turismo.Ricercattiva","Dur\u00e9e de lecture estim\u00e9e":"1 minute"},"schema":{"@context":"https:\/\/schema.org","@graph":[{"@type":"Article","@id":"https:\/\/www.altaviadeimontilattari.it\/fr\/16-malacoque-493-m\/#article","isPartOf":{"@id":"https:\/\/www.altaviadeimontilattari.it\/fr\/16-malacoque-493-m\/"},"author":{"name":"Turismo.Ricercattiva","@id":"https:\/\/www.altaviadeimontilattari.it\/#\/schema\/person\/47c8033a7c6005363bf26047c156ed2c"},"headline":"16. Malacoque (493 m)","datePublished":"2020-11-20T22:10:15+00:00","dateModified":"2022-07-09T12:02:16+00:00","mainEntityOfPage":{"@id":"https:\/\/www.altaviadeimontilattari.it\/fr\/16-malacoque-493-m\/"},"wordCount":249,"commentCount":0,"publisher":{"@id":"https:\/\/www.altaviadeimontilattari.it\/#organization"},"image":{"@id":"https:\/\/www.altaviadeimontilattari.it\/fr\/16-malacoque-493-m\/#primaryimage"},"thumbnailUrl":"https:\/\/i0.wp.com\/www.altaviadeimontilattari.it\/wp-content\/uploads\/2020\/11\/malacoccola_1024.png?fit=768%2C768&ssl=1","articleSection":["Visite de l'Alta Via dei Monti Lattari"],"inLanguage":"fr-FR","potentialAction":[{"@type":"CommentAction","name":"Comment","target":["https:\/\/www.altaviadeimontilattari.it\/fr\/16-malacoque-493-m\/#respond"]}]},{"@type":"WebPage","@id":"https:\/\/www.altaviadeimontilattari.it\/fr\/16-malacoque-493-m\/","url":"https:\/\/www.altaviadeimontilattari.it\/fr\/16-malacoque-493-m\/","name":"16. Malacoque (493 m) - Alta Via dei Monti Lattari","isPartOf":{"@id":"https:\/\/www.altaviadeimontilattari.it\/#website"},"primaryImageOfPage":{"@id":"https:\/\/www.altaviadeimontilattari.it\/fr\/16-malacoque-493-m\/#primaryimage"},"image":{"@id":"https:\/\/www.altaviadeimontilattari.it\/fr\/16-malacoque-493-m\/#primaryimage"},"thumbnailUrl":"https:\/\/i0.wp.com\/www.altaviadeimontilattari.it\/wp-content\/uploads\/2020\/11\/malacoccola_1024.png?fit=768%2C768&ssl=1","datePublished":"2020-11-20T22:10:15+00:00","dateModified":"2022-07-09T12:02:16+00:00","description":"Le promontoire de Malacoccola est l'un des points d'int\u00e9r\u00eat paysager situ\u00e9 le long du versant sud de la p\u00e9ninsule de Sorrente.","breadcrumb":{"@id":"https:\/\/www.altaviadeimontilattari.it\/fr\/16-malacoque-493-m\/#breadcrumb"},"inLanguage":"fr-FR","potentialAction":[{"@type":"ReadAction","target":["https:\/\/www.altaviadeimontilattari.it\/fr\/16-malacoque-493-m\/"]}]},{"@type":"ImageObject","inLanguage":"fr-FR","@id":"https:\/\/www.altaviadeimontilattari.it\/fr\/16-malacoque-493-m\/#primaryimage","url":"https:\/\/i0.wp.com\/www.altaviadeimontilattari.it\/wp-content\/uploads\/2020\/11\/malacoccola_1024.png?fit=768%2C768&ssl=1","contentUrl":"https:\/\/i0.wp.com\/www.altaviadeimontilattari.it\/wp-content\/uploads\/2020\/11\/malacoccola_1024.png?fit=768%2C768&ssl=1","width":768,"height":768},{"@type":"BreadcrumbList","@id":"https:\/\/www.altaviadeimontilattari.it\/fr\/16-malacoque-493-m\/#breadcrumb","itemListElement":[{"@type":"ListItem","position":1,"name":"Home","item":"https:\/\/www.altaviadeimontilattari.it\/es\/"},{"@type":"ListItem","position":2,"name":"16. Malacoque (493 m)"}]},{"@type":"WebSite","@id":"https:\/\/www.altaviadeimontilattari.it\/#website","url":"https:\/\/www.altaviadeimontilattari.it\/","name":"Alta Via dei Monti Lattari","description":"La montagna \u00e8 un modo di vivere la vita.","publisher":{"@id":"https:\/\/www.altaviadeimontilattari.it\/#organization"},"potentialAction":[{"@type":"SearchAction","target":{"@type":"EntryPoint","urlTemplate":"https:\/\/www.altaviadeimontilattari.it\/?s={search_term_string}"},"query-input":{"@type":"PropertyValueSpecification","valueRequired":true,"valueName":"search_term_string"}}],"inLanguage":"fr-FR"},{"@type":"Organization","@id":"https:\/\/www.altaviadeimontilattari.it\/#organization","name":"Alta Via dei Monti Lattari","url":"https:\/\/www.altaviadeimontilattari.it\/","logo":{"@type":"ImageObject","inLanguage":"fr-FR","@id":"https:\/\/www.altaviadeimontilattari.it\/#\/schema\/logo\/image\/","url":"https:\/\/i0.wp.com\/www.altaviadeimontilattari.it\/wp-content\/uploads\/2020\/12\/alta_via_monyi_lattari_logo.png?fit=325%2C100&ssl=1","contentUrl":"https:\/\/i0.wp.com\/www.altaviadeimontilattari.it\/wp-content\/uploads\/2020\/12\/alta_via_monyi_lattari_logo.png?fit=325%2C100&ssl=1","width":325,"height":100,"caption":"Alta Via dei Monti Lattari"},"image":{"@id":"https:\/\/www.altaviadeimontilattari.it\/#\/schema\/logo\/image\/"}},{"@type":"Person","@id":"https:\/\/www.altaviadeimontilattari.it\/#\/schema\/person\/47c8033a7c6005363bf26047c156ed2c","name":"Turismo.Ricercattiva","image":{"@type":"ImageObject","inLanguage":"fr-FR","@id":"https:\/\/secure.gravatar.com\/avatar\/da245a1cae9c81db24d2b96301301cb5f0847cd0f266ee5b9deb95611bf13d92?s=96&d=mm&r=g","url":"https:\/\/secure.gravatar.com\/avatar\/da245a1cae9c81db24d2b96301301cb5f0847cd0f266ee5b9deb95611bf13d92?s=96&d=mm&r=g","contentUrl":"https:\/\/secure.gravatar.com\/avatar\/da245a1cae9c81db24d2b96301301cb5f0847cd0f266ee5b9deb95611bf13d92?s=96&d=mm&r=g","caption":"Turismo.Ricercattiva"},"sameAs":["http:\/\/turismo.ricercattiva.it"],"url":"https:\/\/www.altaviadeimontilattari.it\/fr\/author\/turismo-ricercattiva\/"}]}},"jetpack_featured_media_url":"https:\/\/i0.wp.com\/www.altaviadeimontilattari.it\/wp-content\/uploads\/2020\/11\/malacoccola_1024.png?fit=768%2C768&ssl=1","jetpack-related-posts":[{"id":6602,"url":"https:\/\/www.altaviadeimontilattari.it\/fr\/2-acquafredda-897-m\/","url_meta":{"origin":6490,"position":0},"title":"2. Acquafredda (897 m)","author":"Turismo.Ricercattiva","date":"20 novembre 2020","format":false,"excerpt":"La source Acquafredda, \u00e9galement connue sous le nom de \"Scetate qui est juorno\", est une localit\u00e9 situ\u00e9e pr\u00e8s du Monte dell'Avvocata.","rel":"","context":"Dans &quot;Visite de l'Alta Via dei Monti Lattari&quot;","block_context":{"text":"Visite de l'Alta Via dei Monti Lattari","link":"https:\/\/www.altaviadeimontilattari.it\/fr\/category\/visite-de-lalta-via-dei-monti-lattari\/"},"img":{"alt_text":"","src":"https:\/\/i0.wp.com\/www.altaviadeimontilattari.it\/wp-content\/uploads\/2020\/12\/IMG_20201031_074335.jpg?fit=1000%2C1000&ssl=1&resize=350%2C200","width":350,"height":200,"srcset":"https:\/\/i0.wp.com\/www.altaviadeimontilattari.it\/wp-content\/uploads\/2020\/12\/IMG_20201031_074335.jpg?fit=1000%2C1000&ssl=1&resize=350%2C200 1x, https:\/\/i0.wp.com\/www.altaviadeimontilattari.it\/wp-content\/uploads\/2020\/12\/IMG_20201031_074335.jpg?fit=1000%2C1000&ssl=1&resize=525%2C300 1.5x, https:\/\/i0.wp.com\/www.altaviadeimontilattari.it\/wp-content\/uploads\/2020\/12\/IMG_20201031_074335.jpg?fit=1000%2C1000&ssl=1&resize=700%2C400 2x"},"classes":[]},{"id":6170,"url":"https:\/\/www.altaviadeimontilattari.it\/fr\/19-chemin-des-dieux\/","url_meta":{"origin":6490,"position":1},"title":"19. Chemin des Dieux","author":"","date":"17 f\u00e9vrier 2022","format":false,"excerpt":"de Bomerano (Agerola) \u00e0 Nocelle (Positano) Dur\u00e9e\u00a0: 5,3\u00a0km Temps de trajet : 6h 30' Itin\u00e9raire - Marche assez longue avec peu de d\u00e9nivel\u00e9. Pas de difficult\u00e9s particuli\u00e8res. Approche - D\u00e9part de Bomerano, un hameau d'Agerola. Accessible depuis la jonction de la SS Amalfi Coast pr\u00e8s d'Amalfi ou depuis Castellammare. Logistique\u2026","rel":"","context":"Dans &quot;Les sentiers&quot;","block_context":{"text":"Les sentiers","link":"https:\/\/www.altaviadeimontilattari.it\/fr\/category\/les-sentiers\/"},"img":{"alt_text":"","src":"https:\/\/i0.wp.com\/www.altaviadeimontilattari.it\/wp-content\/uploads\/2022\/03\/IMG_36581.jpg?resize=350%2C200&ssl=1","width":350,"height":200,"srcset":"https:\/\/i0.wp.com\/www.altaviadeimontilattari.it\/wp-content\/uploads\/2022\/03\/IMG_36581.jpg?resize=350%2C200&ssl=1 1x, https:\/\/i0.wp.com\/www.altaviadeimontilattari.it\/wp-content\/uploads\/2022\/03\/IMG_36581.jpg?resize=525%2C300&ssl=1 1.5x, https:\/\/i0.wp.com\/www.altaviadeimontilattari.it\/wp-content\/uploads\/2022\/03\/IMG_36581.jpg?resize=700%2C400&ssl=1 2x, https:\/\/i0.wp.com\/www.altaviadeimontilattari.it\/wp-content\/uploads\/2022\/03\/IMG_36581.jpg?resize=1050%2C600&ssl=1 3x, https:\/\/i0.wp.com\/www.altaviadeimontilattari.it\/wp-content\/uploads\/2022\/03\/IMG_36581.jpg?resize=1400%2C800&ssl=1 4x"},"classes":[]},{"id":6570,"url":"https:\/\/www.altaviadeimontilattari.it\/fr\/6-la-chiancolelle-735-m\/","url_meta":{"origin":6490,"position":2},"title":"6. La Chiancolelle (735 m)","author":"Turismo.Ricercattiva","date":"20 novembre 2020","format":false,"excerpt":"Le Chiancolelle est une ville proche du col du Chiunzi. Le chemin pour atteindre la localit\u00e9 depuis Monte Finestra est un chemin de cr\u00eate qui se d\u00e9veloppe cependant en mont\u00e9es et en descentes car il part d\u00e9j\u00e0 d'une hauteur importante. Mais il permet avec peu d'effort (la difficult\u00e9 est plus\u2026","rel":"","context":"Dans &quot;Visite de l'Alta Via dei Monti Lattari&quot;","block_context":{"text":"Visite de l'Alta Via dei Monti Lattari","link":"https:\/\/www.altaviadeimontilattari.it\/fr\/category\/visite-de-lalta-via-dei-monti-lattari\/"},"img":{"alt_text":"","src":"https:\/\/i0.wp.com\/www.altaviadeimontilattari.it\/wp-content\/uploads\/2020\/12\/Chiancolelle.jpg?fit=1000%2C1000&ssl=1&resize=350%2C200","width":350,"height":200,"srcset":"https:\/\/i0.wp.com\/www.altaviadeimontilattari.it\/wp-content\/uploads\/2020\/12\/Chiancolelle.jpg?fit=1000%2C1000&ssl=1&resize=350%2C200 1x, https:\/\/i0.wp.com\/www.altaviadeimontilattari.it\/wp-content\/uploads\/2020\/12\/Chiancolelle.jpg?fit=1000%2C1000&ssl=1&resize=525%2C300 1.5x, https:\/\/i0.wp.com\/www.altaviadeimontilattari.it\/wp-content\/uploads\/2020\/12\/Chiancolelle.jpg?fit=1000%2C1000&ssl=1&resize=700%2C400 2x"},"classes":[]},{"id":6562,"url":"https:\/\/www.altaviadeimontilattari.it\/fr\/7-mont-cerreto-1316-m\/","url_meta":{"origin":6490,"position":3},"title":"7. Mont Cerreto (1316 m)","author":"Turismo.Ricercattiva","date":"20 novembre 2020","format":false,"excerpt":"Monte Cerreto , 1316m de haut, est le deuxi\u00e8me sommet des Monts Lattari, d\u00e9pass\u00e9 seulement par le groupe Sant'Angelo a 3 Pizzi culminant \u00e0 < strong > Monte San Michele (1443,6m) , mieux connu sous le nom de Molare . Le chemin principal de l'Alta Via dei Monti Lattari traverse\u2026","rel":"","context":"Dans &quot;Visite de l'Alta Via dei Monti Lattari&quot;","block_context":{"text":"Visite de l'Alta Via dei Monti Lattari","link":"https:\/\/www.altaviadeimontilattari.it\/fr\/category\/visite-de-lalta-via-dei-monti-lattari\/"},"img":{"alt_text":"","src":"https:\/\/i0.wp.com\/www.altaviadeimontilattari.it\/wp-content\/uploads\/2020\/12\/monte-cerreto.jpg?fit=1000%2C1000&ssl=1&resize=350%2C200","width":350,"height":200,"srcset":"https:\/\/i0.wp.com\/www.altaviadeimontilattari.it\/wp-content\/uploads\/2020\/12\/monte-cerreto.jpg?fit=1000%2C1000&ssl=1&resize=350%2C200 1x, https:\/\/i0.wp.com\/www.altaviadeimontilattari.it\/wp-content\/uploads\/2020\/12\/monte-cerreto.jpg?fit=1000%2C1000&ssl=1&resize=525%2C300 1.5x, https:\/\/i0.wp.com\/www.altaviadeimontilattari.it\/wp-content\/uploads\/2020\/12\/monte-cerreto.jpg?fit=1000%2C1000&ssl=1&resize=700%2C400 2x"},"classes":[]},{"id":6482,"url":"https:\/\/www.altaviadeimontilattari.it\/fr\/17-torca-352-m\/","url_meta":{"origin":6490,"position":4},"title":"17. Tor\u00e7a (352 m)","author":"Turismo.Ricercattiva","date":"20 novembre 2020","format":false,"excerpt":"En arrivant du promontoire Malacoccola le long de l'Alta Via traversant des terres cultiv\u00e9es d'oliviers et orti vous atteignez les premi\u00e8res ruelles du petit village de Torca , une fraction de Massa Lubrense . Vous atteignez la place principale o\u00f9 se trouve l' \u00e9glise de San Tommaso Apostolo et la\u2026","rel":"","context":"Dans &quot;Visite de l'Alta Via dei Monti Lattari&quot;","block_context":{"text":"Visite de l'Alta Via dei Monti Lattari","link":"https:\/\/www.altaviadeimontilattari.it\/fr\/category\/visite-de-lalta-via-dei-monti-lattari\/"},"img":{"alt_text":"","src":"https:\/\/i0.wp.com\/www.altaviadeimontilattari.it\/wp-content\/uploads\/2020\/11\/portada-torca.jpg?fit=600%2C600&ssl=1&resize=350%2C200","width":350,"height":200,"srcset":"https:\/\/i0.wp.com\/www.altaviadeimontilattari.it\/wp-content\/uploads\/2020\/11\/portada-torca.jpg?fit=600%2C600&ssl=1&resize=350%2C200 1x, https:\/\/i0.wp.com\/www.altaviadeimontilattari.it\/wp-content\/uploads\/2020\/11\/portada-torca.jpg?fit=600%2C600&ssl=1&resize=525%2C300 1.5x"},"classes":[]},{"id":6546,"url":"https:\/\/www.altaviadeimontilattari.it\/fr\/9-crocelle-1002-m\/","url_meta":{"origin":6490,"position":5},"title":"9. Crocelle (1002 m)","author":"Turismo.Ricercattiva","date":"20 novembre 2020","format":false,"excerpt":"Apr\u00e8s le Monte Cerreto et le croisement des chemins au Imbarrata vous atteignez la localit\u00e9 de Crocella (1002m) o\u00f9 l'ascension du Monte Molare commence. De Imbarrata monter l\u00e9g\u00e8rement et rencontrer successivement Colle Sant'Angelo (982m) Colle Sughero (1065m). Sous ce tron\u00e7on le tunnel du route nationale vers Agerola et il y\u2026","rel":"","context":"Dans &quot;Visite de l'Alta Via dei Monti Lattari&quot;","block_context":{"text":"Visite de l'Alta Via dei Monti Lattari","link":"https:\/\/www.altaviadeimontilattari.it\/fr\/category\/visite-de-lalta-via-dei-monti-lattari\/"},"img":{"alt_text":"","src":"https:\/\/i0.wp.com\/www.altaviadeimontilattari.it\/wp-content\/uploads\/2020\/11\/portata-crocella.jpg?fit=500%2C500&ssl=1&resize=350%2C200","width":350,"height":200},"classes":[]}],"jetpack_shortlink":"https:\/\/wp.me\/pcGNaV-1GG","jetpack_sharing_enabled":true,"_links":{"self":[{"href":"https:\/\/www.altaviadeimontilattari.it\/fr\/wp-json\/wp\/v2\/posts\/6490","targetHints":{"allow":["GET"]}}],"collection":[{"href":"https:\/\/www.altaviadeimontilattari.it\/fr\/wp-json\/wp\/v2\/posts"}],"about":[{"href":"https:\/\/www.altaviadeimontilattari.it\/fr\/wp-json\/wp\/v2\/types\/post"}],"author":[{"embeddable":true,"href":"https:\/\/www.altaviadeimontilattari.it\/fr\/wp-json\/wp\/v2\/users\/3"}],"replies":[{"embeddable":true,"href":"https:\/\/www.altaviadeimontilattari.it\/fr\/wp-json\/wp\/v2\/comments?post=6490"}],"version-history":[{"count":1,"href":"https:\/\/www.altaviadeimontilattari.it\/fr\/wp-json\/wp\/v2\/posts\/6490\/revisions"}],"predecessor-version":[{"id":6491,"href":"https:\/\/www.altaviadeimontilattari.it\/fr\/wp-json\/wp\/v2\/posts\/6490\/revisions\/6491"}],"wp:featuredmedia":[{"embeddable":true,"href":"https:\/\/www.altaviadeimontilattari.it\/fr\/wp-json\/wp\/v2\/media\/5308"}],"wp:attachment":[{"href":"https:\/\/www.altaviadeimontilattari.it\/fr\/wp-json\/wp\/v2\/media?parent=6490"}],"wp:term":[{"taxonomy":"category","embeddable":true,"href":"https:\/\/www.altaviadeimontilattari.it\/fr\/wp-json\/wp\/v2\/categories?post=6490"},{"taxonomy":"post_tag","embeddable":true,"href":"https:\/\/www.altaviadeimontilattari.it\/fr\/wp-json\/wp\/v2\/tags?post=6490"}],"curies":[{"name":"wp","href":"https:\/\/api.w.org\/{rel}","templated":true}]}}