{"id":6554,"date":"2020-11-20T21:57:10","date_gmt":"2020-11-20T21:57:10","guid":{"rendered":"https:\/\/www.altaviadeimontilattari.it\/8-barre-1064-m\/"},"modified":"2022-07-09T12:43:23","modified_gmt":"2022-07-09T12:43:23","slug":"8-barre-1064-m","status":"publish","type":"post","link":"https:\/\/www.altaviadeimontilattari.it\/fr\/8-barre-1064-m\/","title":{"rendered":"8. Barr\u00e9 (1064 m)"},"content":{"rendered":"<p>En suivant l&rsquo;Alta Via dei Monti Lattari apr\u00e8s le <strong> <a href=\"https:\/\/altaviadeimontilattari.it\/7-monte-cerreto-1313-m\/\"> Monte Cerreto <\/a> <\/strong>, en surmontant le <strong> plan de Megano <\/strong> et le sommet du <strong> Monte Cervigliano <\/strong>, vous atteignez le <em> <strong> Imbarrata. <\/strong> <\/em> Aussi appel\u00e9 <em> <strong > Ammarrata <\/strong> <\/em> est le point d&rsquo;arriv\u00e9e de la <em> <strong> voie haute du <\/strong> <strong> <em> V <\/em> alle delle Ferriere <\/strong> <\/ em> (<strong> 301 CAI <\/strong>) qui part de <strong> Monte Rotondo <\/strong>.<\/p>\n<p>L&rsquo;Imbarrata est un point tr\u00e8s important de l&rsquo;Alta Via, le point de croisement de nombreux chemins et accolades importants. En suivant le CAI 301, vous pouvez rejoindre la <strong> Valle delle Ferriere <\/strong>, <strong> Amalfi <\/strong> et en chemin, vous ne devez pas oublier le <strong> Belvedere Mustaculo <\/strong> (plus haut \u00e0 1005 m\u00e8tres ) d&rsquo;o\u00f9 vous pourrez admirer la vue sur Amalfi, Ravello et Scala. Tout aussi important est le <strong> <a href=\"https:\/\/www.rifugiosantamaria.com\/\"> Rifugio Santa Maria dei Monti <\/a> <\/strong> \u00e0 l&rsquo;intersection de la <strong> 301CAI <\/strong> et la bandouli\u00e8re <strong> 353CAI <\/strong>. Endroit recommand\u00e9 \u00e0 visiter si vous avez la possibilit\u00e9 de faire un d\u00e9tour ou une excursion exclusive.<\/p>\n<p>Pour continuer l&rsquo;Alta Via dall&rsquo;imbarrata, suivez le chemin vers <strong> Colle Sant&rsquo;Angelo (982m) <\/strong> et <a href = \"https:\/\/altaviadeimontilattari.it\/9-crocella-1002-m \/ \" > <strong> localit\u00e9 Crocella <\/strong> <\/a> pr\u00e8s de <strong> Colle Sughero <\/strong>.<\/p>\n\n<div class=\"wp-block-jetpack-tiled-gallery aligncenter is-style-rectangular\"><div class=\"tiled-gallery__gallery\"><div class=\"tiled-gallery__row\"><div class=\"tiled-gallery__col\" style=\"flex-basis:32.57392%\"><figure class=\"tiled-gallery__item\"><img decoding=\"async\" role=\"button\" tabindex=\"0\" aria-label=\"Ouvrir l\u2019image 1 sur 4 en plein \u00e9cran\"srcset=\"https:\/\/i2.wp.com\/www.altaviadeimontilattari.it\/wp-content\/uploads\/2022\/03\/imbarrata_5-1024x576.jpg?strip=info&#038;w=600&#038;ssl=1 600w,https:\/\/i2.wp.com\/www.altaviadeimontilattari.it\/wp-content\/uploads\/2022\/03\/imbarrata_5-1024x576.jpg?strip=info&#038;w=900&#038;ssl=1 900w,https:\/\/i2.wp.com\/www.altaviadeimontilattari.it\/wp-content\/uploads\/2022\/03\/imbarrata_5-1024x576.jpg?strip=info&#038;w=1200&#038;ssl=1 1200w,https:\/\/i2.wp.com\/www.altaviadeimontilattari.it\/wp-content\/uploads\/2022\/03\/imbarrata_5-1024x576.jpg?strip=info&#038;w=1500&#038;ssl=1 1500w,https:\/\/i2.wp.com\/www.altaviadeimontilattari.it\/wp-content\/uploads\/2022\/03\/imbarrata_5-1024x576.jpg?strip=info&#038;w=1800&#038;ssl=1 1800w,https:\/\/i2.wp.com\/www.altaviadeimontilattari.it\/wp-content\/uploads\/2022\/03\/imbarrata_5-1024x576.jpg?strip=info&#038;w=1822&#038;ssl=1 1822w\" alt=\"Sentiero 301 CAI verso il Rifugio Santa Maria al Monti\" data-height=\"1024\" data-id=\"4264\" data-link=\"https:\/\/altaviadeimontilattari.it\/8-imbarrata-1064-m\/imbarrata_5\/\" data-url=\"https:\/\/altaviadeimontilattari.it\/wp-content\/uploads\/2022\/03\/imbarrata_5-1024x576.jpg\" data-width=\"1822\" src=\"https:\/\/i2.wp.com\/www.altaviadeimontilattari.it\/wp-content\/uploads\/2022\/03\/imbarrata_5-1024x576.jpg?ssl=1\" data-amp-layout=\"responsive\"\/><\/figure><\/div><div class=\"tiled-gallery__col\" style=\"flex-basis:32.57392%\"><figure class=\"tiled-gallery__item\"><img decoding=\"async\" role=\"button\" tabindex=\"0\" aria-label=\"Ouvrir l\u2019image 2 sur 4 en plein \u00e9cran\"srcset=\"https:\/\/i2.wp.com\/www.altaviadeimontilattari.it\/wp-content\/uploads\/2022\/03\/imbarrata_4-1024x576.jpg?strip=info&#038;w=600&#038;ssl=1 600w,https:\/\/i2.wp.com\/www.altaviadeimontilattari.it\/wp-content\/uploads\/2022\/03\/imbarrata_4-1024x576.jpg?strip=info&#038;w=900&#038;ssl=1 900w,https:\/\/i2.wp.com\/www.altaviadeimontilattari.it\/wp-content\/uploads\/2022\/03\/imbarrata_4-1024x576.jpg?strip=info&#038;w=1200&#038;ssl=1 1200w,https:\/\/i2.wp.com\/www.altaviadeimontilattari.it\/wp-content\/uploads\/2022\/03\/imbarrata_4-1024x576.jpg?strip=info&#038;w=1500&#038;ssl=1 1500w,https:\/\/i2.wp.com\/www.altaviadeimontilattari.it\/wp-content\/uploads\/2022\/03\/imbarrata_4-1024x576.jpg?strip=info&#038;w=1800&#038;ssl=1 1800w,https:\/\/i2.wp.com\/www.altaviadeimontilattari.it\/wp-content\/uploads\/2022\/03\/imbarrata_4-1024x576.jpg?strip=info&#038;w=1822&#038;ssl=1 1822w\" alt=\"Sentiero Alta Via dei Monti Lattari\" data-height=\"1024\" data-id=\"4266\" data-link=\"https:\/\/altaviadeimontilattari.it\/8-imbarrata-1064-m\/imbarrata_4\/\" data-url=\"https:\/\/altaviadeimontilattari.it\/wp-content\/uploads\/2022\/03\/imbarrata_4-1024x576.jpg\" data-width=\"1822\" src=\"https:\/\/i2.wp.com\/www.altaviadeimontilattari.it\/wp-content\/uploads\/2022\/03\/imbarrata_4-1024x576.jpg?ssl=1\" data-amp-layout=\"responsive\"\/><\/figure><\/div><div class=\"tiled-gallery__col\" style=\"flex-basis:10.40574%\"><figure class=\"tiled-gallery__item\"><img decoding=\"async\" role=\"button\" tabindex=\"0\" aria-label=\"Ouvrir l\u2019image 3 sur 4 en plein \u00e9cran\"srcset=\"https:\/\/i2.wp.com\/www.altaviadeimontilattari.it\/wp-content\/uploads\/2022\/03\/imbarrata_3-576x1024.jpg?strip=info&#038;w=600&#038;ssl=1 600w,https:\/\/i2.wp.com\/www.altaviadeimontilattari.it\/wp-content\/uploads\/2022\/03\/imbarrata_3-576x1024.jpg?strip=info&#038;w=900&#038;ssl=1 900w,https:\/\/i2.wp.com\/www.altaviadeimontilattari.it\/wp-content\/uploads\/2022\/03\/imbarrata_3-576x1024.jpg?strip=info&#038;w=1024&#038;ssl=1 1024w\" alt=\"Imbarrata o Ammarrata\" data-height=\"1822\" data-id=\"4267\" data-link=\"https:\/\/altaviadeimontilattari.it\/8-imbarrata-1064-m\/imbarrata_3\/\" data-url=\"https:\/\/altaviadeimontilattari.it\/wp-content\/uploads\/2022\/03\/imbarrata_3-576x1024.jpg\" data-width=\"1024\" src=\"https:\/\/i2.wp.com\/www.altaviadeimontilattari.it\/wp-content\/uploads\/2022\/03\/imbarrata_3-576x1024.jpg?ssl=1\" data-amp-layout=\"responsive\"\/><\/figure><\/div><div class=\"tiled-gallery__col\" style=\"flex-basis:24.44642%\"><figure class=\"tiled-gallery__item\"><img decoding=\"async\" role=\"button\" tabindex=\"0\" aria-label=\"Ouvrir l\u2019image 4 sur 4 en plein \u00e9cran\"srcset=\"https:\/\/i0.wp.com\/www.altaviadeimontilattari.it\/wp-content\/uploads\/2022\/03\/imbarrata_1-1024x768.jpg?strip=info&#038;w=600&#038;ssl=1 600w,https:\/\/i0.wp.com\/www.altaviadeimontilattari.it\/wp-content\/uploads\/2022\/03\/imbarrata_1-1024x768.jpg?strip=info&#038;w=900&#038;ssl=1 900w,https:\/\/i0.wp.com\/www.altaviadeimontilattari.it\/wp-content\/uploads\/2022\/03\/imbarrata_1-1024x768.jpg?strip=info&#038;w=1200&#038;ssl=1 1200w,https:\/\/i0.wp.com\/www.altaviadeimontilattari.it\/wp-content\/uploads\/2022\/03\/imbarrata_1-1024x768.jpg?strip=info&#038;w=1365&#038;ssl=1 1365w\" alt=\"Incrocio dei sentieri all'Imbarrata\" data-height=\"1024\" data-id=\"4269\" data-link=\"https:\/\/altaviadeimontilattari.it\/8-imbarrata-1064-m\/imbarrata_1\/\" data-url=\"https:\/\/altaviadeimontilattari.it\/wp-content\/uploads\/2022\/03\/imbarrata_1-1024x768.jpg\" data-width=\"1365\" src=\"https:\/\/i0.wp.com\/www.altaviadeimontilattari.it\/wp-content\/uploads\/2022\/03\/imbarrata_1-1024x768.jpg?ssl=1\" data-amp-layout=\"responsive\"\/><\/figure><\/div><\/div><\/div><\/div>\r\n<div style=\"margin: 20px 0;\"><div class=\"qrcswholewtapper\" style=\"text-align:left;\"><div class=\"qrcprowrapper\"  id=\"qrcwraa2leds\"><div class=\"qrc_canvass\" id=\"qrc_cuttenpages_2\" style=\"display:inline-block\" data-text=\"https:\/\/www.altaviadeimontilattari.it\/fr\/8-barre-1064-m\/\"><\/div><div><a download=\"8. Barr\u00e9 (1064 m).png\" class=\"qrcdownloads\" id=\"worign\">\r\n           <button type=\"button\" style=\"min-width:200px;background:#81ea00;color:#000;font-weight: 600;border: 1px solid #dddddd;border-radius:4px;font-size:12px;padding: 6px 0;\" class=\"uqr_code_btn\">Download QR<\/button>\r\n           <\/a><\/div><\/div><\/div><\/div>","protected":false},"excerpt":{"rendered":"<p>En suivant l&rsquo;Alta Via dei Monti Lattari apr\u00e8s le Monte Cerreto , en surmontant le plan de Megano et le sommet du Monte Cervigliano , vous atteignez le Imbarrata. Aussi appel\u00e9 Ammarrata est le point d&rsquo;arriv\u00e9e de la voie haute du V alle delle Ferriere ( 301 CAI ) qui part de Monte Rotondo .&hellip;&nbsp;<a href=\"https:\/\/www.altaviadeimontilattari.it\/fr\/8-barre-1064-m\/\" rel=\"bookmark\">Read More &raquo;<span class=\"screen-reader-text\">8. Barr\u00e9 (1064 m)<\/span><\/a><\/p>\n","protected":false},"author":3,"featured_media":4688,"comment_status":"open","ping_status":"closed","sticky":false,"template":"","format":"standard","meta":{"neve_meta_sidebar":"","neve_meta_container":"","neve_meta_enable_content_width":"","neve_meta_content_width":0,"neve_meta_title_alignment":"","neve_meta_author_avatar":"","neve_post_elements_order":"","neve_meta_disable_header":"","neve_meta_disable_footer":"","neve_meta_disable_title":"","neve_meta_reading_time":"","_themeisle_gutenberg_block_has_review":false,"jetpack_post_was_ever_published":false,"_jetpack_newsletter_access":"","_jetpack_dont_email_post_to_subs":false,"_jetpack_newsletter_tier_id":0,"_jetpack_memberships_contains_paywalled_content":false,"_jetpack_memberships_contains_paid_content":false,"footnotes":""},"categories":[268],"tags":[],"class_list":["post-6554","post","type-post","status-publish","format-standard","has-post-thumbnail","hentry","category-visite-de-lalta-via-dei-monti-lattari"],"yoast_head":"<!-- This site is optimized with the Yoast SEO plugin v27.4 - https:\/\/yoast.com\/product\/yoast-seo-wordpress\/ -->\n<title>8. Barr\u00e9 (1064 m) - Alta Via dei Monti Lattari<\/title>\n<meta name=\"description\" content=\"L&#039;Imbarrata est le point de passage entre l&#039;Alta Via et le haut sentier de la Valle delle Ferriere qui part du Monte Rotondo (CAI 301)\" \/>\n<meta name=\"robots\" content=\"index, follow, max-snippet:-1, max-image-preview:large, max-video-preview:-1\" \/>\n<link rel=\"canonical\" href=\"https:\/\/www.altaviadeimontilattari.it\/fr\/8-barre-1064-m\/\" \/>\n<meta property=\"og:locale\" content=\"fr_FR\" \/>\n<meta property=\"og:type\" content=\"article\" \/>\n<meta property=\"og:title\" content=\"8. Barr\u00e9 (1064 m) - Alta Via dei Monti Lattari\" \/>\n<meta property=\"og:description\" content=\"L&#039;Imbarrata est le point de passage entre l&#039;Alta Via et le haut sentier de la Valle delle Ferriere qui part du Monte Rotondo (CAI 301)\" \/>\n<meta property=\"og:url\" content=\"https:\/\/www.altaviadeimontilattari.it\/fr\/8-barre-1064-m\/\" \/>\n<meta property=\"og:site_name\" content=\"Alta Via dei Monti Lattari\" \/>\n<meta property=\"article:published_time\" content=\"2020-11-20T21:57:10+00:00\" \/>\n<meta property=\"article:modified_time\" content=\"2022-07-09T12:43:23+00:00\" \/>\n<meta property=\"og:image\" content=\"https:\/\/www.altaviadeimontilattari.it\/wp-content\/uploads\/2020\/12\/imbarrata.jpg\" \/>\n\t<meta property=\"og:image:width\" content=\"1000\" \/>\n\t<meta property=\"og:image:height\" content=\"1000\" \/>\n\t<meta property=\"og:image:type\" content=\"image\/jpeg\" \/>\n<meta name=\"author\" content=\"Turismo.Ricercattiva\" \/>\n<meta name=\"twitter:card\" content=\"summary_large_image\" \/>\n<meta name=\"twitter:label1\" content=\"\u00c9crit par\" \/>\n\t<meta name=\"twitter:data1\" content=\"Turismo.Ricercattiva\" \/>\n\t<meta name=\"twitter:label2\" content=\"Dur\u00e9e de lecture estim\u00e9e\" \/>\n\t<meta name=\"twitter:data2\" content=\"1 minute\" \/>\n<script type=\"application\/ld+json\" class=\"yoast-schema-graph\">{\"@context\":\"https:\\\/\\\/schema.org\",\"@graph\":[{\"@type\":\"Article\",\"@id\":\"https:\\\/\\\/www.altaviadeimontilattari.it\\\/fr\\\/8-barre-1064-m\\\/#article\",\"isPartOf\":{\"@id\":\"https:\\\/\\\/www.altaviadeimontilattari.it\\\/fr\\\/8-barre-1064-m\\\/\"},\"author\":{\"name\":\"Turismo.Ricercattiva\",\"@id\":\"https:\\\/\\\/www.altaviadeimontilattari.it\\\/#\\\/schema\\\/person\\\/47c8033a7c6005363bf26047c156ed2c\"},\"headline\":\"8. Barr\u00e9 (1064 m)\",\"datePublished\":\"2020-11-20T21:57:10+00:00\",\"dateModified\":\"2022-07-09T12:43:23+00:00\",\"mainEntityOfPage\":{\"@id\":\"https:\\\/\\\/www.altaviadeimontilattari.it\\\/fr\\\/8-barre-1064-m\\\/\"},\"wordCount\":176,\"commentCount\":0,\"publisher\":{\"@id\":\"https:\\\/\\\/www.altaviadeimontilattari.it\\\/#organization\"},\"image\":{\"@id\":\"https:\\\/\\\/www.altaviadeimontilattari.it\\\/fr\\\/8-barre-1064-m\\\/#primaryimage\"},\"thumbnailUrl\":\"https:\\\/\\\/i0.wp.com\\\/www.altaviadeimontilattari.it\\\/wp-content\\\/uploads\\\/2020\\\/12\\\/imbarrata.jpg?fit=1000%2C1000&ssl=1\",\"articleSection\":[\"Visite de l'Alta Via dei Monti Lattari\"],\"inLanguage\":\"fr-FR\",\"potentialAction\":[{\"@type\":\"CommentAction\",\"name\":\"Comment\",\"target\":[\"https:\\\/\\\/www.altaviadeimontilattari.it\\\/fr\\\/8-barre-1064-m\\\/#respond\"]}]},{\"@type\":\"WebPage\",\"@id\":\"https:\\\/\\\/www.altaviadeimontilattari.it\\\/fr\\\/8-barre-1064-m\\\/\",\"url\":\"https:\\\/\\\/www.altaviadeimontilattari.it\\\/fr\\\/8-barre-1064-m\\\/\",\"name\":\"8. Barr\u00e9 (1064 m) - Alta Via dei Monti Lattari\",\"isPartOf\":{\"@id\":\"https:\\\/\\\/www.altaviadeimontilattari.it\\\/#website\"},\"primaryImageOfPage\":{\"@id\":\"https:\\\/\\\/www.altaviadeimontilattari.it\\\/fr\\\/8-barre-1064-m\\\/#primaryimage\"},\"image\":{\"@id\":\"https:\\\/\\\/www.altaviadeimontilattari.it\\\/fr\\\/8-barre-1064-m\\\/#primaryimage\"},\"thumbnailUrl\":\"https:\\\/\\\/i0.wp.com\\\/www.altaviadeimontilattari.it\\\/wp-content\\\/uploads\\\/2020\\\/12\\\/imbarrata.jpg?fit=1000%2C1000&ssl=1\",\"datePublished\":\"2020-11-20T21:57:10+00:00\",\"dateModified\":\"2022-07-09T12:43:23+00:00\",\"description\":\"L'Imbarrata est le point de passage entre l'Alta Via et le haut sentier de la Valle delle Ferriere qui part du Monte Rotondo (CAI 301)\",\"breadcrumb\":{\"@id\":\"https:\\\/\\\/www.altaviadeimontilattari.it\\\/fr\\\/8-barre-1064-m\\\/#breadcrumb\"},\"inLanguage\":\"fr-FR\",\"potentialAction\":[{\"@type\":\"ReadAction\",\"target\":[\"https:\\\/\\\/www.altaviadeimontilattari.it\\\/fr\\\/8-barre-1064-m\\\/\"]}]},{\"@type\":\"ImageObject\",\"inLanguage\":\"fr-FR\",\"@id\":\"https:\\\/\\\/www.altaviadeimontilattari.it\\\/fr\\\/8-barre-1064-m\\\/#primaryimage\",\"url\":\"https:\\\/\\\/i0.wp.com\\\/www.altaviadeimontilattari.it\\\/wp-content\\\/uploads\\\/2020\\\/12\\\/imbarrata.jpg?fit=1000%2C1000&ssl=1\",\"contentUrl\":\"https:\\\/\\\/i0.wp.com\\\/www.altaviadeimontilattari.it\\\/wp-content\\\/uploads\\\/2020\\\/12\\\/imbarrata.jpg?fit=1000%2C1000&ssl=1\",\"width\":1000,\"height\":1000},{\"@type\":\"BreadcrumbList\",\"@id\":\"https:\\\/\\\/www.altaviadeimontilattari.it\\\/fr\\\/8-barre-1064-m\\\/#breadcrumb\",\"itemListElement\":[{\"@type\":\"ListItem\",\"position\":1,\"name\":\"Home\",\"item\":\"https:\\\/\\\/www.altaviadeimontilattari.it\\\/es\\\/\"},{\"@type\":\"ListItem\",\"position\":2,\"name\":\"8. Barr\u00e9 (1064 m)\"}]},{\"@type\":\"WebSite\",\"@id\":\"https:\\\/\\\/www.altaviadeimontilattari.it\\\/#website\",\"url\":\"https:\\\/\\\/www.altaviadeimontilattari.it\\\/\",\"name\":\"Alta Via dei Monti Lattari\",\"description\":\"La montagna \u00e8 un modo di vivere la vita.\",\"publisher\":{\"@id\":\"https:\\\/\\\/www.altaviadeimontilattari.it\\\/#organization\"},\"potentialAction\":[{\"@type\":\"SearchAction\",\"target\":{\"@type\":\"EntryPoint\",\"urlTemplate\":\"https:\\\/\\\/www.altaviadeimontilattari.it\\\/?s={search_term_string}\"},\"query-input\":{\"@type\":\"PropertyValueSpecification\",\"valueRequired\":true,\"valueName\":\"search_term_string\"}}],\"inLanguage\":\"fr-FR\"},{\"@type\":\"Organization\",\"@id\":\"https:\\\/\\\/www.altaviadeimontilattari.it\\\/#organization\",\"name\":\"Alta Via dei Monti Lattari\",\"url\":\"https:\\\/\\\/www.altaviadeimontilattari.it\\\/\",\"logo\":{\"@type\":\"ImageObject\",\"inLanguage\":\"fr-FR\",\"@id\":\"https:\\\/\\\/www.altaviadeimontilattari.it\\\/#\\\/schema\\\/logo\\\/image\\\/\",\"url\":\"https:\\\/\\\/i0.wp.com\\\/www.altaviadeimontilattari.it\\\/wp-content\\\/uploads\\\/2020\\\/12\\\/alta_via_monyi_lattari_logo.png?fit=325%2C100&ssl=1\",\"contentUrl\":\"https:\\\/\\\/i0.wp.com\\\/www.altaviadeimontilattari.it\\\/wp-content\\\/uploads\\\/2020\\\/12\\\/alta_via_monyi_lattari_logo.png?fit=325%2C100&ssl=1\",\"width\":325,\"height\":100,\"caption\":\"Alta Via dei Monti Lattari\"},\"image\":{\"@id\":\"https:\\\/\\\/www.altaviadeimontilattari.it\\\/#\\\/schema\\\/logo\\\/image\\\/\"}},{\"@type\":\"Person\",\"@id\":\"https:\\\/\\\/www.altaviadeimontilattari.it\\\/#\\\/schema\\\/person\\\/47c8033a7c6005363bf26047c156ed2c\",\"name\":\"Turismo.Ricercattiva\",\"image\":{\"@type\":\"ImageObject\",\"inLanguage\":\"fr-FR\",\"@id\":\"https:\\\/\\\/secure.gravatar.com\\\/avatar\\\/da245a1cae9c81db24d2b96301301cb5f0847cd0f266ee5b9deb95611bf13d92?s=96&d=mm&r=g\",\"url\":\"https:\\\/\\\/secure.gravatar.com\\\/avatar\\\/da245a1cae9c81db24d2b96301301cb5f0847cd0f266ee5b9deb95611bf13d92?s=96&d=mm&r=g\",\"contentUrl\":\"https:\\\/\\\/secure.gravatar.com\\\/avatar\\\/da245a1cae9c81db24d2b96301301cb5f0847cd0f266ee5b9deb95611bf13d92?s=96&d=mm&r=g\",\"caption\":\"Turismo.Ricercattiva\"},\"sameAs\":[\"http:\\\/\\\/turismo.ricercattiva.it\"],\"url\":\"https:\\\/\\\/www.altaviadeimontilattari.it\\\/fr\\\/author\\\/turismo-ricercattiva\\\/\"}]}<\/script>\n<!-- \/ Yoast SEO plugin. -->","yoast_head_json":{"title":"8. Barr\u00e9 (1064 m) - Alta Via dei Monti Lattari","description":"L'Imbarrata est le point de passage entre l'Alta Via et le haut sentier de la Valle delle Ferriere qui part du Monte Rotondo (CAI 301)","robots":{"index":"index","follow":"follow","max-snippet":"max-snippet:-1","max-image-preview":"max-image-preview:large","max-video-preview":"max-video-preview:-1"},"canonical":"https:\/\/www.altaviadeimontilattari.it\/fr\/8-barre-1064-m\/","og_locale":"fr_FR","og_type":"article","og_title":"8. Barr\u00e9 (1064 m) - Alta Via dei Monti Lattari","og_description":"L'Imbarrata est le point de passage entre l'Alta Via et le haut sentier de la Valle delle Ferriere qui part du Monte Rotondo (CAI 301)","og_url":"https:\/\/www.altaviadeimontilattari.it\/fr\/8-barre-1064-m\/","og_site_name":"Alta Via dei Monti Lattari","article_published_time":"2020-11-20T21:57:10+00:00","article_modified_time":"2022-07-09T12:43:23+00:00","og_image":[{"width":1000,"height":1000,"url":"https:\/\/www.altaviadeimontilattari.it\/wp-content\/uploads\/2020\/12\/imbarrata.jpg","type":"image\/jpeg"}],"author":"Turismo.Ricercattiva","twitter_card":"summary_large_image","twitter_misc":{"\u00c9crit par":"Turismo.Ricercattiva","Dur\u00e9e de lecture estim\u00e9e":"1 minute"},"schema":{"@context":"https:\/\/schema.org","@graph":[{"@type":"Article","@id":"https:\/\/www.altaviadeimontilattari.it\/fr\/8-barre-1064-m\/#article","isPartOf":{"@id":"https:\/\/www.altaviadeimontilattari.it\/fr\/8-barre-1064-m\/"},"author":{"name":"Turismo.Ricercattiva","@id":"https:\/\/www.altaviadeimontilattari.it\/#\/schema\/person\/47c8033a7c6005363bf26047c156ed2c"},"headline":"8. Barr\u00e9 (1064 m)","datePublished":"2020-11-20T21:57:10+00:00","dateModified":"2022-07-09T12:43:23+00:00","mainEntityOfPage":{"@id":"https:\/\/www.altaviadeimontilattari.it\/fr\/8-barre-1064-m\/"},"wordCount":176,"commentCount":0,"publisher":{"@id":"https:\/\/www.altaviadeimontilattari.it\/#organization"},"image":{"@id":"https:\/\/www.altaviadeimontilattari.it\/fr\/8-barre-1064-m\/#primaryimage"},"thumbnailUrl":"https:\/\/i0.wp.com\/www.altaviadeimontilattari.it\/wp-content\/uploads\/2020\/12\/imbarrata.jpg?fit=1000%2C1000&ssl=1","articleSection":["Visite de l'Alta Via dei Monti Lattari"],"inLanguage":"fr-FR","potentialAction":[{"@type":"CommentAction","name":"Comment","target":["https:\/\/www.altaviadeimontilattari.it\/fr\/8-barre-1064-m\/#respond"]}]},{"@type":"WebPage","@id":"https:\/\/www.altaviadeimontilattari.it\/fr\/8-barre-1064-m\/","url":"https:\/\/www.altaviadeimontilattari.it\/fr\/8-barre-1064-m\/","name":"8. Barr\u00e9 (1064 m) - Alta Via dei Monti Lattari","isPartOf":{"@id":"https:\/\/www.altaviadeimontilattari.it\/#website"},"primaryImageOfPage":{"@id":"https:\/\/www.altaviadeimontilattari.it\/fr\/8-barre-1064-m\/#primaryimage"},"image":{"@id":"https:\/\/www.altaviadeimontilattari.it\/fr\/8-barre-1064-m\/#primaryimage"},"thumbnailUrl":"https:\/\/i0.wp.com\/www.altaviadeimontilattari.it\/wp-content\/uploads\/2020\/12\/imbarrata.jpg?fit=1000%2C1000&ssl=1","datePublished":"2020-11-20T21:57:10+00:00","dateModified":"2022-07-09T12:43:23+00:00","description":"L'Imbarrata est le point de passage entre l'Alta Via et le haut sentier de la Valle delle Ferriere qui part du Monte Rotondo (CAI 301)","breadcrumb":{"@id":"https:\/\/www.altaviadeimontilattari.it\/fr\/8-barre-1064-m\/#breadcrumb"},"inLanguage":"fr-FR","potentialAction":[{"@type":"ReadAction","target":["https:\/\/www.altaviadeimontilattari.it\/fr\/8-barre-1064-m\/"]}]},{"@type":"ImageObject","inLanguage":"fr-FR","@id":"https:\/\/www.altaviadeimontilattari.it\/fr\/8-barre-1064-m\/#primaryimage","url":"https:\/\/i0.wp.com\/www.altaviadeimontilattari.it\/wp-content\/uploads\/2020\/12\/imbarrata.jpg?fit=1000%2C1000&ssl=1","contentUrl":"https:\/\/i0.wp.com\/www.altaviadeimontilattari.it\/wp-content\/uploads\/2020\/12\/imbarrata.jpg?fit=1000%2C1000&ssl=1","width":1000,"height":1000},{"@type":"BreadcrumbList","@id":"https:\/\/www.altaviadeimontilattari.it\/fr\/8-barre-1064-m\/#breadcrumb","itemListElement":[{"@type":"ListItem","position":1,"name":"Home","item":"https:\/\/www.altaviadeimontilattari.it\/es\/"},{"@type":"ListItem","position":2,"name":"8. Barr\u00e9 (1064 m)"}]},{"@type":"WebSite","@id":"https:\/\/www.altaviadeimontilattari.it\/#website","url":"https:\/\/www.altaviadeimontilattari.it\/","name":"Alta Via dei Monti Lattari","description":"La montagna \u00e8 un modo di vivere la vita.","publisher":{"@id":"https:\/\/www.altaviadeimontilattari.it\/#organization"},"potentialAction":[{"@type":"SearchAction","target":{"@type":"EntryPoint","urlTemplate":"https:\/\/www.altaviadeimontilattari.it\/?s={search_term_string}"},"query-input":{"@type":"PropertyValueSpecification","valueRequired":true,"valueName":"search_term_string"}}],"inLanguage":"fr-FR"},{"@type":"Organization","@id":"https:\/\/www.altaviadeimontilattari.it\/#organization","name":"Alta Via dei Monti Lattari","url":"https:\/\/www.altaviadeimontilattari.it\/","logo":{"@type":"ImageObject","inLanguage":"fr-FR","@id":"https:\/\/www.altaviadeimontilattari.it\/#\/schema\/logo\/image\/","url":"https:\/\/i0.wp.com\/www.altaviadeimontilattari.it\/wp-content\/uploads\/2020\/12\/alta_via_monyi_lattari_logo.png?fit=325%2C100&ssl=1","contentUrl":"https:\/\/i0.wp.com\/www.altaviadeimontilattari.it\/wp-content\/uploads\/2020\/12\/alta_via_monyi_lattari_logo.png?fit=325%2C100&ssl=1","width":325,"height":100,"caption":"Alta Via dei Monti Lattari"},"image":{"@id":"https:\/\/www.altaviadeimontilattari.it\/#\/schema\/logo\/image\/"}},{"@type":"Person","@id":"https:\/\/www.altaviadeimontilattari.it\/#\/schema\/person\/47c8033a7c6005363bf26047c156ed2c","name":"Turismo.Ricercattiva","image":{"@type":"ImageObject","inLanguage":"fr-FR","@id":"https:\/\/secure.gravatar.com\/avatar\/da245a1cae9c81db24d2b96301301cb5f0847cd0f266ee5b9deb95611bf13d92?s=96&d=mm&r=g","url":"https:\/\/secure.gravatar.com\/avatar\/da245a1cae9c81db24d2b96301301cb5f0847cd0f266ee5b9deb95611bf13d92?s=96&d=mm&r=g","contentUrl":"https:\/\/secure.gravatar.com\/avatar\/da245a1cae9c81db24d2b96301301cb5f0847cd0f266ee5b9deb95611bf13d92?s=96&d=mm&r=g","caption":"Turismo.Ricercattiva"},"sameAs":["http:\/\/turismo.ricercattiva.it"],"url":"https:\/\/www.altaviadeimontilattari.it\/fr\/author\/turismo-ricercattiva\/"}]}},"jetpack_featured_media_url":"https:\/\/i0.wp.com\/www.altaviadeimontilattari.it\/wp-content\/uploads\/2020\/12\/imbarrata.jpg?fit=1000%2C1000&ssl=1","jetpack-related-posts":[{"id":6556,"url":"https:\/\/www.altaviadeimontilattari.it\/de\/8-barre-1064-m\/","url_meta":{"origin":6554,"position":0},"title":"8. Barr\u00e9 (1064 m)","author":"Turismo.Ricercattiva","date":"20 novembre 2020","format":false,"excerpt":"En suivant l'Alta Via dei Monti Lattari apr\u00e8s le Monte Cerreto , en surmontant le plan de Megano et le sommet du Monte Cervigliano , vous atteignez le Imbarrata. Aussi appel\u00e9 Ammarrata est le point d'arriv\u00e9e de la voie haute du V alle delle Ferriere ( 301 CAI ) qui\u2026","rel":"","context":"Dans &quot;Besichtigung der Alta Via dei Monti Lattari&quot;","block_context":{"text":"Besichtigung der Alta Via dei Monti Lattari","link":"https:\/\/www.altaviadeimontilattari.it\/de\/category\/besichtigung-der-alta-via-dei-monti-lattari\/"},"img":{"alt_text":"","src":"https:\/\/i0.wp.com\/www.altaviadeimontilattari.it\/wp-content\/uploads\/2020\/12\/imbarrata.jpg?fit=1000%2C1000&ssl=1&resize=350%2C200","width":350,"height":200,"srcset":"https:\/\/i0.wp.com\/www.altaviadeimontilattari.it\/wp-content\/uploads\/2020\/12\/imbarrata.jpg?fit=1000%2C1000&ssl=1&resize=350%2C200 1x, https:\/\/i0.wp.com\/www.altaviadeimontilattari.it\/wp-content\/uploads\/2020\/12\/imbarrata.jpg?fit=1000%2C1000&ssl=1&resize=525%2C300 1.5x, https:\/\/i0.wp.com\/www.altaviadeimontilattari.it\/wp-content\/uploads\/2020\/12\/imbarrata.jpg?fit=1000%2C1000&ssl=1&resize=700%2C400 2x"},"classes":[]},{"id":6506,"url":"https:\/\/www.altaviadeimontilattari.it\/fr\/14-monte-comune-877-m\/","url_meta":{"origin":6554,"position":1},"title":"14. Monte Comune (877 m)","author":"Turismo.Ricercattiva","date":"20 novembre 2020","format":false,"excerpt":"Le long de l'Alta via dei Monti Lattari depuis la Caserne de la Foresterie vous atteignez d'abord le village de Santa Maria al Castello puis monter vers Monte Comune en passant par le col de Preazzano. Le village de Santa Maria al Castello est une \u00e9tape strat\u00e9gique le long de\u2026","rel":"","context":"Dans &quot;Visite de l'Alta Via dei Monti Lattari&quot;","block_context":{"text":"Visite de l'Alta Via dei Monti Lattari","link":"https:\/\/www.altaviadeimontilattari.it\/fr\/category\/visite-de-lalta-via-dei-monti-lattari\/"},"img":{"alt_text":"","src":"https:\/\/i0.wp.com\/www.altaviadeimontilattari.it\/wp-content\/uploads\/2020\/11\/monte-comune.jpg?fit=1024%2C1024&ssl=1&resize=350%2C200","width":350,"height":200,"srcset":"https:\/\/i0.wp.com\/www.altaviadeimontilattari.it\/wp-content\/uploads\/2020\/11\/monte-comune.jpg?fit=1024%2C1024&ssl=1&resize=350%2C200 1x, https:\/\/i0.wp.com\/www.altaviadeimontilattari.it\/wp-content\/uploads\/2020\/11\/monte-comune.jpg?fit=1024%2C1024&ssl=1&resize=525%2C300 1.5x, https:\/\/i0.wp.com\/www.altaviadeimontilattari.it\/wp-content\/uploads\/2020\/11\/monte-comune.jpg?fit=1024%2C1024&ssl=1&resize=700%2C400 2x"},"classes":[]},{"id":6546,"url":"https:\/\/www.altaviadeimontilattari.it\/fr\/9-crocelle-1002-m\/","url_meta":{"origin":6554,"position":2},"title":"9. Crocelle (1002 m)","author":"Turismo.Ricercattiva","date":"20 novembre 2020","format":false,"excerpt":"Apr\u00e8s le Monte Cerreto et le croisement des chemins au Imbarrata vous atteignez la localit\u00e9 de Crocella (1002m) o\u00f9 l'ascension du Monte Molare commence. De Imbarrata monter l\u00e9g\u00e8rement et rencontrer successivement Colle Sant'Angelo (982m) Colle Sughero (1065m). Sous ce tron\u00e7on le tunnel du route nationale vers Agerola et il y\u2026","rel":"","context":"Dans &quot;Visite de l'Alta Via dei Monti Lattari&quot;","block_context":{"text":"Visite de l'Alta Via dei Monti Lattari","link":"https:\/\/www.altaviadeimontilattari.it\/fr\/category\/visite-de-lalta-via-dei-monti-lattari\/"},"img":{"alt_text":"","src":"https:\/\/i0.wp.com\/www.altaviadeimontilattari.it\/wp-content\/uploads\/2020\/11\/portata-crocella.jpg?fit=500%2C500&ssl=1&resize=350%2C200","width":350,"height":200},"classes":[]},{"id":6602,"url":"https:\/\/www.altaviadeimontilattari.it\/fr\/2-acquafredda-897-m\/","url_meta":{"origin":6554,"position":3},"title":"2. Acquafredda (897 m)","author":"Turismo.Ricercattiva","date":"20 novembre 2020","format":false,"excerpt":"La source Acquafredda, \u00e9galement connue sous le nom de \"Scetate qui est juorno\", est une localit\u00e9 situ\u00e9e pr\u00e8s du Monte dell'Avvocata.","rel":"","context":"Dans &quot;Visite de l'Alta Via dei Monti Lattari&quot;","block_context":{"text":"Visite de l'Alta Via dei Monti Lattari","link":"https:\/\/www.altaviadeimontilattari.it\/fr\/category\/visite-de-lalta-via-dei-monti-lattari\/"},"img":{"alt_text":"","src":"https:\/\/i0.wp.com\/www.altaviadeimontilattari.it\/wp-content\/uploads\/2020\/12\/IMG_20201031_074335.jpg?fit=1000%2C1000&ssl=1&resize=350%2C200","width":350,"height":200,"srcset":"https:\/\/i0.wp.com\/www.altaviadeimontilattari.it\/wp-content\/uploads\/2020\/12\/IMG_20201031_074335.jpg?fit=1000%2C1000&ssl=1&resize=350%2C200 1x, https:\/\/i0.wp.com\/www.altaviadeimontilattari.it\/wp-content\/uploads\/2020\/12\/IMG_20201031_074335.jpg?fit=1000%2C1000&ssl=1&resize=525%2C300 1.5x, https:\/\/i0.wp.com\/www.altaviadeimontilattari.it\/wp-content\/uploads\/2020\/12\/IMG_20201031_074335.jpg?fit=1000%2C1000&ssl=1&resize=700%2C400 2x"},"classes":[]},{"id":6558,"url":"https:\/\/www.altaviadeimontilattari.it\/es\/8-barrado-1064-m\/","url_meta":{"origin":6554,"position":4},"title":"8. Barrado (1064 m)","author":"Turismo.Ricercattiva","date":"20 novembre 2020","format":false,"excerpt":"Siguiendo la Alta Via dei Monti Lattari despu\u00e9s del Monte Cerreto , superando el plano de Megano y la cumbre del Monte Cervigliano , se llega al Imbarrata. Tambi\u00e9n llamado Ammarrata es el punto de llegada del camino elevado de la V alle delle Ferriere < \/ em> ( 301\u2026","rel":"","context":"Dans &quot;Recorrido por la Alta Via dei Monti Lattari&quot;","block_context":{"text":"Recorrido por la Alta Via dei Monti Lattari","link":"https:\/\/www.altaviadeimontilattari.it\/es\/category\/recorrido-por-la-alta-via-dei-monti-lattari\/"},"img":{"alt_text":"","src":"https:\/\/i0.wp.com\/www.altaviadeimontilattari.it\/wp-content\/uploads\/2020\/12\/imbarrata.jpg?fit=1000%2C1000&ssl=1&resize=350%2C200","width":350,"height":200,"srcset":"https:\/\/i0.wp.com\/www.altaviadeimontilattari.it\/wp-content\/uploads\/2020\/12\/imbarrata.jpg?fit=1000%2C1000&ssl=1&resize=350%2C200 1x, https:\/\/i0.wp.com\/www.altaviadeimontilattari.it\/wp-content\/uploads\/2020\/12\/imbarrata.jpg?fit=1000%2C1000&ssl=1&resize=525%2C300 1.5x, https:\/\/i0.wp.com\/www.altaviadeimontilattari.it\/wp-content\/uploads\/2020\/12\/imbarrata.jpg?fit=1000%2C1000&ssl=1&resize=700%2C400 2x"},"classes":[]},{"id":6578,"url":"https:\/\/www.altaviadeimontilattari.it\/fr\/5-mont-finestra-1145-m\/","url_meta":{"origin":6554,"position":5},"title":"5. Mont Finestra (1145 m)","author":"Turismo.Ricercattiva","date":"20 novembre 2020","format":false,"excerpt":"Monte Finestra est une \u00e9tape fondamentale de notre itin\u00e9raire avec un panorama magnifique.","rel":"","context":"Dans &quot;Visite de l'Alta Via dei Monti Lattari&quot;","block_context":{"text":"Visite de l'Alta Via dei Monti Lattari","link":"https:\/\/www.altaviadeimontilattari.it\/fr\/category\/visite-de-lalta-via-dei-monti-lattari\/"},"img":{"alt_text":"","src":"https:\/\/i0.wp.com\/www.altaviadeimontilattari.it\/wp-content\/uploads\/2020\/12\/monte_finestra.jpg?fit=1000%2C1000&ssl=1&resize=350%2C200","width":350,"height":200,"srcset":"https:\/\/i0.wp.com\/www.altaviadeimontilattari.it\/wp-content\/uploads\/2020\/12\/monte_finestra.jpg?fit=1000%2C1000&ssl=1&resize=350%2C200 1x, https:\/\/i0.wp.com\/www.altaviadeimontilattari.it\/wp-content\/uploads\/2020\/12\/monte_finestra.jpg?fit=1000%2C1000&ssl=1&resize=525%2C300 1.5x, https:\/\/i0.wp.com\/www.altaviadeimontilattari.it\/wp-content\/uploads\/2020\/12\/monte_finestra.jpg?fit=1000%2C1000&ssl=1&resize=700%2C400 2x"},"classes":[]}],"jetpack_shortlink":"https:\/\/wp.me\/pcGNaV-1HI","jetpack_sharing_enabled":true,"_links":{"self":[{"href":"https:\/\/www.altaviadeimontilattari.it\/fr\/wp-json\/wp\/v2\/posts\/6554","targetHints":{"allow":["GET"]}}],"collection":[{"href":"https:\/\/www.altaviadeimontilattari.it\/fr\/wp-json\/wp\/v2\/posts"}],"about":[{"href":"https:\/\/www.altaviadeimontilattari.it\/fr\/wp-json\/wp\/v2\/types\/post"}],"author":[{"embeddable":true,"href":"https:\/\/www.altaviadeimontilattari.it\/fr\/wp-json\/wp\/v2\/users\/3"}],"replies":[{"embeddable":true,"href":"https:\/\/www.altaviadeimontilattari.it\/fr\/wp-json\/wp\/v2\/comments?post=6554"}],"version-history":[{"count":1,"href":"https:\/\/www.altaviadeimontilattari.it\/fr\/wp-json\/wp\/v2\/posts\/6554\/revisions"}],"predecessor-version":[{"id":6555,"href":"https:\/\/www.altaviadeimontilattari.it\/fr\/wp-json\/wp\/v2\/posts\/6554\/revisions\/6555"}],"wp:featuredmedia":[{"embeddable":true,"href":"https:\/\/www.altaviadeimontilattari.it\/fr\/wp-json\/wp\/v2\/media\/4688"}],"wp:attachment":[{"href":"https:\/\/www.altaviadeimontilattari.it\/fr\/wp-json\/wp\/v2\/media?parent=6554"}],"wp:term":[{"taxonomy":"category","embeddable":true,"href":"https:\/\/www.altaviadeimontilattari.it\/fr\/wp-json\/wp\/v2\/categories?post=6554"},{"taxonomy":"post_tag","embeddable":true,"href":"https:\/\/www.altaviadeimontilattari.it\/fr\/wp-json\/wp\/v2\/tags?post=6554"}],"curies":[{"name":"wp","href":"https:\/\/api.w.org\/{rel}","templated":true}]}}