{"id":6586,"date":"2020-11-20T21:41:11","date_gmt":"2020-11-20T21:41:11","guid":{"rendered":"https:\/\/www.altaviadeimontilattari.it\/4-monts-du-demanio-932-m\/"},"modified":"2022-07-09T13:33:40","modified_gmt":"2022-07-09T13:33:40","slug":"4-monts-du-demanio-932-m","status":"publish","type":"post","link":"https:\/\/www.altaviadeimontilattari.it\/fr\/4-monts-du-demanio-932-m\/","title":{"rendered":"4. Monts du Demanio (932 m)"},"content":{"rendered":"<p>Du <a href=\"https:\/\/altaviadeimontilattari.it\/3-monte-dellavvocata-santuario-865-m\/\"> <em> <strong> Sanctuaire de l&rsquo;Avvocata <\/strong> <\/em> <\/a > vers <strong> <em> Monte Finestra <\/em> <\/strong>. Notre route continue avec les <em> <strong> Monti del Demanio <\/strong> <\/em>, un chemin tr\u00e8s difficile o\u00f9 les panneaux disparaissent. Notre conseil est d&rsquo;aborder l&rsquo;itin\u00e9raire avec le bon \u00e9quipement et avec un bon mou derri\u00e8re soi.<\/p>\n<p>Si vous avez l&rsquo;intention de d\u00e9couvrir cet itin\u00e9raire pendant les mois les plus chauds, les mois d&rsquo;\u00e9t\u00e9, apportez des r\u00e9serves d&rsquo;eau et un chapeau pour vous prot\u00e9ger du soleil. <strong> <em> Les montagnes Demanio <\/em> <\/strong> pr\u00e9sentent une hauteur moyenne \u00e0 900 m\u00e8tres d&rsquo;altitude.<\/p>\n<p>Depuis le chemin 300CAI avant d&rsquo;atteindre le <a href=\"https:\/\/altaviadeimontilattari.it\/3-monte-dellavvocata-santuario-865-m\/\"> <em> <strong> Sanctuaire de l&rsquo;Avvocata <\/strong> <\/ em> <\/a> il y a un carrefour qui indique la direction vers le sanctuaire, en tournant le dos aux panneaux sur la gauche, vous pouvez voir l&rsquo;entr\u00e9e vers le <em> <strong> Monti del Demanio <\/strong> <\/em > , il faut faire attention \u00e0 prendre le bon chemin.<\/p>\n<p>Le chemin le long des Monti del Demanio nous emm\u00e8ne vers <a href=\"https:\/\/altaviadeimontilattari.it\/5-monte-finestra-1145-m\/\"> <strong> <em> Monte Finestra <\/em> <\/ strong> <\/a> passant par la <em> <strong> vall\u00e9e de Tramonti <\/strong> <\/em> surplombant la mer de <em> <strong> Maiori <\/strong> <\/em> et la < em > <strong> Vall\u00e9e metellienne <\/strong> <\/em> avec <em> <strong> Cava de &lsquo;Tirreni <\/strong> <\/em>. Le chemin passe juste sous le <em> <strong> sommet du Monte del Demanio (932m) <\/strong> <\/em>, la zone de <em> <strong> Aria del Grano <\/strong> <\/em > , <em> <strong> Foce di Pucara <\/strong> <\/em> (865m), <em> <strong> Colle Solve <\/strong> <\/em> (935m), <em> <strong> Colle della Serra <\/strong> <\/em> (936m) jusqu&rsquo;\u00e0 <em> <strong> Foce di Tramonti <\/strong> <\/em> (896m).<\/p>\n<p>Foce di Tramonti est un point tr\u00e8s important le long de l&rsquo;Alta Via dei Monti Lattari, c&rsquo;est un carrefour et de l\u00e0 commence la mont\u00e9e vers Monte Finestra, mais vous pouvez descendre vers le <em> <strong> Corpo di Cava <\/strong> < \/ em> le long du chemin <em> <strong> 306CAI <\/strong> <\/em> et du <em> <strong> Sentier Tramontane <\/strong> <\/em> <strong> <em> 309CAI <\/ em > <\/strong> qui m\u00e8ne \u00e0 la vall\u00e9e de Tramonti.<\/p>\n\n<div class=\"wp-block-jetpack-tiled-gallery aligncenter is-style-rectangular\"><div class=\"tiled-gallery__gallery\"><div class=\"tiled-gallery__row\"><div class=\"tiled-gallery__col\" style=\"flex-basis:48.96161%\"><figure class=\"tiled-gallery__item\"><img decoding=\"async\" role=\"button\" tabindex=\"0\" aria-label=\"Ouvrir l\u2019image 1 sur 6 en plein \u00e9cran\"srcset=\"https:\/\/i1.wp.com\/www.altaviadeimontilattari.it\/wp-content\/uploads\/2022\/02\/foce_di_tramonti-576x1024.jpg?strip=info&#038;w=600&#038;ssl=1 600w,https:\/\/i1.wp.com\/www.altaviadeimontilattari.it\/wp-content\/uploads\/2022\/02\/foce_di_tramonti-576x1024.jpg?strip=info&#038;w=900&#038;ssl=1 900w,https:\/\/i1.wp.com\/www.altaviadeimontilattari.it\/wp-content\/uploads\/2022\/02\/foce_di_tramonti-576x1024.jpg?strip=info&#038;w=1024&#038;ssl=1 1024w\" alt=\"Foce di Tramonti\" data-height=\"1822\" data-id=\"4124\" data-link=\"https:\/\/altaviadeimontilattari.it\/4-monti-del-demanio-980-m\/foce_di_tramonti\/\" data-url=\"https:\/\/altaviadeimontilattari.it\/wp-content\/uploads\/2022\/02\/foce_di_tramonti-576x1024.jpg\" data-width=\"1024\" src=\"https:\/\/i1.wp.com\/www.altaviadeimontilattari.it\/wp-content\/uploads\/2022\/02\/foce_di_tramonti-576x1024.jpg?ssl=1\" data-amp-layout=\"responsive\"\/><\/figure><\/div><div class=\"tiled-gallery__col\" style=\"flex-basis:51.03839%\"><figure class=\"tiled-gallery__item\"><img decoding=\"async\" role=\"button\" tabindex=\"0\" aria-label=\"Ouvrir l\u2019image 2 sur 6 en plein \u00e9cran\"srcset=\"https:\/\/i0.wp.com\/www.altaviadeimontilattari.it\/wp-content\/uploads\/2022\/02\/monti_demanio_5-1024x576.jpg?strip=info&#038;w=600&#038;ssl=1 600w,https:\/\/i0.wp.com\/www.altaviadeimontilattari.it\/wp-content\/uploads\/2022\/02\/monti_demanio_5-1024x576.jpg?strip=info&#038;w=900&#038;ssl=1 900w,https:\/\/i0.wp.com\/www.altaviadeimontilattari.it\/wp-content\/uploads\/2022\/02\/monti_demanio_5-1024x576.jpg?strip=info&#038;w=1200&#038;ssl=1 1200w,https:\/\/i0.wp.com\/www.altaviadeimontilattari.it\/wp-content\/uploads\/2022\/02\/monti_demanio_5-1024x576.jpg?strip=info&#038;w=1500&#038;ssl=1 1500w,https:\/\/i0.wp.com\/www.altaviadeimontilattari.it\/wp-content\/uploads\/2022\/02\/monti_demanio_5-1024x576.jpg?strip=info&#038;w=1800&#038;ssl=1 1800w,https:\/\/i0.wp.com\/www.altaviadeimontilattari.it\/wp-content\/uploads\/2022\/02\/monti_demanio_5-1024x576.jpg?strip=info&#038;w=1822&#038;ssl=1 1822w\" alt=\"Creste di Nord e Sud di Monte Finestra e Monte Sant'Angelo\" data-height=\"1024\" data-id=\"4125\" data-link=\"https:\/\/altaviadeimontilattari.it\/4-monti-del-demanio-980-m\/monti_demanio_5\/\" data-url=\"https:\/\/altaviadeimontilattari.it\/wp-content\/uploads\/2022\/02\/monti_demanio_5-1024x576.jpg\" data-width=\"1822\" src=\"https:\/\/i0.wp.com\/www.altaviadeimontilattari.it\/wp-content\/uploads\/2022\/02\/monti_demanio_5-1024x576.jpg?ssl=1\" data-amp-layout=\"responsive\"\/><\/figure><figure class=\"tiled-gallery__item\"><img decoding=\"async\" role=\"button\" tabindex=\"0\" aria-label=\"Ouvrir l\u2019image 3 sur 6 en plein \u00e9cran\"srcset=\"https:\/\/i0.wp.com\/www.altaviadeimontilattari.it\/wp-content\/uploads\/2022\/02\/monti_demanio_4-1024x576.jpg?strip=info&#038;w=600&#038;ssl=1 600w,https:\/\/i0.wp.com\/www.altaviadeimontilattari.it\/wp-content\/uploads\/2022\/02\/monti_demanio_4-1024x576.jpg?strip=info&#038;w=900&#038;ssl=1 900w,https:\/\/i0.wp.com\/www.altaviadeimontilattari.it\/wp-content\/uploads\/2022\/02\/monti_demanio_4-1024x576.jpg?strip=info&#038;w=1200&#038;ssl=1 1200w,https:\/\/i0.wp.com\/www.altaviadeimontilattari.it\/wp-content\/uploads\/2022\/02\/monti_demanio_4-1024x576.jpg?strip=info&#038;w=1500&#038;ssl=1 1500w,https:\/\/i0.wp.com\/www.altaviadeimontilattari.it\/wp-content\/uploads\/2022\/02\/monti_demanio_4-1024x576.jpg?strip=info&#038;w=1800&#038;ssl=1 1800w,https:\/\/i0.wp.com\/www.altaviadeimontilattari.it\/wp-content\/uploads\/2022\/02\/monti_demanio_4-1024x576.jpg?strip=info&#038;w=1822&#038;ssl=1 1822w\" alt=\"Panorama su Maiori e valle di Tramonti\" data-height=\"1024\" data-id=\"4126\" data-link=\"https:\/\/altaviadeimontilattari.it\/4-monti-del-demanio-980-m\/monti_demanio_4\/\" data-url=\"https:\/\/altaviadeimontilattari.it\/wp-content\/uploads\/2022\/02\/monti_demanio_4-1024x576.jpg\" data-width=\"1822\" src=\"https:\/\/i0.wp.com\/www.altaviadeimontilattari.it\/wp-content\/uploads\/2022\/02\/monti_demanio_4-1024x576.jpg?ssl=1\" data-amp-layout=\"responsive\"\/><\/figure><figure class=\"tiled-gallery__item\"><img decoding=\"async\" role=\"button\" tabindex=\"0\" aria-label=\"Ouvrir l\u2019image 4 sur 6 en plein \u00e9cran\"srcset=\"https:\/\/i0.wp.com\/www.altaviadeimontilattari.it\/wp-content\/uploads\/2022\/02\/monti_demanio_3-1024x576.jpg?strip=info&#038;w=600&#038;ssl=1 600w,https:\/\/i0.wp.com\/www.altaviadeimontilattari.it\/wp-content\/uploads\/2022\/02\/monti_demanio_3-1024x576.jpg?strip=info&#038;w=900&#038;ssl=1 900w,https:\/\/i0.wp.com\/www.altaviadeimontilattari.it\/wp-content\/uploads\/2022\/02\/monti_demanio_3-1024x576.jpg?strip=info&#038;w=1200&#038;ssl=1 1200w,https:\/\/i0.wp.com\/www.altaviadeimontilattari.it\/wp-content\/uploads\/2022\/02\/monti_demanio_3-1024x576.jpg?strip=info&#038;w=1500&#038;ssl=1 1500w,https:\/\/i0.wp.com\/www.altaviadeimontilattari.it\/wp-content\/uploads\/2022\/02\/monti_demanio_3-1024x576.jpg?strip=info&#038;w=1800&#038;ssl=1 1800w,https:\/\/i0.wp.com\/www.altaviadeimontilattari.it\/wp-content\/uploads\/2022\/02\/monti_demanio_3-1024x576.jpg?strip=info&#038;w=1820&#038;ssl=1 1820w\" alt=\"Bivacco lungo il sentiero\" data-height=\"1024\" data-id=\"4127\" data-link=\"https:\/\/altaviadeimontilattari.it\/4-monti-del-demanio-980-m\/monti_demanio_3\/\" data-url=\"https:\/\/altaviadeimontilattari.it\/wp-content\/uploads\/2022\/02\/monti_demanio_3-1024x576.jpg\" data-width=\"1820\" src=\"https:\/\/i0.wp.com\/www.altaviadeimontilattari.it\/wp-content\/uploads\/2022\/02\/monti_demanio_3-1024x576.jpg?ssl=1\" data-amp-layout=\"responsive\"\/><\/figure><\/div><\/div><div class=\"tiled-gallery__row\"><div class=\"tiled-gallery__col\" style=\"flex-basis:50.00000%\"><figure class=\"tiled-gallery__item\"><img decoding=\"async\" role=\"button\" tabindex=\"0\" aria-label=\"Ouvrir l\u2019image 5 sur 6 en plein \u00e9cran\"srcset=\"https:\/\/i2.wp.com\/www.altaviadeimontilattari.it\/wp-content\/uploads\/2022\/02\/monti_demanio_2-1024x576.jpg?strip=info&#038;w=600&#038;ssl=1 600w,https:\/\/i2.wp.com\/www.altaviadeimontilattari.it\/wp-content\/uploads\/2022\/02\/monti_demanio_2-1024x576.jpg?strip=info&#038;w=900&#038;ssl=1 900w,https:\/\/i2.wp.com\/www.altaviadeimontilattari.it\/wp-content\/uploads\/2022\/02\/monti_demanio_2-1024x576.jpg?strip=info&#038;w=1200&#038;ssl=1 1200w,https:\/\/i2.wp.com\/www.altaviadeimontilattari.it\/wp-content\/uploads\/2022\/02\/monti_demanio_2-1024x576.jpg?strip=info&#038;w=1500&#038;ssl=1 1500w,https:\/\/i2.wp.com\/www.altaviadeimontilattari.it\/wp-content\/uploads\/2022\/02\/monti_demanio_2-1024x576.jpg?strip=info&#038;w=1800&#038;ssl=1 1800w,https:\/\/i2.wp.com\/www.altaviadeimontilattari.it\/wp-content\/uploads\/2022\/02\/monti_demanio_2-1024x576.jpg?strip=info&#038;w=1822&#038;ssl=1 1822w\" alt=\"Panorama su Cava de' Tirreni\" data-height=\"1024\" data-id=\"4128\" data-link=\"https:\/\/altaviadeimontilattari.it\/4-monti-del-demanio-980-m\/monti_demanio_2\/\" data-url=\"https:\/\/altaviadeimontilattari.it\/wp-content\/uploads\/2022\/02\/monti_demanio_2-1024x576.jpg\" data-width=\"1822\" src=\"https:\/\/i2.wp.com\/www.altaviadeimontilattari.it\/wp-content\/uploads\/2022\/02\/monti_demanio_2-1024x576.jpg?ssl=1\" data-amp-layout=\"responsive\"\/><\/figure><\/div><div class=\"tiled-gallery__col\" style=\"flex-basis:50.00000%\"><figure class=\"tiled-gallery__item\"><img decoding=\"async\" role=\"button\" tabindex=\"0\" aria-label=\"Ouvrir l\u2019image 6 sur 6 en plein \u00e9cran\"srcset=\"https:\/\/i1.wp.com\/www.altaviadeimontilattari.it\/wp-content\/uploads\/2022\/02\/monti_demanio_1-1024x576.jpg?strip=info&#038;w=600&#038;ssl=1 600w,https:\/\/i1.wp.com\/www.altaviadeimontilattari.it\/wp-content\/uploads\/2022\/02\/monti_demanio_1-1024x576.jpg?strip=info&#038;w=900&#038;ssl=1 900w,https:\/\/i1.wp.com\/www.altaviadeimontilattari.it\/wp-content\/uploads\/2022\/02\/monti_demanio_1-1024x576.jpg?strip=info&#038;w=1200&#038;ssl=1 1200w,https:\/\/i1.wp.com\/www.altaviadeimontilattari.it\/wp-content\/uploads\/2022\/02\/monti_demanio_1-1024x576.jpg?strip=info&#038;w=1500&#038;ssl=1 1500w,https:\/\/i1.wp.com\/www.altaviadeimontilattari.it\/wp-content\/uploads\/2022\/02\/monti_demanio_1-1024x576.jpg?strip=info&#038;w=1800&#038;ssl=1 1800w,https:\/\/i1.wp.com\/www.altaviadeimontilattari.it\/wp-content\/uploads\/2022\/02\/monti_demanio_1-1024x576.jpg?strip=info&#038;w=1822&#038;ssl=1 1822w\" alt=\"Panorama su Cava de' Tirreni\" data-height=\"1024\" data-id=\"4129\" data-link=\"https:\/\/altaviadeimontilattari.it\/4-monti-del-demanio-980-m\/monti_demanio_1\/\" data-url=\"https:\/\/altaviadeimontilattari.it\/wp-content\/uploads\/2022\/02\/monti_demanio_1-1024x576.jpg\" data-width=\"1822\" src=\"https:\/\/i1.wp.com\/www.altaviadeimontilattari.it\/wp-content\/uploads\/2022\/02\/monti_demanio_1-1024x576.jpg?ssl=1\" data-amp-layout=\"responsive\"\/><\/figure><\/div><\/div><\/div><\/div>\r\n<div style=\"margin: 20px 0;\"><div class=\"qrcswholewtapper\" style=\"text-align:left;\"><div class=\"qrcprowrapper\"  id=\"qrcwraa2leds\"><div class=\"qrc_canvass\" id=\"qrc_cuttenpages_2\" style=\"display:inline-block\" data-text=\"https:\/\/www.altaviadeimontilattari.it\/fr\/4-monts-du-demanio-932-m\/\"><\/div><div><a download=\"4. Monts du Demanio (932 m).png\" class=\"qrcdownloads\" id=\"worign\">\r\n           <button type=\"button\" style=\"min-width:200px;background:#81ea00;color:#000;font-weight: 600;border: 1px solid #dddddd;border-radius:4px;font-size:12px;padding: 6px 0;\" class=\"uqr_code_btn\">Download QR<\/button>\r\n           <\/a><\/div><\/div><\/div><\/div>","protected":false},"excerpt":{"rendered":"<p>Du Sanctuaire de l&rsquo;Avvocata vers Monte Finestra. Notre voyage se poursuit avec les Monti del Demanio.<\/p>\n","protected":false},"author":3,"featured_media":4660,"comment_status":"open","ping_status":"closed","sticky":false,"template":"","format":"standard","meta":{"neve_meta_sidebar":"","neve_meta_container":"","neve_meta_enable_content_width":"","neve_meta_content_width":0,"neve_meta_title_alignment":"","neve_meta_author_avatar":"","neve_post_elements_order":"","neve_meta_disable_header":"","neve_meta_disable_footer":"","neve_meta_disable_title":"","neve_meta_reading_time":"","_themeisle_gutenberg_block_has_review":false,"jetpack_post_was_ever_published":false,"_jetpack_newsletter_access":"","_jetpack_dont_email_post_to_subs":false,"_jetpack_newsletter_tier_id":0,"_jetpack_memberships_contains_paywalled_content":false,"_jetpack_memberships_contains_paid_content":false,"footnotes":""},"categories":[268],"tags":[294,295,296],"class_list":["post-6586","post","type-post","status-publish","format-standard","has-post-thumbnail","hentry","category-visite-de-lalta-via-dei-monti-lattari","tag-avocat-du-mont","tag-montagnes-de-la-propriete-de-letat","tag-propriete-detat"],"yoast_head":"<!-- This site is optimized with the Yoast SEO plugin v27.4 - https:\/\/yoast.com\/product\/yoast-seo-wordpress\/ -->\n<title>4. Monts du Demanio (932 m) - Alta Via dei Monti Lattari<\/title>\n<meta name=\"description\" content=\"Du Sanctuaire de l&#039;Avvocata vers Monte Finestra. Notre voyage se poursuit avec les Monti del Demanio, un chemin imperm\u00e9able.\" \/>\n<meta name=\"robots\" content=\"index, follow, max-snippet:-1, max-image-preview:large, max-video-preview:-1\" \/>\n<link rel=\"canonical\" href=\"https:\/\/www.altaviadeimontilattari.it\/fr\/4-monts-du-demanio-932-m\/\" \/>\n<meta property=\"og:locale\" content=\"fr_FR\" \/>\n<meta property=\"og:type\" content=\"article\" \/>\n<meta property=\"og:title\" content=\"4. Monts du Demanio (932 m) - Alta Via dei Monti Lattari\" \/>\n<meta property=\"og:description\" content=\"Du Sanctuaire de l&#039;Avvocata vers Monte Finestra. Notre voyage se poursuit avec les Monti del Demanio, un chemin imperm\u00e9able.\" \/>\n<meta property=\"og:url\" content=\"https:\/\/www.altaviadeimontilattari.it\/fr\/4-monts-du-demanio-932-m\/\" \/>\n<meta property=\"og:site_name\" content=\"Alta Via dei Monti Lattari\" \/>\n<meta property=\"article:published_time\" content=\"2020-11-20T21:41:11+00:00\" \/>\n<meta property=\"article:modified_time\" content=\"2022-07-09T13:33:40+00:00\" \/>\n<meta property=\"og:image\" content=\"https:\/\/www.altaviadeimontilattari.it\/wp-content\/uploads\/2020\/12\/monti_del_demanio.jpg\" \/>\n\t<meta property=\"og:image:width\" content=\"1000\" \/>\n\t<meta property=\"og:image:height\" content=\"1000\" \/>\n\t<meta property=\"og:image:type\" content=\"image\/jpeg\" \/>\n<meta name=\"author\" content=\"Turismo.Ricercattiva\" \/>\n<meta name=\"twitter:card\" content=\"summary_large_image\" \/>\n<meta name=\"twitter:label1\" content=\"\u00c9crit par\" \/>\n\t<meta name=\"twitter:data1\" content=\"Turismo.Ricercattiva\" \/>\n\t<meta name=\"twitter:label2\" content=\"Dur\u00e9e de lecture estim\u00e9e\" \/>\n\t<meta name=\"twitter:data2\" content=\"1 minute\" \/>\n<script type=\"application\/ld+json\" class=\"yoast-schema-graph\">{\"@context\":\"https:\\\/\\\/schema.org\",\"@graph\":[{\"@type\":\"Article\",\"@id\":\"https:\\\/\\\/www.altaviadeimontilattari.it\\\/fr\\\/4-monts-du-demanio-932-m\\\/#article\",\"isPartOf\":{\"@id\":\"https:\\\/\\\/www.altaviadeimontilattari.it\\\/fr\\\/4-monts-du-demanio-932-m\\\/\"},\"author\":{\"name\":\"Turismo.Ricercattiva\",\"@id\":\"https:\\\/\\\/www.altaviadeimontilattari.it\\\/#\\\/schema\\\/person\\\/47c8033a7c6005363bf26047c156ed2c\"},\"headline\":\"4. Monts du Demanio (932 m)\",\"datePublished\":\"2020-11-20T21:41:11+00:00\",\"dateModified\":\"2022-07-09T13:33:40+00:00\",\"mainEntityOfPage\":{\"@id\":\"https:\\\/\\\/www.altaviadeimontilattari.it\\\/fr\\\/4-monts-du-demanio-932-m\\\/\"},\"wordCount\":279,\"commentCount\":0,\"publisher\":{\"@id\":\"https:\\\/\\\/www.altaviadeimontilattari.it\\\/#organization\"},\"image\":{\"@id\":\"https:\\\/\\\/www.altaviadeimontilattari.it\\\/fr\\\/4-monts-du-demanio-932-m\\\/#primaryimage\"},\"thumbnailUrl\":\"https:\\\/\\\/i0.wp.com\\\/www.altaviadeimontilattari.it\\\/wp-content\\\/uploads\\\/2020\\\/12\\\/monti_del_demanio.jpg?fit=1000%2C1000&ssl=1\",\"keywords\":[\"avocat du mont\",\"montagnes de la propri\u00e9t\u00e9 de l'\u00e9tat\",\"Propri\u00e9t\u00e9 d'\u00c9tat\"],\"articleSection\":[\"Visite de l'Alta Via dei Monti Lattari\"],\"inLanguage\":\"fr-FR\",\"potentialAction\":[{\"@type\":\"CommentAction\",\"name\":\"Comment\",\"target\":[\"https:\\\/\\\/www.altaviadeimontilattari.it\\\/fr\\\/4-monts-du-demanio-932-m\\\/#respond\"]}]},{\"@type\":\"WebPage\",\"@id\":\"https:\\\/\\\/www.altaviadeimontilattari.it\\\/fr\\\/4-monts-du-demanio-932-m\\\/\",\"url\":\"https:\\\/\\\/www.altaviadeimontilattari.it\\\/fr\\\/4-monts-du-demanio-932-m\\\/\",\"name\":\"4. Monts du Demanio (932 m) - Alta Via dei Monti Lattari\",\"isPartOf\":{\"@id\":\"https:\\\/\\\/www.altaviadeimontilattari.it\\\/#website\"},\"primaryImageOfPage\":{\"@id\":\"https:\\\/\\\/www.altaviadeimontilattari.it\\\/fr\\\/4-monts-du-demanio-932-m\\\/#primaryimage\"},\"image\":{\"@id\":\"https:\\\/\\\/www.altaviadeimontilattari.it\\\/fr\\\/4-monts-du-demanio-932-m\\\/#primaryimage\"},\"thumbnailUrl\":\"https:\\\/\\\/i0.wp.com\\\/www.altaviadeimontilattari.it\\\/wp-content\\\/uploads\\\/2020\\\/12\\\/monti_del_demanio.jpg?fit=1000%2C1000&ssl=1\",\"datePublished\":\"2020-11-20T21:41:11+00:00\",\"dateModified\":\"2022-07-09T13:33:40+00:00\",\"description\":\"Du Sanctuaire de l'Avvocata vers Monte Finestra. Notre voyage se poursuit avec les Monti del Demanio, un chemin imperm\u00e9able.\",\"breadcrumb\":{\"@id\":\"https:\\\/\\\/www.altaviadeimontilattari.it\\\/fr\\\/4-monts-du-demanio-932-m\\\/#breadcrumb\"},\"inLanguage\":\"fr-FR\",\"potentialAction\":[{\"@type\":\"ReadAction\",\"target\":[\"https:\\\/\\\/www.altaviadeimontilattari.it\\\/fr\\\/4-monts-du-demanio-932-m\\\/\"]}]},{\"@type\":\"ImageObject\",\"inLanguage\":\"fr-FR\",\"@id\":\"https:\\\/\\\/www.altaviadeimontilattari.it\\\/fr\\\/4-monts-du-demanio-932-m\\\/#primaryimage\",\"url\":\"https:\\\/\\\/i0.wp.com\\\/www.altaviadeimontilattari.it\\\/wp-content\\\/uploads\\\/2020\\\/12\\\/monti_del_demanio.jpg?fit=1000%2C1000&ssl=1\",\"contentUrl\":\"https:\\\/\\\/i0.wp.com\\\/www.altaviadeimontilattari.it\\\/wp-content\\\/uploads\\\/2020\\\/12\\\/monti_del_demanio.jpg?fit=1000%2C1000&ssl=1\",\"width\":1000,\"height\":1000},{\"@type\":\"BreadcrumbList\",\"@id\":\"https:\\\/\\\/www.altaviadeimontilattari.it\\\/fr\\\/4-monts-du-demanio-932-m\\\/#breadcrumb\",\"itemListElement\":[{\"@type\":\"ListItem\",\"position\":1,\"name\":\"Home\",\"item\":\"https:\\\/\\\/www.altaviadeimontilattari.it\\\/es\\\/\"},{\"@type\":\"ListItem\",\"position\":2,\"name\":\"4. Monts du Demanio (932 m)\"}]},{\"@type\":\"WebSite\",\"@id\":\"https:\\\/\\\/www.altaviadeimontilattari.it\\\/#website\",\"url\":\"https:\\\/\\\/www.altaviadeimontilattari.it\\\/\",\"name\":\"Alta Via dei Monti Lattari\",\"description\":\"La montagna \u00e8 un modo di vivere la vita.\",\"publisher\":{\"@id\":\"https:\\\/\\\/www.altaviadeimontilattari.it\\\/#organization\"},\"potentialAction\":[{\"@type\":\"SearchAction\",\"target\":{\"@type\":\"EntryPoint\",\"urlTemplate\":\"https:\\\/\\\/www.altaviadeimontilattari.it\\\/?s={search_term_string}\"},\"query-input\":{\"@type\":\"PropertyValueSpecification\",\"valueRequired\":true,\"valueName\":\"search_term_string\"}}],\"inLanguage\":\"fr-FR\"},{\"@type\":\"Organization\",\"@id\":\"https:\\\/\\\/www.altaviadeimontilattari.it\\\/#organization\",\"name\":\"Alta Via dei Monti Lattari\",\"url\":\"https:\\\/\\\/www.altaviadeimontilattari.it\\\/\",\"logo\":{\"@type\":\"ImageObject\",\"inLanguage\":\"fr-FR\",\"@id\":\"https:\\\/\\\/www.altaviadeimontilattari.it\\\/#\\\/schema\\\/logo\\\/image\\\/\",\"url\":\"https:\\\/\\\/i0.wp.com\\\/www.altaviadeimontilattari.it\\\/wp-content\\\/uploads\\\/2020\\\/12\\\/alta_via_monyi_lattari_logo.png?fit=325%2C100&ssl=1\",\"contentUrl\":\"https:\\\/\\\/i0.wp.com\\\/www.altaviadeimontilattari.it\\\/wp-content\\\/uploads\\\/2020\\\/12\\\/alta_via_monyi_lattari_logo.png?fit=325%2C100&ssl=1\",\"width\":325,\"height\":100,\"caption\":\"Alta Via dei Monti Lattari\"},\"image\":{\"@id\":\"https:\\\/\\\/www.altaviadeimontilattari.it\\\/#\\\/schema\\\/logo\\\/image\\\/\"}},{\"@type\":\"Person\",\"@id\":\"https:\\\/\\\/www.altaviadeimontilattari.it\\\/#\\\/schema\\\/person\\\/47c8033a7c6005363bf26047c156ed2c\",\"name\":\"Turismo.Ricercattiva\",\"image\":{\"@type\":\"ImageObject\",\"inLanguage\":\"fr-FR\",\"@id\":\"https:\\\/\\\/secure.gravatar.com\\\/avatar\\\/da245a1cae9c81db24d2b96301301cb5f0847cd0f266ee5b9deb95611bf13d92?s=96&d=mm&r=g\",\"url\":\"https:\\\/\\\/secure.gravatar.com\\\/avatar\\\/da245a1cae9c81db24d2b96301301cb5f0847cd0f266ee5b9deb95611bf13d92?s=96&d=mm&r=g\",\"contentUrl\":\"https:\\\/\\\/secure.gravatar.com\\\/avatar\\\/da245a1cae9c81db24d2b96301301cb5f0847cd0f266ee5b9deb95611bf13d92?s=96&d=mm&r=g\",\"caption\":\"Turismo.Ricercattiva\"},\"sameAs\":[\"http:\\\/\\\/turismo.ricercattiva.it\"],\"url\":\"https:\\\/\\\/www.altaviadeimontilattari.it\\\/fr\\\/author\\\/turismo-ricercattiva\\\/\"}]}<\/script>\n<!-- \/ Yoast SEO plugin. -->","yoast_head_json":{"title":"4. Monts du Demanio (932 m) - Alta Via dei Monti Lattari","description":"Du Sanctuaire de l'Avvocata vers Monte Finestra. Notre voyage se poursuit avec les Monti del Demanio, un chemin imperm\u00e9able.","robots":{"index":"index","follow":"follow","max-snippet":"max-snippet:-1","max-image-preview":"max-image-preview:large","max-video-preview":"max-video-preview:-1"},"canonical":"https:\/\/www.altaviadeimontilattari.it\/fr\/4-monts-du-demanio-932-m\/","og_locale":"fr_FR","og_type":"article","og_title":"4. Monts du Demanio (932 m) - Alta Via dei Monti Lattari","og_description":"Du Sanctuaire de l'Avvocata vers Monte Finestra. Notre voyage se poursuit avec les Monti del Demanio, un chemin imperm\u00e9able.","og_url":"https:\/\/www.altaviadeimontilattari.it\/fr\/4-monts-du-demanio-932-m\/","og_site_name":"Alta Via dei Monti Lattari","article_published_time":"2020-11-20T21:41:11+00:00","article_modified_time":"2022-07-09T13:33:40+00:00","og_image":[{"width":1000,"height":1000,"url":"https:\/\/www.altaviadeimontilattari.it\/wp-content\/uploads\/2020\/12\/monti_del_demanio.jpg","type":"image\/jpeg"}],"author":"Turismo.Ricercattiva","twitter_card":"summary_large_image","twitter_misc":{"\u00c9crit par":"Turismo.Ricercattiva","Dur\u00e9e de lecture estim\u00e9e":"1 minute"},"schema":{"@context":"https:\/\/schema.org","@graph":[{"@type":"Article","@id":"https:\/\/www.altaviadeimontilattari.it\/fr\/4-monts-du-demanio-932-m\/#article","isPartOf":{"@id":"https:\/\/www.altaviadeimontilattari.it\/fr\/4-monts-du-demanio-932-m\/"},"author":{"name":"Turismo.Ricercattiva","@id":"https:\/\/www.altaviadeimontilattari.it\/#\/schema\/person\/47c8033a7c6005363bf26047c156ed2c"},"headline":"4. Monts du Demanio (932 m)","datePublished":"2020-11-20T21:41:11+00:00","dateModified":"2022-07-09T13:33:40+00:00","mainEntityOfPage":{"@id":"https:\/\/www.altaviadeimontilattari.it\/fr\/4-monts-du-demanio-932-m\/"},"wordCount":279,"commentCount":0,"publisher":{"@id":"https:\/\/www.altaviadeimontilattari.it\/#organization"},"image":{"@id":"https:\/\/www.altaviadeimontilattari.it\/fr\/4-monts-du-demanio-932-m\/#primaryimage"},"thumbnailUrl":"https:\/\/i0.wp.com\/www.altaviadeimontilattari.it\/wp-content\/uploads\/2020\/12\/monti_del_demanio.jpg?fit=1000%2C1000&ssl=1","keywords":["avocat du mont","montagnes de la propri\u00e9t\u00e9 de l'\u00e9tat","Propri\u00e9t\u00e9 d'\u00c9tat"],"articleSection":["Visite de l'Alta Via dei Monti Lattari"],"inLanguage":"fr-FR","potentialAction":[{"@type":"CommentAction","name":"Comment","target":["https:\/\/www.altaviadeimontilattari.it\/fr\/4-monts-du-demanio-932-m\/#respond"]}]},{"@type":"WebPage","@id":"https:\/\/www.altaviadeimontilattari.it\/fr\/4-monts-du-demanio-932-m\/","url":"https:\/\/www.altaviadeimontilattari.it\/fr\/4-monts-du-demanio-932-m\/","name":"4. Monts du Demanio (932 m) - Alta Via dei Monti Lattari","isPartOf":{"@id":"https:\/\/www.altaviadeimontilattari.it\/#website"},"primaryImageOfPage":{"@id":"https:\/\/www.altaviadeimontilattari.it\/fr\/4-monts-du-demanio-932-m\/#primaryimage"},"image":{"@id":"https:\/\/www.altaviadeimontilattari.it\/fr\/4-monts-du-demanio-932-m\/#primaryimage"},"thumbnailUrl":"https:\/\/i0.wp.com\/www.altaviadeimontilattari.it\/wp-content\/uploads\/2020\/12\/monti_del_demanio.jpg?fit=1000%2C1000&ssl=1","datePublished":"2020-11-20T21:41:11+00:00","dateModified":"2022-07-09T13:33:40+00:00","description":"Du Sanctuaire de l'Avvocata vers Monte Finestra. Notre voyage se poursuit avec les Monti del Demanio, un chemin imperm\u00e9able.","breadcrumb":{"@id":"https:\/\/www.altaviadeimontilattari.it\/fr\/4-monts-du-demanio-932-m\/#breadcrumb"},"inLanguage":"fr-FR","potentialAction":[{"@type":"ReadAction","target":["https:\/\/www.altaviadeimontilattari.it\/fr\/4-monts-du-demanio-932-m\/"]}]},{"@type":"ImageObject","inLanguage":"fr-FR","@id":"https:\/\/www.altaviadeimontilattari.it\/fr\/4-monts-du-demanio-932-m\/#primaryimage","url":"https:\/\/i0.wp.com\/www.altaviadeimontilattari.it\/wp-content\/uploads\/2020\/12\/monti_del_demanio.jpg?fit=1000%2C1000&ssl=1","contentUrl":"https:\/\/i0.wp.com\/www.altaviadeimontilattari.it\/wp-content\/uploads\/2020\/12\/monti_del_demanio.jpg?fit=1000%2C1000&ssl=1","width":1000,"height":1000},{"@type":"BreadcrumbList","@id":"https:\/\/www.altaviadeimontilattari.it\/fr\/4-monts-du-demanio-932-m\/#breadcrumb","itemListElement":[{"@type":"ListItem","position":1,"name":"Home","item":"https:\/\/www.altaviadeimontilattari.it\/es\/"},{"@type":"ListItem","position":2,"name":"4. Monts du Demanio (932 m)"}]},{"@type":"WebSite","@id":"https:\/\/www.altaviadeimontilattari.it\/#website","url":"https:\/\/www.altaviadeimontilattari.it\/","name":"Alta Via dei Monti Lattari","description":"La montagna \u00e8 un modo di vivere la vita.","publisher":{"@id":"https:\/\/www.altaviadeimontilattari.it\/#organization"},"potentialAction":[{"@type":"SearchAction","target":{"@type":"EntryPoint","urlTemplate":"https:\/\/www.altaviadeimontilattari.it\/?s={search_term_string}"},"query-input":{"@type":"PropertyValueSpecification","valueRequired":true,"valueName":"search_term_string"}}],"inLanguage":"fr-FR"},{"@type":"Organization","@id":"https:\/\/www.altaviadeimontilattari.it\/#organization","name":"Alta Via dei Monti Lattari","url":"https:\/\/www.altaviadeimontilattari.it\/","logo":{"@type":"ImageObject","inLanguage":"fr-FR","@id":"https:\/\/www.altaviadeimontilattari.it\/#\/schema\/logo\/image\/","url":"https:\/\/i0.wp.com\/www.altaviadeimontilattari.it\/wp-content\/uploads\/2020\/12\/alta_via_monyi_lattari_logo.png?fit=325%2C100&ssl=1","contentUrl":"https:\/\/i0.wp.com\/www.altaviadeimontilattari.it\/wp-content\/uploads\/2020\/12\/alta_via_monyi_lattari_logo.png?fit=325%2C100&ssl=1","width":325,"height":100,"caption":"Alta Via dei Monti Lattari"},"image":{"@id":"https:\/\/www.altaviadeimontilattari.it\/#\/schema\/logo\/image\/"}},{"@type":"Person","@id":"https:\/\/www.altaviadeimontilattari.it\/#\/schema\/person\/47c8033a7c6005363bf26047c156ed2c","name":"Turismo.Ricercattiva","image":{"@type":"ImageObject","inLanguage":"fr-FR","@id":"https:\/\/secure.gravatar.com\/avatar\/da245a1cae9c81db24d2b96301301cb5f0847cd0f266ee5b9deb95611bf13d92?s=96&d=mm&r=g","url":"https:\/\/secure.gravatar.com\/avatar\/da245a1cae9c81db24d2b96301301cb5f0847cd0f266ee5b9deb95611bf13d92?s=96&d=mm&r=g","contentUrl":"https:\/\/secure.gravatar.com\/avatar\/da245a1cae9c81db24d2b96301301cb5f0847cd0f266ee5b9deb95611bf13d92?s=96&d=mm&r=g","caption":"Turismo.Ricercattiva"},"sameAs":["http:\/\/turismo.ricercattiva.it"],"url":"https:\/\/www.altaviadeimontilattari.it\/fr\/author\/turismo-ricercattiva\/"}]}},"jetpack_featured_media_url":"https:\/\/i0.wp.com\/www.altaviadeimontilattari.it\/wp-content\/uploads\/2020\/12\/monti_del_demanio.jpg?fit=1000%2C1000&ssl=1","jetpack-related-posts":[{"id":6594,"url":"https:\/\/www.altaviadeimontilattari.it\/fr\/3-monte-dellavvocata-santuario-865-m\/","url_meta":{"origin":6586,"position":0},"title":"3. Monte dell\u2019Avvocata \u2013 Santuario (865 m)","author":"Turismo.Ricercattiva","date":"20 novembre 2020","format":false,"excerpt":"Une halte de rafra\u00eechissement pour le corps et l'esprit est le sanctuaire pr\u00e8s du mont dell'Avvocata, pr\u00e9cis\u00e9ment suspendu \u00e0 un sommet du mont Falerzio.","rel":"","context":"Dans &quot;Visite de l'Alta Via dei Monti Lattari&quot;","block_context":{"text":"Visite de l'Alta Via dei Monti Lattari","link":"https:\/\/www.altaviadeimontilattari.it\/fr\/category\/visite-de-lalta-via-dei-monti-lattari\/"},"img":{"alt_text":"","src":"https:\/\/i0.wp.com\/www.altaviadeimontilattari.it\/wp-content\/uploads\/2020\/12\/monte_avvocata-1.jpg?fit=1000%2C1000&ssl=1&resize=350%2C200","width":350,"height":200,"srcset":"https:\/\/i0.wp.com\/www.altaviadeimontilattari.it\/wp-content\/uploads\/2020\/12\/monte_avvocata-1.jpg?fit=1000%2C1000&ssl=1&resize=350%2C200 1x, https:\/\/i0.wp.com\/www.altaviadeimontilattari.it\/wp-content\/uploads\/2020\/12\/monte_avvocata-1.jpg?fit=1000%2C1000&ssl=1&resize=525%2C300 1.5x, https:\/\/i0.wp.com\/www.altaviadeimontilattari.it\/wp-content\/uploads\/2020\/12\/monte_avvocata-1.jpg?fit=1000%2C1000&ssl=1&resize=700%2C400 2x"},"classes":[]},{"id":6404,"url":"https:\/\/www.altaviadeimontilattari.it\/fr\/3-de-cetara-sur-les-monti-del-demanio\/","url_meta":{"origin":6586,"position":1},"title":"3. De Cetara sur les Monti del Demanio","author":"","date":"4 f\u00e9vrier 2022","format":false,"excerpt":"En passant par le mont Falerio - Capella Vecchia - Sanctuaire de l'Avvocata - Vallone San Nicola - Piano di Viesto Dur\u00e9e\u00a0: 10,0\u00a0km Temps de trajet : 6h 30' Parcours - Marche assez longue avec un d\u00e9nivel\u00e9 de 900 m\u00e8tres. Plus adapt\u00e9 au randonneur habituel et entra\u00een\u00e9.\r Approche - Le\u2026","rel":"","context":"Dans &quot;Les sentiers&quot;","block_context":{"text":"Les sentiers","link":"https:\/\/www.altaviadeimontilattari.it\/fr\/category\/les-sentiers\/"},"img":{"alt_text":"","src":"https:\/\/i0.wp.com\/www.altaviadeimontilattari.it\/wp-content\/uploads\/2022\/03\/IMG_36421-scaled.jpg?resize=350%2C200&ssl=1","width":350,"height":200,"srcset":"https:\/\/i0.wp.com\/www.altaviadeimontilattari.it\/wp-content\/uploads\/2022\/03\/IMG_36421-scaled.jpg?resize=350%2C200&ssl=1 1x, https:\/\/i0.wp.com\/www.altaviadeimontilattari.it\/wp-content\/uploads\/2022\/03\/IMG_36421-scaled.jpg?resize=525%2C300&ssl=1 1.5x, https:\/\/i0.wp.com\/www.altaviadeimontilattari.it\/wp-content\/uploads\/2022\/03\/IMG_36421-scaled.jpg?resize=700%2C400&ssl=1 2x, https:\/\/i0.wp.com\/www.altaviadeimontilattari.it\/wp-content\/uploads\/2022\/03\/IMG_36421-scaled.jpg?resize=1050%2C600&ssl=1 3x, https:\/\/i0.wp.com\/www.altaviadeimontilattari.it\/wp-content\/uploads\/2022\/03\/IMG_36421-scaled.jpg?resize=1400%2C800&ssl=1 4x"},"classes":[]},{"id":6602,"url":"https:\/\/www.altaviadeimontilattari.it\/fr\/2-acquafredda-897-m\/","url_meta":{"origin":6586,"position":2},"title":"2. Acquafredda (897 m)","author":"Turismo.Ricercattiva","date":"20 novembre 2020","format":false,"excerpt":"La source Acquafredda, \u00e9galement connue sous le nom de \"Scetate qui est juorno\", est une localit\u00e9 situ\u00e9e pr\u00e8s du Monte dell'Avvocata.","rel":"","context":"Dans &quot;Visite de l'Alta Via dei Monti Lattari&quot;","block_context":{"text":"Visite de l'Alta Via dei Monti Lattari","link":"https:\/\/www.altaviadeimontilattari.it\/fr\/category\/visite-de-lalta-via-dei-monti-lattari\/"},"img":{"alt_text":"","src":"https:\/\/i0.wp.com\/www.altaviadeimontilattari.it\/wp-content\/uploads\/2020\/12\/IMG_20201031_074335.jpg?fit=1000%2C1000&ssl=1&resize=350%2C200","width":350,"height":200,"srcset":"https:\/\/i0.wp.com\/www.altaviadeimontilattari.it\/wp-content\/uploads\/2020\/12\/IMG_20201031_074335.jpg?fit=1000%2C1000&ssl=1&resize=350%2C200 1x, https:\/\/i0.wp.com\/www.altaviadeimontilattari.it\/wp-content\/uploads\/2020\/12\/IMG_20201031_074335.jpg?fit=1000%2C1000&ssl=1&resize=525%2C300 1.5x, https:\/\/i0.wp.com\/www.altaviadeimontilattari.it\/wp-content\/uploads\/2020\/12\/IMG_20201031_074335.jpg?fit=1000%2C1000&ssl=1&resize=700%2C400 2x"},"classes":[]},{"id":6396,"url":"https:\/\/www.altaviadeimontilattari.it\/fr\/4-de-maiori-a-erchie\/","url_meta":{"origin":6586,"position":3},"title":"4. De Maiori \u00e0 Erchie","author":"","date":"8 f\u00e9vrier 2022","format":false,"excerpt":"Maiori - Sanctuaire de l'Avvocata -Vallone San Nicola -Erchie Dur\u00e9e : 8,2 km Temps de voyage : 6h 30' Itin\u00e9raire - 840 m\u00e8tres de d\u00e9nivel\u00e9 et plus de 9 kilom\u00e8tres \u00e0 parcourir rendent cet itin\u00e9raire difficile. Pas de difficult\u00e9s techniques mais bon entra\u00eenement.\r Logistique - En transports en commun :\u2026","rel":"","context":"Dans &quot;Les sentiers&quot;","block_context":{"text":"Les sentiers","link":"https:\/\/www.altaviadeimontilattari.it\/fr\/category\/les-sentiers\/"},"img":{"alt_text":"","src":"https:\/\/i0.wp.com\/www.altaviadeimontilattari.it\/wp-content\/uploads\/2022\/03\/IMG_36431-scaled.jpg?resize=350%2C200&ssl=1","width":350,"height":200,"srcset":"https:\/\/i0.wp.com\/www.altaviadeimontilattari.it\/wp-content\/uploads\/2022\/03\/IMG_36431-scaled.jpg?resize=350%2C200&ssl=1 1x, https:\/\/i0.wp.com\/www.altaviadeimontilattari.it\/wp-content\/uploads\/2022\/03\/IMG_36431-scaled.jpg?resize=525%2C300&ssl=1 1.5x, https:\/\/i0.wp.com\/www.altaviadeimontilattari.it\/wp-content\/uploads\/2022\/03\/IMG_36431-scaled.jpg?resize=700%2C400&ssl=1 2x, https:\/\/i0.wp.com\/www.altaviadeimontilattari.it\/wp-content\/uploads\/2022\/03\/IMG_36431-scaled.jpg?resize=1050%2C600&ssl=1 3x, https:\/\/i0.wp.com\/www.altaviadeimontilattari.it\/wp-content\/uploads\/2022\/03\/IMG_36431-scaled.jpg?resize=1400%2C800&ssl=1 4x"},"classes":[]},{"id":6412,"url":"https:\/\/www.altaviadeimontilattari.it\/fr\/2-de-la-badia-della-santissima-trinita-ou-de-iaconti-au-sanctuaire-de-lavvocata\/","url_meta":{"origin":6586,"position":4},"title":"2. De la Badia della Santissima Trinit\u00e0 ou de Iaconti au Sanctuaire de l&rsquo;Avvocata","author":"","date":"4 f\u00e9vrier 2022","format":false,"excerpt":"Dur\u00e9e : 11,4 km Temps de trajet : 7h 00 ' Itin\u00e9raire - Sans grande difficult\u00e9\r mais longtemps.\r Approche - Cava dei Tirreni\r il est facilement accessible par la route (A3) depuis Salerne et Naples. Salerne est d'abord accessible depuis les villes c\u00f4ti\u00e8res. Depuis le p\u00e9age de l'autoroute Cava dei\u2026","rel":"","context":"Dans &quot;Les sentiers&quot;","block_context":{"text":"Les sentiers","link":"https:\/\/www.altaviadeimontilattari.it\/fr\/category\/les-sentiers\/"},"img":{"alt_text":"","src":"https:\/\/i0.wp.com\/www.altaviadeimontilattari.it\/wp-content\/uploads\/2022\/03\/IMG_36411-scaled.jpg?resize=350%2C200&ssl=1","width":350,"height":200,"srcset":"https:\/\/i0.wp.com\/www.altaviadeimontilattari.it\/wp-content\/uploads\/2022\/03\/IMG_36411-scaled.jpg?resize=350%2C200&ssl=1 1x, https:\/\/i0.wp.com\/www.altaviadeimontilattari.it\/wp-content\/uploads\/2022\/03\/IMG_36411-scaled.jpg?resize=525%2C300&ssl=1 1.5x, https:\/\/i0.wp.com\/www.altaviadeimontilattari.it\/wp-content\/uploads\/2022\/03\/IMG_36411-scaled.jpg?resize=700%2C400&ssl=1 2x, https:\/\/i0.wp.com\/www.altaviadeimontilattari.it\/wp-content\/uploads\/2022\/03\/IMG_36411-scaled.jpg?resize=1050%2C600&ssl=1 3x, https:\/\/i0.wp.com\/www.altaviadeimontilattari.it\/wp-content\/uploads\/2022\/03\/IMG_36411-scaled.jpg?resize=1400%2C800&ssl=1 4x"},"classes":[]},{"id":6562,"url":"https:\/\/www.altaviadeimontilattari.it\/fr\/7-mont-cerreto-1316-m\/","url_meta":{"origin":6586,"position":5},"title":"7. Mont Cerreto (1316 m)","author":"Turismo.Ricercattiva","date":"20 novembre 2020","format":false,"excerpt":"Monte Cerreto , 1316m de haut, est le deuxi\u00e8me sommet des Monts Lattari, d\u00e9pass\u00e9 seulement par le groupe Sant'Angelo a 3 Pizzi culminant \u00e0 < strong > Monte San Michele (1443,6m) , mieux connu sous le nom de Molare . Le chemin principal de l'Alta Via dei Monti Lattari traverse\u2026","rel":"","context":"Dans &quot;Visite de l'Alta Via dei Monti Lattari&quot;","block_context":{"text":"Visite de l'Alta Via dei Monti Lattari","link":"https:\/\/www.altaviadeimontilattari.it\/fr\/category\/visite-de-lalta-via-dei-monti-lattari\/"},"img":{"alt_text":"","src":"https:\/\/i0.wp.com\/www.altaviadeimontilattari.it\/wp-content\/uploads\/2020\/12\/monte-cerreto.jpg?fit=1000%2C1000&ssl=1&resize=350%2C200","width":350,"height":200,"srcset":"https:\/\/i0.wp.com\/www.altaviadeimontilattari.it\/wp-content\/uploads\/2020\/12\/monte-cerreto.jpg?fit=1000%2C1000&ssl=1&resize=350%2C200 1x, https:\/\/i0.wp.com\/www.altaviadeimontilattari.it\/wp-content\/uploads\/2020\/12\/monte-cerreto.jpg?fit=1000%2C1000&ssl=1&resize=525%2C300 1.5x, https:\/\/i0.wp.com\/www.altaviadeimontilattari.it\/wp-content\/uploads\/2020\/12\/monte-cerreto.jpg?fit=1000%2C1000&ssl=1&resize=700%2C400 2x"},"classes":[]}],"jetpack_shortlink":"https:\/\/wp.me\/pcGNaV-1Ie","jetpack_sharing_enabled":true,"_links":{"self":[{"href":"https:\/\/www.altaviadeimontilattari.it\/fr\/wp-json\/wp\/v2\/posts\/6586","targetHints":{"allow":["GET"]}}],"collection":[{"href":"https:\/\/www.altaviadeimontilattari.it\/fr\/wp-json\/wp\/v2\/posts"}],"about":[{"href":"https:\/\/www.altaviadeimontilattari.it\/fr\/wp-json\/wp\/v2\/types\/post"}],"author":[{"embeddable":true,"href":"https:\/\/www.altaviadeimontilattari.it\/fr\/wp-json\/wp\/v2\/users\/3"}],"replies":[{"embeddable":true,"href":"https:\/\/www.altaviadeimontilattari.it\/fr\/wp-json\/wp\/v2\/comments?post=6586"}],"version-history":[{"count":1,"href":"https:\/\/www.altaviadeimontilattari.it\/fr\/wp-json\/wp\/v2\/posts\/6586\/revisions"}],"predecessor-version":[{"id":6587,"href":"https:\/\/www.altaviadeimontilattari.it\/fr\/wp-json\/wp\/v2\/posts\/6586\/revisions\/6587"}],"wp:featuredmedia":[{"embeddable":true,"href":"https:\/\/www.altaviadeimontilattari.it\/fr\/wp-json\/wp\/v2\/media\/4660"}],"wp:attachment":[{"href":"https:\/\/www.altaviadeimontilattari.it\/fr\/wp-json\/wp\/v2\/media?parent=6586"}],"wp:term":[{"taxonomy":"category","embeddable":true,"href":"https:\/\/www.altaviadeimontilattari.it\/fr\/wp-json\/wp\/v2\/categories?post=6586"},{"taxonomy":"post_tag","embeddable":true,"href":"https:\/\/www.altaviadeimontilattari.it\/fr\/wp-json\/wp\/v2\/tags?post=6586"}],"curies":[{"name":"wp","href":"https:\/\/api.w.org\/{rel}","templated":true}]}}